{"id":39117,"date":"2014-09-03T10:41:09","date_gmt":"2014-09-03T13:41:09","guid":{"rendered":"http:\/\/aconteceunovale.com.br\/portal\/?p=39117"},"modified":"2014-09-03T10:41:09","modified_gmt":"2014-09-03T13:41:09","slug":"homem-morre-em-colisao-frontal-entre-onibus-e-carro-na-br-116","status":"publish","type":"post","link":"https:\/\/aconteceunovale.com.br\/portal\/?p=39117","title":{"rendered":"Homem morre em colis\u00e3o frontal entre \u00f4nibus e carro na BR-116"},"content":{"rendered":"<h4><em><strong>Segundo a PRF, o condutor perdeu o controle da dire\u00e7\u00e3o na curva, invadindo a contram\u00e3o de dire\u00e7\u00e3o e atingiu o \u00f4nibus. Chovia no momento do acidente<\/strong><\/em><\/h4>\n<p>Um motorista de 20 anos morreu em uma colis\u00e3o frontal entre um carro e um \u00f4nibus, na BR-116, em Leopoldina, na Zona da Mata, na altura do trevo que d\u00e1 acesso a Cataguases, na manh\u00e3 desta quarta-feira (3). No momento do acidente, chovia pouco, mas a pista estava molhada.<\/p>\n<p>De acordo com a Pol\u00edcia Rodovi\u00e1ria Federal (PRF), a batida foi na altura do km 765, pr\u00f3ximo a BR-120. O condutor do Palio W.S.V. perdeu o controle da dire\u00e7\u00e3o, invadiu a contram\u00e3o de dire\u00e7\u00e3o e atingiu o \u00f4nibus. Ele estava sozinho no ve\u00edculo e morreu na hora.<\/p>\n<p>O \u00f4nibus de viagem seguia de Campinas (SP) para Salvador (BA) e o carro de Muria\u00e9 para o Sul de Minas. Ainda, duas pessoas, que estavam no coletivo, ficaram feridas levemente e foram socorridas por equipes do Servi\u00e7o de Atendimento M\u00f3vel de Urg\u00eancia (Samu) e do Corpo de Bombeiros para a Casa de Caridade Leopoldinense. <\/p>\n<p>A pista chegou a ficar parcialmente interdita para remo\u00e7\u00e3o dos ve\u00edculos, mas n\u00e3o houve registro de congestionamento. O Palio teve perda total.<\/p>\n<p><img decoding=\"async\" src=\"http:\/\/aconteceunovale.com.br\/portal\/wp-content\/uploads\/2014\/09\/acidente_116_leopoldina_1.jpg\" alt=\"\" \/><em>Ve\u00edculo bateu de frente com um \u00f4nibus &#8211; Foto: Divulga\u00e7\u00e3o\/PRF<\/em><br \/>\n<\/br><\/p>\n<p><img decoding=\"async\" src=\"http:\/\/aconteceunovale.com.br\/portal\/wp-content\/uploads\/2014\/09\/acidente_116_leopoldina_2.jpg\" alt=\"\" \/><em>Motorista do carro de passeio morreu no local &#8211; Foto: Divulga\u00e7\u00e3o\/PRF<\/em><br \/>\n<\/br><\/p>\n<p><strong>(O Tempo)<\/strong><\/p>\n","protected":false},"excerpt":{"rendered":"<p>Segundo a PRF, o condutor perdeu o controle da dire\u00e7\u00e3o na curva, invadindo a contram\u00e3o de dire\u00e7\u00e3o e atingiu o \u00f4nibus. Chovia no momento do acidente Um motorista de 20 anos morreu em uma colis\u00e3o frontal entre um carro e um \u00f4nibus, na BR-116, em Leopoldina, na Zona da Mata, na altura do trevo que [&hellip;]<\/p>\n","protected":false},"author":1,"featured_media":39118,"comment_status":"open","ping_status":"closed","sticky":false,"template":"","format":"standard","meta":{"amp_status":"","footnotes":""},"categories":[123],"tags":[15252,15251,208,1502],"class_list":["post-39117","post","type-post","status-publish","format-standard","has-post-thumbnail","hentry","category-gerais","tag-acidente-com-onibus-da-sao-geraldo-em-leopoldina","tag-homem-morre-em-colisao-frontal-entre-onibus-e-carro-na-br-116","tag-leopoldina","tag-muriae"],"_links":{"self":[{"href":"https:\/\/aconteceunovale.com.br\/portal\/index.php?rest_route=\/wp\/v2\/posts\/39117","targetHints":{"allow":["GET"]}}],"collection":[{"href":"https:\/\/aconteceunovale.com.br\/portal\/index.php?rest_route=\/wp\/v2\/posts"}],"about":[{"href":"https:\/\/aconteceunovale.com.br\/portal\/index.php?rest_route=\/wp\/v2\/types\/post"}],"author":[{"embeddable":true,"href":"https:\/\/aconteceunovale.com.br\/portal\/index.php?rest_route=\/wp\/v2\/users\/1"}],"replies":[{"embeddable":true,"href":"https:\/\/aconteceunovale.com.br\/portal\/index.php?rest_route=%2Fwp%2Fv2%2Fcomments&post=39117"}],"version-history":[{"count":0,"href":"https:\/\/aconteceunovale.com.br\/portal\/index.php?rest_route=\/wp\/v2\/posts\/39117\/revisions"}],"wp:featuredmedia":[{"embeddable":true,"href":"https:\/\/aconteceunovale.com.br\/portal\/index.php?rest_route=\/wp\/v2\/media\/39118"}],"wp:attachment":[{"href":"https:\/\/aconteceunovale.com.br\/portal\/index.php?rest_route=%2Fwp%2Fv2%2Fmedia&parent=39117"}],"wp:term":[{"taxonomy":"category","embeddable":true,"href":"https:\/\/aconteceunovale.com.br\/portal\/index.php?rest_route=%2Fwp%2Fv2%2Fcategories&post=39117"},{"taxonomy":"post_tag","embeddable":true,"href":"https:\/\/aconteceunovale.com.br\/portal\/index.php?rest_route=%2Fwp%2Fv2%2Ftags&post=39117"}],"curies":[{"name":"wp","href":"https:\/\/api.w.org\/{rel}","templated":true}]}}