{"id":39112,"date":"2014-09-03T10:25:26","date_gmt":"2014-09-03T13:25:26","guid":{"rendered":"http:\/\/aconteceunovale.com.br\/portal\/?p=39112"},"modified":"2014-09-03T10:30:42","modified_gmt":"2014-09-03T13:30:42","slug":"39112","status":"publish","type":"post","link":"https:\/\/aconteceunovale.com.br\/portal\/?p=39112","title":{"rendered":"Mais um jornalista norte-americano \u00e9 executado por terroristas do Estado Isl\u00e2mico"},"content":{"rendered":"<h4><em><strong>Grupo radical j\u00e1 havia registrado assassinato de outro jornalista americano. Novas imagens alertam governos contra &#8216;alian\u00e7a mal\u00e9vola com a Am\u00e9rica&#8217;.<\/strong><\/em><\/h4>\n<p>O v\u00eddeo divulgado pelo grupo radical Estado Isl\u00e2mico que mostra a decapita\u00e7\u00e3o do jornalista norte-americano Steven Sotloff \u00e9 aut\u00eantico, disse a porta-voz do Conselho de Seguran\u00e7a Nacional dos Estados Unidos, Caitlin Hayden, nesta quarta-feira (3).<\/p>\n<p>&#8220;A comunidade de intelig\u00eancia dos EUA analisou o v\u00eddeo recentemente divulgado que mostra o cidad\u00e3o norte-americano Steve Sotloff e chegou \u00e0 conclus\u00e3o de que \u00e9 aut\u00eantico&#8221;, disse Hayden em um comunicado.<\/p>\n<p><img decoding=\"async\" src=\"http:\/\/aconteceunovale.com.br\/portal\/wp-content\/uploads\/2014\/09\/ameaca_terrorista_oriente_1.jpg\" alt=\"\" \/><em>(O jornalista Steven Sotloff foi executado por um terrorista do Estado Isl\u00e2mico &#8211; Foto: Divulga\u00e7\u00e3o)<\/em><br \/>\n<\/br><\/p>\n<p>O presidente dos EUA, Barack Obama, est\u00e1 na Est\u00f4nia, antes de seguir ainda esta semana para uma reuni\u00e3o de c\u00fapula da Otan no Pa\u00eds de Gales.<\/p>\n<p>O v\u00eddeo, al\u00e9m de mostrar o que seria a decapita\u00e7\u00e3o de Sotloff, de 31 anos, alerta governos para que se afastem dessa &#8220;mal\u00e9vola alian\u00e7a com a Am\u00e9rica contra o estado Isl\u00e2mico&#8221; e amea\u00e7a um ref\u00e9m brit\u00e2nico identificado como David Haines. Segundo a ag\u00eancia France Presse, o autor do assassinato afirma: &#8220;Estou de volta, Obama, e estou de volta por causa de sua arrogante pol\u00edtica externa em rela\u00e7\u00e3o ao Estado Isl\u00e2mico&#8221;.<\/p>\n<p>O Estado Isl\u00e2mico havia publicado, h\u00e1 duas semanas, um v\u00eddeo que mostrava a decapita\u00e7\u00e3o do tamb\u00e9m jornalista americano James Foley. Sotloff, capturado em agosto de 2013, aparecia no final desse v\u00eddeo, sob a amea\u00e7a de ser o pr\u00f3ximo a ser morto. &#8220;A vida deste cidad\u00e3o americano, Obama, depende de sua pr\u00f3xima decis\u00e3o&#8221;, dizia um membro do EI ao mostrar o rosto do rep\u00f3rter, que prestava servi\u00e7os \u00e0 revista Time, entre outros ve\u00edculos.<\/p>\n<p><img decoding=\"async\" src=\"http:\/\/aconteceunovale.com.br\/portal\/wp-content\/uploads\/2014\/09\/ameaca_terrorista_oriente_2.jpg\" alt=\"\" \/><em>Terrorista do Estado Isl\u00e2mico faz amea\u00e7a dizendo que o homem ao seu lado, identificado como o brit\u00e2nico David Cawthorne Haines, pode ser o pr\u00f3ximo a ser decapitado em repres\u00e1lia \u00e0 interven\u00e7\u00e3o militar dos EUA no Iraque (Foto: AFP\/SITE Inteligence Group)<\/em><\/p>\n","protected":false},"excerpt":{"rendered":"<p>Grupo radical j\u00e1 havia registrado assassinato de outro jornalista americano. Novas imagens alertam governos contra &#8216;alian\u00e7a mal\u00e9vola com a Am\u00e9rica&#8217;. O v\u00eddeo divulgado pelo grupo radical Estado Isl\u00e2mico que mostra a decapita\u00e7\u00e3o do jornalista norte-americano Steven Sotloff \u00e9 aut\u00eantico, disse a porta-voz do Conselho de Seguran\u00e7a Nacional dos Estados Unidos, Caitlin Hayden, nesta quarta-feira (3). [&hellip;]<\/p>\n","protected":false},"author":1,"featured_media":39113,"comment_status":"open","ping_status":"closed","sticky":false,"template":"","format":"standard","meta":{"amp_status":"","footnotes":""},"categories":[6],"tags":[15245,15243,15244,15241,15242,15223,15224,15219,15248,1018,15235,15234,15226,15214,14373,15222,15217,15213,15238,15237,15246,15225,15218,15215,15250,15249,15247,15220,15228,15227,15230,15229,15221,15216,15212,15236,15233,15239,15232,15231,15240],"class_list":["post-39112","post","type-post","status-publish","format-standard","has-post-thumbnail","hentry","category-br","tag-15245","tag-15243","tag-15244","tag-15241","tag-15242","tag-britanico-david-cawthorne-haines","tag-david-cawthorne-haines","tag-david-haines","tag-decapitacao-do-jornalista-steven-sotloff","tag-destaque","tag-ejecucion-periodista-de-video-estados-unidos","tag-el-video-de-la-ejecucion-del-periodista-estadounidense","tag-estado-islamico","tag-execucao-do-jornalista-steven-sotloff","tag-james-foley","tag-jornalista-americano-james-foley","tag-jornalista-steve-sotloff","tag-jornalista-steven-sotloff","tag-lexecution-du-journaliste-video-aux-etats-unis","tag-la-video-de-lexecution-du-journaliste-americain","tag-mais-um-jornalista-norte-americano-e-executado-por-terroristas-do-estado-islamico","tag-o-jornalista-steve-sotloff-foi-executado-por-um-terrorista-do-estado-islamico","tag-steve-sotloff","tag-steven-sotloff","tag-terroristas-cortam-a-cabeca-de-jornalista-americano","tag-terroristas-cortam-a-cabeca-de-steven-sotloff","tag-video-de-decapitacao-do-jornalista-steven-sotloff","tag-video-de-execucao-de-david-haines","tag-video-de-execucao-de-jornalista","tag-video-de-execucao-de-jornalista-americano","tag-video-de-execucao-de-jornalista-dos-estados-unidos","tag-video-de-execucao-de-jornalista-norte-americano","tag-video-de-execucao-do-jornalista-americano-james-foley","tag-video-de-execucao-do-jornalista-steve-sotloff","tag-video-de-execucao-do-jornalista-steven-sotloff","tag-video-de-lexecution-du-journaliste-americain","tag-video-de-la-ejecucion-del-periodista-estadounidense","tag-video-der-ausfuhrung-der-amerikanische-journalist","tag-video-journalist-execution-united-states","tag-video-of-execution-of-american-journalist","tag-videojournalist-ausfuhrung-vereinigte-staaten"],"_links":{"self":[{"href":"https:\/\/aconteceunovale.com.br\/portal\/index.php?rest_route=\/wp\/v2\/posts\/39112","targetHints":{"allow":["GET"]}}],"collection":[{"href":"https:\/\/aconteceunovale.com.br\/portal\/index.php?rest_route=\/wp\/v2\/posts"}],"about":[{"href":"https:\/\/aconteceunovale.com.br\/portal\/index.php?rest_route=\/wp\/v2\/types\/post"}],"author":[{"embeddable":true,"href":"https:\/\/aconteceunovale.com.br\/portal\/index.php?rest_route=\/wp\/v2\/users\/1"}],"replies":[{"embeddable":true,"href":"https:\/\/aconteceunovale.com.br\/portal\/index.php?rest_route=%2Fwp%2Fv2%2Fcomments&post=39112"}],"version-history":[{"count":0,"href":"https:\/\/aconteceunovale.com.br\/portal\/index.php?rest_route=\/wp\/v2\/posts\/39112\/revisions"}],"wp:featuredmedia":[{"embeddable":true,"href":"https:\/\/aconteceunovale.com.br\/portal\/index.php?rest_route=\/wp\/v2\/media\/39113"}],"wp:attachment":[{"href":"https:\/\/aconteceunovale.com.br\/portal\/index.php?rest_route=%2Fwp%2Fv2%2Fmedia&parent=39112"}],"wp:term":[{"taxonomy":"category","embeddable":true,"href":"https:\/\/aconteceunovale.com.br\/portal\/index.php?rest_route=%2Fwp%2Fv2%2Fcategories&post=39112"},{"taxonomy":"post_tag","embeddable":true,"href":"https:\/\/aconteceunovale.com.br\/portal\/index.php?rest_route=%2Fwp%2Fv2%2Ftags&post=39112"}],"curies":[{"name":"wp","href":"https:\/\/api.w.org\/{rel}","templated":true}]}}