{"id":39110,"date":"2014-09-03T10:06:55","date_gmt":"2014-09-03T13:06:55","guid":{"rendered":"http:\/\/aconteceunovale.com.br\/portal\/?p=39110"},"modified":"2014-09-03T10:06:55","modified_gmt":"2014-09-03T13:06:55","slug":"plantao-samu-macro-norte-02-de-setembro-montes-clarosmg","status":"publish","type":"post","link":"https:\/\/aconteceunovale.com.br\/portal\/?p=39110","title":{"rendered":"Plant\u00e3o SAMU Macro Norte \u2013 02 de setembro \u2013 Montes Claros\/MG"},"content":{"rendered":"<h4><em><strong>Ter\u00e7a-feira, 02 de setembro de 2014<\/strong><\/em><\/h4>\n<p>A unidade do SAMU de Montes Claros realizou nesta segunda-feira, dia 1\u00ba de setembro, 54 atendimentos, sendo 44 casos cl\u00ednicos, 9 atendimentos por acidente de tr\u00e2nsito e um por picada de escorpi\u00e3o.<\/p>\n<p>\u00c0s 17h25 a unidade do SAMU foi acionada para atendimento a uma mulher de 34 anos que caiu de moto na Avenida Dulce Sarmento, bairro Alto S\u00e3o Jo\u00e3o. Ela bateu com a cabe\u00e7a, apresentava escoria\u00e7\u00f5es nos bra\u00e7os e pernas e se queixava de dor abdominal.<\/p>\n<p>\u00c0s 17h15, uma mulher de 21 anos caiu de moto na Avenida Neco Delfino, bairro Delfino Magalh\u00e3es, sofrendo escoria\u00e7\u00f5es e les\u00e3o nos bra\u00e7os e se queixando de dor na perna esquerda.<\/p>\n<p>\u00c0s 13h50, um homem de 22 anos caiu de moto na Avenida Nossa Senhora de F\u00e1tima, bairro Cintra, apresentando escoria\u00e7\u00f5es no joelho direito, sem perda de mobilidade, se queixando de dor na perna direita.<\/p>\n<p>Dois homens, de 24 e 25 anos, ficaram feridos em colis\u00e3o entre carro e bicicleta ocorrida \u00e0s 12h30, na Avenida Deputado Pl\u00ednio Ribeiro, bairro Monte Carmelo I. O condutor da moto sofreu ferimentos no ombro, com dificuldade de se movimentar, e se queixava de dor na regi\u00e3o lombar. O ciclista apresentava corte na regi\u00e3o da patela esquerda.<\/p>\n<p>\u00c0s 10h49, a unidade do SAMU foi acionada para atendimento a uma crian\u00e7a de 1 ano, que foi picada por escorpi\u00e3o na Rua Santa Maria, bairro S\u00e3o Judas.<\/p>\n<p>\u00c0s 10h46, uma mulher de 30 anos caiu de moto na Pra\u00e7a de Esportes, no centro da cidade, e apresentava escoria\u00e7\u00f5es na perna direita, com queixa de dor. <\/p>\n<p>\u00c0s 10h30, uma mulher de 41 anos, que transitava de moto na Rua Ant\u00f4nio Lafet\u00e1, bairro Monte Carmelo, colidiu contra um carro e se queixava de dor no joelho esquerdo.<\/p>\n<p>\u00c0s 8 horas, uma mulher de 25 anos, que transitava de moto na Rua Arthur Pereira Lopes, bairro Santos Reis, colidiu contra um carro e se queixava de dor no joelho esquerdo e regi\u00e3o dorsal.<\/p>\n<p>\u00c0s 7h34, um homem de 26 anos que transitava de bicicleta na Avenida Geraldo Athayde, bairro Alto S\u00e3o Jo\u00e3o, ficou ferido no joelho direito ap\u00f3s colidir contra um moto.<\/p>\n<p>Em todas as ocorr\u00eancias os feridos receberam os primeiros atendimentos no local e foram encaminhados ao hospital para avalia\u00e7\u00e3o.<\/p>\n","protected":false},"excerpt":{"rendered":"<p>Ter\u00e7a-feira, 02 de setembro de 2014 A unidade do SAMU de Montes Claros realizou nesta segunda-feira, dia 1\u00ba de setembro, 54 atendimentos, sendo 44 casos cl\u00ednicos, 9 atendimentos por acidente de tr\u00e2nsito e um por picada de escorpi\u00e3o. \u00c0s 17h25 a unidade do SAMU foi acionada para atendimento a uma mulher de 34 anos que [&hellip;]<\/p>\n","protected":false},"author":1,"featured_media":37592,"comment_status":"open","ping_status":"closed","sticky":false,"template":"","format":"standard","meta":{"amp_status":"","footnotes":""},"categories":[1236],"tags":[210,13995,15211],"class_list":["post-39110","post","type-post","status-publish","format-standard","has-post-thumbnail","hentry","category-norte_de_minas","tag-montes-claros","tag-plantao-samu-macro-norte","tag-plantao-samu-macro-norte-02-de-setembro-montes-clarosmg"],"_links":{"self":[{"href":"https:\/\/aconteceunovale.com.br\/portal\/index.php?rest_route=\/wp\/v2\/posts\/39110","targetHints":{"allow":["GET"]}}],"collection":[{"href":"https:\/\/aconteceunovale.com.br\/portal\/index.php?rest_route=\/wp\/v2\/posts"}],"about":[{"href":"https:\/\/aconteceunovale.com.br\/portal\/index.php?rest_route=\/wp\/v2\/types\/post"}],"author":[{"embeddable":true,"href":"https:\/\/aconteceunovale.com.br\/portal\/index.php?rest_route=\/wp\/v2\/users\/1"}],"replies":[{"embeddable":true,"href":"https:\/\/aconteceunovale.com.br\/portal\/index.php?rest_route=%2Fwp%2Fv2%2Fcomments&post=39110"}],"version-history":[{"count":0,"href":"https:\/\/aconteceunovale.com.br\/portal\/index.php?rest_route=\/wp\/v2\/posts\/39110\/revisions"}],"wp:featuredmedia":[{"embeddable":true,"href":"https:\/\/aconteceunovale.com.br\/portal\/index.php?rest_route=\/wp\/v2\/media\/37592"}],"wp:attachment":[{"href":"https:\/\/aconteceunovale.com.br\/portal\/index.php?rest_route=%2Fwp%2Fv2%2Fmedia&parent=39110"}],"wp:term":[{"taxonomy":"category","embeddable":true,"href":"https:\/\/aconteceunovale.com.br\/portal\/index.php?rest_route=%2Fwp%2Fv2%2Fcategories&post=39110"},{"taxonomy":"post_tag","embeddable":true,"href":"https:\/\/aconteceunovale.com.br\/portal\/index.php?rest_route=%2Fwp%2Fv2%2Ftags&post=39110"}],"curies":[{"name":"wp","href":"https:\/\/api.w.org\/{rel}","templated":true}]}}