{"id":39093,"date":"2014-09-02T20:00:18","date_gmt":"2014-09-02T23:00:18","guid":{"rendered":"http:\/\/aconteceunovale.com.br\/portal\/?p=39093"},"modified":"2014-09-02T20:00:18","modified_gmt":"2014-09-02T23:00:18","slug":"quando-era-ministra-marina-era-elogiada-por-lula-agora-e-apedrejada-pelo-pt","status":"publish","type":"post","link":"https:\/\/aconteceunovale.com.br\/portal\/?p=39093","title":{"rendered":"Quando era ministra Marina era elogiada por Lula, agora \u00e9 apedrejada pelo PT"},"content":{"rendered":"<h4><em><strong>Declara\u00e7\u00f5es de Lula em 2008 contrastam com o tom adotado agora por petistas contra a advers\u00e1ria<\/strong><\/em><\/h4>\n<p>Seis anos antes de ser relan\u00e7ada \u00e0 corrida pelo Pal\u00e1cio do Planalto e se tornar a maior amea\u00e7a \u00e0 reelei\u00e7\u00e3o de Dilma Rousseff (PT), a ent\u00e3o ministra do Meio Ambiente Marina Silva foi elogiada pelo ent\u00e3o presidente Luiz In\u00e1cio Lula da Silva por sua &#8220;habilidade pol\u00edtica&#8221; e &#8220;compet\u00eancia t\u00e9cnica&#8221;, justamente as \u00e1reas em que os petistas agora criticam a candidata do PSB. Lula chegou at\u00e9 mesmo a compar\u00e1-la a Pel\u00e9 quando ela deixou o minist\u00e9rio &#8211; e o governo &#8211; em maio de 2008.<\/p>\n<p>&#8220;A Marina provou que a sensatez, a habilidade pol\u00edtica, o respeito \u00e0s leis e a compet\u00eancia t\u00e9cnica podem trabalhar juntos, quando se instituiu a transversalidade no nosso governo e conseguimos fazer o projeto da rodovia possivelmente mais bem projetada, que foi a BR-163&#8221;,discursou Lula em 27 de maio de 2008, com Marina ao lado, ao dar posse ao seu sucessor, Carlos Minc.<\/p>\n<p>O elogio do presidente continuava: &#8220;(Marina) Soube fazer isso, tamb\u00e9m, quando conseguiu organizar o licenciamento para que pud\u00e9ssemos fazer o processo de integra\u00e7\u00e3o das bacias do S\u00e3o Francisco com o processo de revitaliza\u00e7\u00e3o.&#8221;<br \/>\nAs declara\u00e7\u00f5es de Lula na ocasi\u00e3o contrastam com o tom adotado agora por petistas &#8211; mais exatamente, desde que pesquisas de inten\u00e7\u00e3o de voto apontaram a ambientalista descolando-se do candidato do PSDB, A\u00e9cio Neves, e derrotando a presidente Dilma Rousseff em um eventual segundo turno. Sob condi\u00e7\u00e3o de anonimato um ministro afirmou ao Estado que Marina foi &#8220;uma p\u00e9ssima gestora&#8221; e que bastaria avaliar &#8220;o que ela fez (no governo Lula) e o que atrapalhou a fazer&#8221;.<\/p>\n<h4>Contradi\u00e7\u00f5es<\/h4>\n<p>No novo cen\u00e1rio, em que Marina aparece como favorita, a campanha de Dilma dedica-se a desconstruir sua imagem, questionando sua capacidade gerencial e recordando suas resist\u00eancias de outrora a algumas obras de infraestrutura &#8211; um discurso diferente do proferido por Lula em 2008.<\/p>\n<p>&#8220;Lembro das brigas que criaram entre a Dilma e a Marina. Eram os desenvolvimentistas a qualquer custo contra os ambientalistas a qualquer custo. E eu, que participava das reuni\u00f5es com as duas, n\u00e3o via a briga que eu lia no jornal&#8221;, comentou Lula. &#8220;(Eu) Olhava se, embaixo da minha mesa, tinha um pequeno an\u00e3o que passava a not\u00edcia que eu n\u00e3o tinha discutido, porque n\u00e3o era poss\u00edvel.&#8221;<\/p>\n<p>Ao deixar o minist\u00e9rio, Marina dizia na carta de demiss\u00e3o que ia embora por encontrar dificuldades para &#8220;dar prosseguimento \u00e0 agenda ambiental federal&#8221;. A demora de sua gest\u00e3o para conceder licen\u00e7as ambientais virou alvo de cr\u00edticas e ela enfrentou seguidos embates com Dilma, que tinha pressa em fazer as obras andarem e era ministra-chefe da Casa Civil. Uma queda de bra\u00e7o foi a constru\u00e7\u00e3o das hidrel\u00e9tricas de Jirau e Santo Ant\u00f4nio, em Rond\u00f4nia. &#8220;Eu sei do tormento que voc\u00ea viveu, Marina&#8221;, afirmou na despedida o presidente, &#8220;porque n\u00e3o foram poucas as vezes em que conversamos. (&#8230;) No primeiro momento, tentou-se vender a ideia seguinte: Marina sai porque \u00e9 ambientalista e Minc entra porque \u00e9 desenvolvimentista&#8221;. E Lula conclu\u00eda: &#8220;Nenhuma das duas vers\u00f5es \u00e9 verdadeira&#8221;.<\/p>\n<h4>Como Pel\u00e9<\/h4>\n<p>Habituado \u00e0s compara\u00e7\u00f5es com o futebol, Lula associou a imagem de Marina, em seu discurso, \u00e0 de Pel\u00e9. &#8220;Minc, sabe como \u00e9 que eu me sinto aqui, hoje? Voc\u00ea est\u00e1 lembrado de um jogo, na Copa de 1962, quando o Pel\u00e9 foi tirado de campo? Colocaram Amarildo e ele fez os dois gols brasileiros. Faz de conta que voc\u00ea est\u00e1 entrando no lugar do Pel\u00e9&#8221;, comparou Lula, acrescentando a dica final: Minc deveria lembrar que &#8220;o Pel\u00e9 n\u00e3o era insubstitu\u00edvel&#8221;. As informa\u00e7\u00f5es s\u00e3o do jornal O Estado de S. Paulo.<\/p>\n<p><strong>(Ag\u00eancia Estado)<\/strong><\/p>\n","protected":false},"excerpt":{"rendered":"<p>Declara\u00e7\u00f5es de Lula em 2008 contrastam com o tom adotado agora por petistas contra a advers\u00e1ria Seis anos antes de ser relan\u00e7ada \u00e0 corrida pelo Pal\u00e1cio do Planalto e se tornar a maior amea\u00e7a \u00e0 reelei\u00e7\u00e3o de Dilma Rousseff (PT), a ent\u00e3o ministra do Meio Ambiente Marina Silva foi elogiada pelo ent\u00e3o presidente Luiz In\u00e1cio [&hellip;]<\/p>\n","protected":false},"author":1,"featured_media":38610,"comment_status":"open","ping_status":"closed","sticky":false,"template":"","format":"standard","meta":{"amp_status":"","footnotes":""},"categories":[6],"tags":[2728,1018,2162,3394,3392,15199],"class_list":["post-39093","post","type-post","status-publish","format-standard","has-post-thumbnail","hentry","category-br","tag-aecio-neves","tag-destaque","tag-dilma-rousseff","tag-eleicoes-2014","tag-marina-silva","tag-quando-era-ministra-marina-era-elogiada-por-lula-agora-e-apedrejada-pelo-pt"],"_links":{"self":[{"href":"https:\/\/aconteceunovale.com.br\/portal\/index.php?rest_route=\/wp\/v2\/posts\/39093","targetHints":{"allow":["GET"]}}],"collection":[{"href":"https:\/\/aconteceunovale.com.br\/portal\/index.php?rest_route=\/wp\/v2\/posts"}],"about":[{"href":"https:\/\/aconteceunovale.com.br\/portal\/index.php?rest_route=\/wp\/v2\/types\/post"}],"author":[{"embeddable":true,"href":"https:\/\/aconteceunovale.com.br\/portal\/index.php?rest_route=\/wp\/v2\/users\/1"}],"replies":[{"embeddable":true,"href":"https:\/\/aconteceunovale.com.br\/portal\/index.php?rest_route=%2Fwp%2Fv2%2Fcomments&post=39093"}],"version-history":[{"count":0,"href":"https:\/\/aconteceunovale.com.br\/portal\/index.php?rest_route=\/wp\/v2\/posts\/39093\/revisions"}],"wp:featuredmedia":[{"embeddable":true,"href":"https:\/\/aconteceunovale.com.br\/portal\/index.php?rest_route=\/wp\/v2\/media\/38610"}],"wp:attachment":[{"href":"https:\/\/aconteceunovale.com.br\/portal\/index.php?rest_route=%2Fwp%2Fv2%2Fmedia&parent=39093"}],"wp:term":[{"taxonomy":"category","embeddable":true,"href":"https:\/\/aconteceunovale.com.br\/portal\/index.php?rest_route=%2Fwp%2Fv2%2Fcategories&post=39093"},{"taxonomy":"post_tag","embeddable":true,"href":"https:\/\/aconteceunovale.com.br\/portal\/index.php?rest_route=%2Fwp%2Fv2%2Ftags&post=39093"}],"curies":[{"name":"wp","href":"https:\/\/api.w.org\/{rel}","templated":true}]}}