{"id":39089,"date":"2014-09-02T19:38:57","date_gmt":"2014-09-02T22:38:57","guid":{"rendered":"http:\/\/aconteceunovale.com.br\/portal\/?p=39089"},"modified":"2014-09-02T19:38:57","modified_gmt":"2014-09-02T22:38:57","slug":"policiais-denunciam-perseguicoes-em-santa-efigenia-de-minas","status":"publish","type":"post","link":"https:\/\/aconteceunovale.com.br\/portal\/?p=39089","title":{"rendered":"Policiais denunciam persegui\u00e7\u00f5es em Santa Efig\u00eania de Minas"},"content":{"rendered":"<h4><em><strong>PMs alegam serem v\u00edtimas de retalia\u00e7\u00e3o ap\u00f3s interdi\u00e7\u00e3o de festa de carnaval organizada pela prefeitura.<\/strong><\/em><\/h4>\n<p>A Comiss\u00e3o de Seguran\u00e7a P\u00fablica da Assembleia Legislativa de Minas Gerais (ALMG) ouviu den\u00fancias de retalia\u00e7\u00e3o e intimida\u00e7\u00e3o sofridas por policiais militares de Santa Efig\u00eania de Minas (Vale do Rio Doce), em audi\u00eancia nesta ter\u00e7a-feira (2\/9\/14). Os policiais disseram sofrer persegui\u00e7\u00f5es dentro da pr\u00f3pria corpora\u00e7\u00e3o, que estariam ligadas a uma poss\u00edvel retalia\u00e7\u00e3o por parte do prefeito da cidade.<\/p>\n<p>O deputado Sargento Rodrigues (PDT), que solicitou a reuni\u00e3o, explicou que o prefeito Jo\u00e3o Abnir Pinho de Souza tinha a inten\u00e7\u00e3o de realizar em 2014 um carnaval na cidade, mas teve sua iniciativa embargada ap\u00f3s laudo do Corpo de Bombeiros que concluiu pela falta de seguran\u00e7a para a realiza\u00e7\u00e3o do evento.<\/p>\n<p><img decoding=\"async\" src=\"http:\/\/aconteceunovale.com.br\/portal\/wp-content\/uploads\/2014\/09\/audiencia_sem_1.jpg\" alt=\"\" \/><em>Comiss\u00e3o de Seguran\u00e7a P\u00fablica debateu den\u00fancias de agress\u00f5es e amea\u00e7as sofridas por policiais militares em Santa Efig\u00eania de Minas &#8211; Foto: Guilherme Bergamini<\/em><br \/>\n<\/br><\/p>\n<p>Segundo o parlamentar, o prefeito chegou a ser preso por n\u00e3o ter aceitado a notifica\u00e7\u00e3o da interdi\u00e7\u00e3o do evento e desacatado os policiais militares. O prefeito ainda teria insuflado populares contra a for\u00e7a policial do munic\u00edpio, reunindo pessoas em frente \u00e0 casa de um PM e jogando bombas contra a resid\u00eancia. \u201cEle julga ser o poder absoluto da cidade e a sua atitude \u00e9 irrespons\u00e1vel, visando ao interesse popular. At\u00e9 que ponto quem exerce mandato pode pensar no que \u00e9 bom politicamente para ele e esquecer o que \u00e9 bom para a coletividade que ele representa?\u201d, questionou o deputado.<\/p>\n<h4>Hostilidade come\u00e7ou ap\u00f3s cancelamento de carnaval<\/h4>\n<p>O sargento Gabriel Concei\u00e7\u00e3o da Rocha, ex-comandante do destacamento da PM de Santa Efig\u00eania de Minas, contou que no dia 1\u00b0 de mar\u00e7o de 2014, foi designado para reportar ao prefeito a decis\u00e3o de que o carnaval na cidade tinha sido embargado. Segundo ele, o prefeito n\u00e3o teria acatado a decis\u00e3o e teria dito que ningu\u00e9m o impediria de realizar o evento. O sargento relatou que no dia seguinte uma viatura policial foi hostilizada e os policiais foram verbalmente agredidos quando passaram por uma aglomera\u00e7\u00e3o de pessoas pr\u00f3xima ao local onde ocorreria o evento.<\/p>\n<p><img decoding=\"async\" src=\"http:\/\/aconteceunovale.com.br\/portal\/wp-content\/uploads\/2014\/09\/audiencia_sem_2.jpg\" alt=\"\" \/><em>O sargento Rocha disse que tem sofrido diversos tipos de persegui\u00e7\u00f5es dentro da corpora\u00e7\u00e3o &#8211; Foto: Guilherme Bergamini<\/em><br \/>\n<\/br><\/p>\n<p>Ainda segundo Rocha, ap\u00f3s a pris\u00e3o de um cidad\u00e3o, o prefeito, acompanhado de cerca de 400 pessoas, teria se deslocado ao quartel para exigir a libera\u00e7\u00e3o do preso e, na ocasi\u00e3o, teria novamente ofendido e desacatado o sargento, o que resultou na ordem de pris\u00e3o do chefe do Executivo municipal.<\/p>\n<p>O sargento tamb\u00e9m relatou que no dia 3 de mar\u00e7o teria visto o prefeito comandando uma tentativa de invas\u00e3o \u00e0 sua casa, ocasi\u00e3o em que foram lan\u00e7adas, segundo ele, cerca de 30 bombas contra sua resid\u00eancia. \u201cPedi apoio novamente, mas o coordenador do Centro de Opera\u00e7\u00f5es da Pol\u00edcia Militar disse que a Rotam estava proibida de fazer o deslocamento\u201d, contou.<\/p>\n<p>Ele ainda disse que, dias depois, o quartel sofreu uma primeira tentativa de inc\u00eandio e que, ap\u00f3s a pris\u00e3o do prefeito, todo o apoio log\u00edstico da prefeitura \u00e0 PM, como acesso \u00e0 internet, telefone e fornecimento de combust\u00edvel para viaturas, foi suspenso por cerca de dois meses e meio.<\/p>\n<p>Em seu relato, o sargento Rocha disse que foi orientado por seus superiores a pedir transfer\u00eancia do munic\u00edpio e, por n\u00e3o acatar a sugest\u00e3o, tem sofrido diversos tipos de persegui\u00e7\u00f5es. Ele alega ter sido substitu\u00eddo do cargo de comandante do destacamento da PM e ter sido notificado com comunica\u00e7\u00f5es disciplinares, com den\u00fancias e questionamentos sobre seu desempenho como policial.<\/p>\n<p>Por fim, o sargento relatou que, em 24 de agosto, o quartel da PM foi incendiado e, na ocasi\u00e3o, ele foi novamente orientado por superiores a pedir sua transfer\u00eancia para outra cidade, para n\u00e3o continuar sofrendo persegui\u00e7\u00f5es dentro da pr\u00f3pria corpora\u00e7\u00e3o. \u201cNa \u00faltima quarta-feira (27\/8), recebi uma mensagem me transferindo sumariamente para a cidade de Gonzaga\u201d, disse. Sua transfer\u00eancia, no entanto, foi revogada no dia seguinte. As persegui\u00e7\u00f5es denunciadas pelo sargento Rocha teriam o envolvimento do tenente-coronel Geraldo Esteves da Silva e do tenente Marcus Vin\u00edcius Cust\u00f3dio.<\/p>\n<p>O cabo Sim\u00e3o Conrado Pires Junior, que tamb\u00e9m estaria sofrendo retalia\u00e7\u00f5es por parte dos superiores, ratificou as den\u00fancias apresentadas pelo colega.<\/p>\n<h4>Comando da PM diz n\u00e3o saber das persegui\u00e7\u00f5es<\/h4>\n<p>O tenente-coronel Ducler Costa Junior, chefe do Estado Maior da 8\u00b0 Regi\u00e3o da Pol\u00edcia Militar, disse n\u00e3o ter conhecimento das den\u00fancias apresentadas pelo sargento Rocha e negou que qualquer tipo de ordem de persegui\u00e7\u00e3o tenha partido do comando regional do Vale do Rio Doce. \u201cSe houve persegui\u00e7\u00e3o, isso vai ser apurado\u201d, afirmou.<\/p>\n<p><strong>Inc\u00eandio <\/strong>&#8211; Quanto ao inc\u00eandio ocorrido no quartel da PM em Santa Efig\u00eania de Minas no final de agosto, a delegada da Pol\u00edcia Civil Juliana Califf de Matos informou que os suspeitos do crime j\u00e1 foram identificados e, segundo ela, n\u00e3o foram encontrados ind\u00edcios de que o ato teria sido cometido a mando do prefeito Jo\u00e3o Abnir Pinho de Souza.<\/p>\n<p>Deputado critica comando da PM<\/p>\n<p>O deputado Sargento Rodrigues repudiou o fato de os superiores do sargento Rocha terem amea\u00e7ado o policial, ao inv\u00e9s de lhe darem apoio. \u201cA pol\u00edcia tem o dever de dar apoio moral, psicol\u00f3gico e log\u00edstico a ele\u201d, concluiu. O parlamentar disse que a comiss\u00e3o vai solicitar provid\u00eancias ao comandante da 8\u00aa Regi\u00e3o da PM, para que sejam apuradas as poss\u00edveis persegui\u00e7\u00f5es e abusos de autoridade contra o sargento Gabriel Rocha e o cabo Sim\u00e3o Pires. Ele ainda disse que espera que o epis\u00f3dio de Santa Efig\u00eania de Minas sirva como exemplo, para que novos casos de subservi\u00eancia da PM n\u00e3o ocorram no Estado.<\/p>\n<p>O promotor Guilherme Heringer de Carvalho Rocha afirmou que o relato feito pelo sargento Rocha \u00e9 coerente com o de outras pessoas ouvidas no inqu\u00e9rito da Pol\u00edcia Civil sobre o caso, que levou ao indiciamento do prefeito pelos crimes de desobedi\u00eancia e desacato. Ele tamb\u00e9m confirmou que a atua\u00e7\u00e3o do sargento na cidade sempre foi elogiada e que ele estaria sendo v\u00edtima de coa\u00e7\u00e3o e intimida\u00e7\u00e3o por parte de seus superiores. O promotor ainda considerou que a atitude do prefeito abriu espa\u00e7o para um estado de anarquia na cidade, na medida em que \u201ctudo pode ser feito contra a PM sem que haja nenhuma consequ\u00eancia\u201d. <\/p>\n<p><strong>(ALMG)<\/strong><\/p>\n","protected":false},"excerpt":{"rendered":"<p>PMs alegam serem v\u00edtimas de retalia\u00e7\u00e3o ap\u00f3s interdi\u00e7\u00e3o de festa de carnaval organizada pela prefeitura. A Comiss\u00e3o de Seguran\u00e7a P\u00fablica da Assembleia Legislativa de Minas Gerais (ALMG) ouviu den\u00fancias de retalia\u00e7\u00e3o e intimida\u00e7\u00e3o sofridas por policiais militares de Santa Efig\u00eania de Minas (Vale do Rio Doce), em audi\u00eancia nesta ter\u00e7a-feira (2\/9\/14). Os policiais disseram sofrer [&hellip;]<\/p>\n","protected":false},"author":1,"featured_media":39090,"comment_status":"open","ping_status":"closed","sticky":false,"template":"","format":"standard","meta":{"amp_status":"","footnotes":""},"categories":[121],"tags":[1018,15198,5124,15197,312],"class_list":["post-39089","post","type-post","status-publish","format-standard","has-post-thumbnail","hentry","category-leste","tag-destaque","tag-gabriel-conceicao-da-rocha","tag-joao-abnir-pinho-de-souza","tag-policiais-denunciam-perseguicoes-em-santa-efigenia-de-minas","tag-santa-efigenia-de-minas"],"_links":{"self":[{"href":"https:\/\/aconteceunovale.com.br\/portal\/index.php?rest_route=\/wp\/v2\/posts\/39089","targetHints":{"allow":["GET"]}}],"collection":[{"href":"https:\/\/aconteceunovale.com.br\/portal\/index.php?rest_route=\/wp\/v2\/posts"}],"about":[{"href":"https:\/\/aconteceunovale.com.br\/portal\/index.php?rest_route=\/wp\/v2\/types\/post"}],"author":[{"embeddable":true,"href":"https:\/\/aconteceunovale.com.br\/portal\/index.php?rest_route=\/wp\/v2\/users\/1"}],"replies":[{"embeddable":true,"href":"https:\/\/aconteceunovale.com.br\/portal\/index.php?rest_route=%2Fwp%2Fv2%2Fcomments&post=39089"}],"version-history":[{"count":0,"href":"https:\/\/aconteceunovale.com.br\/portal\/index.php?rest_route=\/wp\/v2\/posts\/39089\/revisions"}],"wp:featuredmedia":[{"embeddable":true,"href":"https:\/\/aconteceunovale.com.br\/portal\/index.php?rest_route=\/wp\/v2\/media\/39090"}],"wp:attachment":[{"href":"https:\/\/aconteceunovale.com.br\/portal\/index.php?rest_route=%2Fwp%2Fv2%2Fmedia&parent=39089"}],"wp:term":[{"taxonomy":"category","embeddable":true,"href":"https:\/\/aconteceunovale.com.br\/portal\/index.php?rest_route=%2Fwp%2Fv2%2Fcategories&post=39089"},{"taxonomy":"post_tag","embeddable":true,"href":"https:\/\/aconteceunovale.com.br\/portal\/index.php?rest_route=%2Fwp%2Fv2%2Ftags&post=39089"}],"curies":[{"name":"wp","href":"https:\/\/api.w.org\/{rel}","templated":true}]}}