{"id":39086,"date":"2014-09-02T19:27:13","date_gmt":"2014-09-02T22:27:13","guid":{"rendered":"http:\/\/aconteceunovale.com.br\/portal\/?p=39086"},"modified":"2014-09-02T19:27:13","modified_gmt":"2014-09-02T22:27:13","slug":"minas-gerais-tera-2-392-secoes-especiais-nas-eleicoes-2014","status":"publish","type":"post","link":"https:\/\/aconteceunovale.com.br\/portal\/?p=39086","title":{"rendered":"Minas Gerais ter\u00e1 2.392 se\u00e7\u00f5es especiais nas Elei\u00e7\u00f5es 2014"},"content":{"rendered":"<p>O n\u00famero de se\u00e7\u00f5es especiais em Minas Gerais aumentou com rela\u00e7\u00e3o \u00e0s \u00faltimas elei\u00e7\u00f5es: este ano, o Estado vai ter 2.392 se\u00e7\u00f5es de vota\u00e7\u00e3o apropriadas para receber eleitores com defici\u00eancia ou mobilidade reduzida. O n\u00famero \u00e9 cerca de 20% maior do que o oferecido nas Elei\u00e7\u00f5es 2012, quando as zonas eleitorais mineiras contaram com 2.056 se\u00e7\u00f5es especiais.<\/p>\n<p>Em Belo Horizonte, o aumento no n\u00famero de se\u00e7\u00f5es especiais foi de cerca de 30%: ser\u00e3o 289 se\u00e7\u00f5es especiais e, em 2012, eram 194. O aumento no n\u00famero de se\u00e7\u00f5es especiais na capital e em todo o Estado \u00e9 principalmente devido a a\u00e7\u00f5es promovidas pelo Programa de Acessibilidade do Tribunal Regional Eleitoral de Minas Gerais. Para o pleito de outubro, dentre 15.248.681 eleitores mineiros, 23.048 est\u00e3o registrados no cadastro eleitoral como deficientes ou portadores de necessidades especiais. Em 2012, eram 15.284. Em Belo Horizonte, s\u00e3o 3.936 eleitores nessas condi\u00e7\u00f5es no cadastro, conforme informa\u00e7\u00f5es dos pr\u00f3prios eleitores.<\/p>\n<p>O munic\u00edpio mineiro que possui o maior n\u00famero de eleitores em se\u00e7\u00f5es especiais \u00e9 Belo Horizonte, com 85.859 votantes nesse tipo de se\u00e7\u00e3o. Em segundo lugar, vem Uberl\u00e2ndia, com 30.820 eleitores em se\u00e7\u00f5es especiais. Divin\u00f3polis e Contagem aparecem em seguida, com 20.810 e 19.169 eleitores, respectivamente, nas se\u00e7\u00f5es especiais.<\/p>\n<p>Os eleitores que gostariam de transferir o seu local de vota\u00e7\u00e3o para um de f\u00e1cil acesso tiveram at\u00e9 o dia 7 de maio para faz\u00ea-lo, segundo o Calend\u00e1rio Eleitoral do TSE. \u00c9 importante lembrar que no in\u00edcio de novembro o cadastro eleitoral \u00e9 reaberto e quem quiser transferir para alguma outra se\u00e7\u00e3o poder\u00e1 faz\u00ea-lo.<\/p>\n<h4>Programa de Acessibilidade<\/h4>\n<p>Em 2012, foi institu\u00eddo o Programa de Acessibilidade na Justi\u00e7a Eleitoral (Resolu\u00e7\u00e3o n\u00ba. 23.381\/TSE), com o objetivo de implementar, gradualmente, medidas para remo\u00e7\u00e3o de barreiras que dificultem o exerc\u00edcio do voto pelas pessoas com defici\u00eancia ou mobilidade reduzida. A resolu\u00e7\u00e3o prev\u00ea, dentre outras orienta\u00e7\u00f5es, que os locais de vota\u00e7\u00e3o sejam, periodicamente, monitorados, e que os mes\u00e1rios recebam orienta\u00e7\u00f5es, no treinamento, de modo a auxiliar as pessoas com defici\u00eancia e mobilidade reduzida. Al\u00e9m disso, a resolu\u00e7\u00e3o garante que o eleitor com necessidades especiais receba ajuda de pessoa de sua confian\u00e7a durante a vota\u00e7\u00e3o.<\/p>\n<p>A Justi\u00e7a Eleitoral mineira tem avan\u00e7ado quanto \u00e0s orienta\u00e7\u00f5es do Programa de Acessibilidade. Em Contagem, foi lan\u00e7ado um projeto piloto de acessibilidade, cujos resultados ampliaram o n\u00famero de se\u00e7\u00f5es de f\u00e1cil acesso no munic\u00edpio de 38 para 64. Al\u00e9m disso, o TRE entregou \u00e0 Prefeitura uma lista com o resultado da avalia\u00e7\u00e3o de todos os locais de vota\u00e7\u00e3o no munic\u00edpio para que seja realizada a adapta\u00e7\u00e3o de modo a torn\u00e1-los acess\u00edveis. O projeto servir\u00e1 de modelo para os demais munic\u00edpios do Estado.<\/p>\n<p>Para proporcionar ainda mais melhorias, o eleitor com defici\u00eancia ou mobilidade reduzida, no dia do pleito, quando for votar, receber\u00e1 do mes\u00e1rio um formul\u00e1rio de identifica\u00e7\u00e3o, o qual dever\u00e1 preencher.<\/p>\n<p><a href=\"http:\/\/www.tre-mg.jus.br\/eleitor\/titulo-e-local-de-votacao\/secoes-especiais\" target=\"_blank\">Veja onde est\u00e3o as se\u00e7\u00f5es especiais no Estado.<\/a><\/p>\n","protected":false},"excerpt":{"rendered":"<p>O n\u00famero de se\u00e7\u00f5es especiais em Minas Gerais aumentou com rela\u00e7\u00e3o \u00e0s \u00faltimas elei\u00e7\u00f5es: este ano, o Estado vai ter 2.392 se\u00e7\u00f5es de vota\u00e7\u00e3o apropriadas para receber eleitores com defici\u00eancia ou mobilidade reduzida. O n\u00famero \u00e9 cerca de 20% maior do que o oferecido nas Elei\u00e7\u00f5es 2012, quando as zonas eleitorais mineiras contaram com 2.056 [&hellip;]<\/p>\n","protected":false},"author":1,"featured_media":39087,"comment_status":"open","ping_status":"closed","sticky":false,"template":"","format":"standard","meta":{"amp_status":"","footnotes":""},"categories":[123],"tags":[3394,15195,15194,15196],"class_list":["post-39086","post","type-post","status-publish","format-standard","has-post-thumbnail","hentry","category-gerais","tag-eleicoes-2014","tag-localizacao-de-secoes-especiais","tag-minas-gerais-tera-2-392-secoes-especiais-nas-eleicoes-2014","tag-secoes-para-pessoas-com-deficiencia"],"_links":{"self":[{"href":"https:\/\/aconteceunovale.com.br\/portal\/index.php?rest_route=\/wp\/v2\/posts\/39086","targetHints":{"allow":["GET"]}}],"collection":[{"href":"https:\/\/aconteceunovale.com.br\/portal\/index.php?rest_route=\/wp\/v2\/posts"}],"about":[{"href":"https:\/\/aconteceunovale.com.br\/portal\/index.php?rest_route=\/wp\/v2\/types\/post"}],"author":[{"embeddable":true,"href":"https:\/\/aconteceunovale.com.br\/portal\/index.php?rest_route=\/wp\/v2\/users\/1"}],"replies":[{"embeddable":true,"href":"https:\/\/aconteceunovale.com.br\/portal\/index.php?rest_route=%2Fwp%2Fv2%2Fcomments&post=39086"}],"version-history":[{"count":0,"href":"https:\/\/aconteceunovale.com.br\/portal\/index.php?rest_route=\/wp\/v2\/posts\/39086\/revisions"}],"wp:featuredmedia":[{"embeddable":true,"href":"https:\/\/aconteceunovale.com.br\/portal\/index.php?rest_route=\/wp\/v2\/media\/39087"}],"wp:attachment":[{"href":"https:\/\/aconteceunovale.com.br\/portal\/index.php?rest_route=%2Fwp%2Fv2%2Fmedia&parent=39086"}],"wp:term":[{"taxonomy":"category","embeddable":true,"href":"https:\/\/aconteceunovale.com.br\/portal\/index.php?rest_route=%2Fwp%2Fv2%2Fcategories&post=39086"},{"taxonomy":"post_tag","embeddable":true,"href":"https:\/\/aconteceunovale.com.br\/portal\/index.php?rest_route=%2Fwp%2Fv2%2Ftags&post=39086"}],"curies":[{"name":"wp","href":"https:\/\/api.w.org\/{rel}","templated":true}]}}