{"id":39074,"date":"2014-09-02T18:40:03","date_gmt":"2014-09-02T21:40:03","guid":{"rendered":"http:\/\/aconteceunovale.com.br\/portal\/?p=39074"},"modified":"2014-09-02T18:40:03","modified_gmt":"2014-09-02T21:40:03","slug":"capelinhense-desabafa-sobre-o-caso-do-garoto-bernardo-boldrini","status":"publish","type":"post","link":"https:\/\/aconteceunovale.com.br\/portal\/?p=39074","title":{"rendered":"Capelinhense desabafa sobre o caso do garoto Bernardo Boldrini"},"content":{"rendered":"<p><em><strong>Por Marist\u00e2nia Pires<\/strong><\/em><\/p>\n<p>Apesar de v\u00e1rias divulga\u00e7\u00f5es de viol\u00eancia contra crian\u00e7as e adolescentes neste pa\u00eds, mais uma vez deparamos com esse caso horr\u00edvel, falo do garoto Bernardo Boldrini. Os gritos de socorro deste menino esta ecoando em meu ouvido. \u00c9 lastim\u00e1vel como vivemos em uma sociedade onde pessoas que se formam em prol de ajudar o pr\u00f3ximo se tornam t\u00e3o hip\u00f3critas como esse pai e essa madrasta e ainda acham gente (se pode chamar isso de gente) como essa assistente social para tamanha covardia e brutalidade.<\/p>\n<p>[image src=&#8221;http:\/\/aconteceunovale.com.br\/portal\/wp-content\/uploads\/2014\/09\/bernardo_boldrini.jpg&#8221; width=&#8221;300&#8243; height=&#8221;225&#8243; lightbox=&#8221;yes&#8221; align=&#8221;left&#8221; float=&#8221;left&#8221;]<\/p>\n<p>Tenho vergonha de ter essa mo\u00e7a como colega (ex-colega espero) de profiss\u00e3o. Esta da\u00ed formou para ser assistente do diabo. Apesar de o pai ter um curso superior, o filho nem precisou faz\u00ea-lo, pois mostrou at\u00e9 doutorado em vista do mesmo, pois era dotado de intelig\u00eancia (pena que foi ceifado pelo destino macabro). Tomara que estes gritos fiquem ecoando em v\u00e1rias cabe\u00e7as que omitiram socorro a esse adolescente, uma vez que este esteve a procura da (justi\u00e7a), mas mesmo assim retornou as m\u00e3os destes bandidos.<\/p>\n<p>S\u00e3o muitos os direitos e garantias assegurados em toda legisla\u00e7\u00e3o, mas, ser\u00e1 que eles s\u00e3o respeitados\/atendidos?<\/p>\n<p>As autoridades p\u00fablicas, que tem como fun\u00e7\u00e3o ajudar a sociedade que necessita de mecanismos de prote\u00e7\u00e3o e instru\u00e7\u00e3o, bem como disciplinares, para assegurar a conviv\u00eancia interna de seus membros, garantindo a conformidade dos objetivos eleitos no plano social, deve levar em considera\u00e7\u00e3o a palavra da crian\u00e7a. A conven\u00e7\u00e3o sobre os direitos da crian\u00e7a, promulgada pelo Brasil em 1990, disp\u00f5e regras que foram estabelecidas para que a crian\u00e7a seja ouvida quanto aos assuntos a ela pertinentes, indo de encontro com o princ\u00edpio da igualdade, estabelecido pela carta das Na\u00e7\u00f5es Unidas, que equipara os direitos das crian\u00e7as aos dos adultos, colocando-as como membros da sociedade humana.<\/p>\n<p>A viol\u00eancia, em suas diversas modalidades, n\u00e3o assola somente a classe social mais baixa. Quest\u00f5es vinculadas a dinheiro, heran\u00e7a ou bens materiais de qualquer esp\u00e9cie, v\u00eam sendo motivo, tamb\u00e9m, de viol\u00eancia contra crian\u00e7as e adolescentes em classes sociais com poder aquisitivo maior, como pode ter sido o motivo precursor da fatalidade ocorrida com o menino Bernardo Boldrini. Na maioria das vezes, tais viola\u00e7\u00f5es\/delitos n\u00e3o se tornam p\u00fablicos, ao fim de se manter, perante a sociedade, uma apar\u00eancia enganosa sobre o que, realmente, ocorre naquele \u00e2mbito familiar. Ele tinha somente dois sonhos, relatados aos amigos e familiares: tocar o sino da igreja e ter a chave de casa, para poder chegar mais tarde.<\/p>\n","protected":false},"excerpt":{"rendered":"<p>Por Marist\u00e2nia Pires Apesar de v\u00e1rias divulga\u00e7\u00f5es de viol\u00eancia contra crian\u00e7as e adolescentes neste pa\u00eds, mais uma vez deparamos com esse caso horr\u00edvel, falo do garoto Bernardo Boldrini. Os gritos de socorro deste menino esta ecoando em meu ouvido. \u00c9 lastim\u00e1vel como vivemos em uma sociedade onde pessoas que se formam em prol de ajudar [&hellip;]<\/p>\n","protected":false},"author":1,"featured_media":39075,"comment_status":"open","ping_status":"closed","sticky":false,"template":"","format":"standard","meta":{"amp_status":"","footnotes":""},"categories":[6],"tags":[15187,15188,15185,15186],"class_list":["post-39074","post","type-post","status-publish","format-standard","has-post-thumbnail","hentry","category-br","tag-bernardo-boldrini","tag-capelinhense-desabafa-sobre-o-caso-do-garoto-bernardo-boldrini","tag-tres-passo","tag-tres-passos"],"_links":{"self":[{"href":"https:\/\/aconteceunovale.com.br\/portal\/index.php?rest_route=\/wp\/v2\/posts\/39074","targetHints":{"allow":["GET"]}}],"collection":[{"href":"https:\/\/aconteceunovale.com.br\/portal\/index.php?rest_route=\/wp\/v2\/posts"}],"about":[{"href":"https:\/\/aconteceunovale.com.br\/portal\/index.php?rest_route=\/wp\/v2\/types\/post"}],"author":[{"embeddable":true,"href":"https:\/\/aconteceunovale.com.br\/portal\/index.php?rest_route=\/wp\/v2\/users\/1"}],"replies":[{"embeddable":true,"href":"https:\/\/aconteceunovale.com.br\/portal\/index.php?rest_route=%2Fwp%2Fv2%2Fcomments&post=39074"}],"version-history":[{"count":0,"href":"https:\/\/aconteceunovale.com.br\/portal\/index.php?rest_route=\/wp\/v2\/posts\/39074\/revisions"}],"wp:featuredmedia":[{"embeddable":true,"href":"https:\/\/aconteceunovale.com.br\/portal\/index.php?rest_route=\/wp\/v2\/media\/39075"}],"wp:attachment":[{"href":"https:\/\/aconteceunovale.com.br\/portal\/index.php?rest_route=%2Fwp%2Fv2%2Fmedia&parent=39074"}],"wp:term":[{"taxonomy":"category","embeddable":true,"href":"https:\/\/aconteceunovale.com.br\/portal\/index.php?rest_route=%2Fwp%2Fv2%2Fcategories&post=39074"},{"taxonomy":"post_tag","embeddable":true,"href":"https:\/\/aconteceunovale.com.br\/portal\/index.php?rest_route=%2Fwp%2Fv2%2Ftags&post=39074"}],"curies":[{"name":"wp","href":"https:\/\/api.w.org\/{rel}","templated":true}]}}