{"id":39072,"date":"2014-09-02T18:27:51","date_gmt":"2014-09-02T21:27:51","guid":{"rendered":"http:\/\/aconteceunovale.com.br\/portal\/?p=39072"},"modified":"2014-09-02T18:27:51","modified_gmt":"2014-09-02T21:27:51","slug":"plantao-samu-macro-norte-1o-de-setembro-montes-clarosmg","status":"publish","type":"post","link":"https:\/\/aconteceunovale.com.br\/portal\/?p=39072","title":{"rendered":"Plant\u00e3o SAMU Macro Norte \u2013 1\u00ba de setembro \u2013 Montes Claros\/MG"},"content":{"rendered":"<h4><em><strong>Segunda-feira, 1\u00ba de setembro de 2014<\/strong><\/em><\/h4>\n<p>A unidade do SAMU de Montes Claros realizou nesta segunda-feira, dia 1\u00ba de setembro, 54 atendimentos, sendo 42 casos cl\u00ednicos, 11 atendimentos por acidente de tr\u00e2nsito, 01 por ferimento por arma branca (faca) e um por trauma por motosserra.<\/p>\n<p>Entre os atendimentos por acidente de tr\u00e2nsito est\u00e3o uma queda de moto ocorrida \u00e0s 19h40, no bairro Eldorado, onde um homem de 57 anos ficou ferido e um atropelamento por moto ocorrido no mesmo hor\u00e1rio no bairro Nossa Senhora de F\u00e1tima, onde uma mulher de 65 anos sofreu ferimentos leves.<\/p>\n<p>Um menino de 8 anos ficou ferido em uma queda de moto ocorrida \u00e0s 16h15, na Avenida Nossa Senhora de F\u00e1tima, bairro Maracan\u00e3. No mesmo hor\u00e1rio, no bairro Cintra, u, homem de 23 anos tamb\u00e9m ficou ferido ap\u00f3s cair de moto, e apresentava corte contuso na perna com poss\u00edvel fratura.<\/p>\n<p>Um homem de 76 anos foi atropelado por moto por volta das 12 horas, na Avenida Minas Gerais, bairro Floresta, e sofreu ferimentos leves. No mesmo hor\u00e1rio, uma mulher de 27 anos ficou ferida ap\u00f3s colidir de moto contra um carro na Avenida Deputado Pl\u00ednio Ribeiro, bairro Santo Ant\u00f4nio, sofre m\u00faltiplas escoria\u00e7\u00f5es.<\/p>\n<p>\u00c0s 8h, um homem de 29 anos, que transitava de moto na Avenida Coronel Luiz Mais, bairro Roxo Verde, ficou ferido ap\u00f3s colidir contra um carro, se queixando de dor intensa na perna direita, sem suspeita de fratura. No mesmo hor\u00e1rio, um homem de 65 anos tamb\u00e9m colidiu de moto contra um carro na Rua Santo Ant\u00f4nio, bairro Todos os Santos, e foi encontrado pelos socorristas deambulando no local, consciente e orientado, sem capacete, apresentando escoria\u00e7\u00f5es leves na m\u00e3o esquerda e no joelho direito.<\/p>\n<p>\u00c0s 14h30, a unidade do SAMU foi acionada para atendimento a um homem de 25 anos, na Rua En\u00f4 de Brito, bairro Morada do Parque, que se feriu enquanto trabalhava com uma motosserra. Ele apresentava corte lacerante no bra\u00e7o esquerdo, com exposi\u00e7\u00e3o \u00f3ssea e dificuldade de movimenta\u00e7\u00e3o do cotovelo esquerdo.<\/p>\n<p>\u00c0s 13 horas, uma mulher de 18 anos foi ferida por arma branca (faca) no bairro Jaragu\u00e1 I. Ela apresentava corte contuso no p\u00e9 esquerdo.<\/p>\n<p>Em todas as ocorr\u00eancias os feridos receberam os primeiros atendimentos no local e foram encaminhados ao hospital para avalia\u00e7\u00e3o.<\/p>\n","protected":false},"excerpt":{"rendered":"<p>Segunda-feira, 1\u00ba de setembro de 2014 A unidade do SAMU de Montes Claros realizou nesta segunda-feira, dia 1\u00ba de setembro, 54 atendimentos, sendo 42 casos cl\u00ednicos, 11 atendimentos por acidente de tr\u00e2nsito, 01 por ferimento por arma branca (faca) e um por trauma por motosserra. Entre os atendimentos por acidente de tr\u00e2nsito est\u00e3o uma queda [&hellip;]<\/p>\n","protected":false},"author":1,"featured_media":37592,"comment_status":"open","ping_status":"closed","sticky":false,"template":"","format":"standard","meta":{"amp_status":"","footnotes":""},"categories":[1236],"tags":[210,13995,15184],"class_list":["post-39072","post","type-post","status-publish","format-standard","has-post-thumbnail","hentry","category-norte_de_minas","tag-montes-claros","tag-plantao-samu-macro-norte","tag-plantao-samu-macro-norte-1o-de-setembro-montes-clarosmg"],"_links":{"self":[{"href":"https:\/\/aconteceunovale.com.br\/portal\/index.php?rest_route=\/wp\/v2\/posts\/39072","targetHints":{"allow":["GET"]}}],"collection":[{"href":"https:\/\/aconteceunovale.com.br\/portal\/index.php?rest_route=\/wp\/v2\/posts"}],"about":[{"href":"https:\/\/aconteceunovale.com.br\/portal\/index.php?rest_route=\/wp\/v2\/types\/post"}],"author":[{"embeddable":true,"href":"https:\/\/aconteceunovale.com.br\/portal\/index.php?rest_route=\/wp\/v2\/users\/1"}],"replies":[{"embeddable":true,"href":"https:\/\/aconteceunovale.com.br\/portal\/index.php?rest_route=%2Fwp%2Fv2%2Fcomments&post=39072"}],"version-history":[{"count":0,"href":"https:\/\/aconteceunovale.com.br\/portal\/index.php?rest_route=\/wp\/v2\/posts\/39072\/revisions"}],"wp:featuredmedia":[{"embeddable":true,"href":"https:\/\/aconteceunovale.com.br\/portal\/index.php?rest_route=\/wp\/v2\/media\/37592"}],"wp:attachment":[{"href":"https:\/\/aconteceunovale.com.br\/portal\/index.php?rest_route=%2Fwp%2Fv2%2Fmedia&parent=39072"}],"wp:term":[{"taxonomy":"category","embeddable":true,"href":"https:\/\/aconteceunovale.com.br\/portal\/index.php?rest_route=%2Fwp%2Fv2%2Fcategories&post=39072"},{"taxonomy":"post_tag","embeddable":true,"href":"https:\/\/aconteceunovale.com.br\/portal\/index.php?rest_route=%2Fwp%2Fv2%2Ftags&post=39072"}],"curies":[{"name":"wp","href":"https:\/\/api.w.org\/{rel}","templated":true}]}}