{"id":39068,"date":"2014-09-02T18:19:07","date_gmt":"2014-09-02T21:19:07","guid":{"rendered":"http:\/\/aconteceunovale.com.br\/portal\/?p=39068"},"modified":"2014-09-03T13:09:29","modified_gmt":"2014-09-03T16:09:29","slug":"problemas-financeiros-inviabiliza-a-realizacao-da-festa-do-queijo-na-cidade-do-serro","status":"publish","type":"post","link":"https:\/\/aconteceunovale.com.br\/portal\/?p=39068","title":{"rendered":"Problemas financeiros inviabilizam a realiza\u00e7\u00e3o da Festa do Queijo na cidade do Serro"},"content":{"rendered":"<p>[image src=&#8221;http:\/\/aconteceunovale.com.br\/portal\/wp-content\/uploads\/2014\/09\/queijo_do_serro.jpg&#8221; width=&#8221;200&#8243; height=&#8221;250&#8243; lightbox=&#8221;yes&#8221; align=&#8221;left&#8221; float=&#8221;left&#8221;]Uma das mais tradicionais festas do interior de Minas Gerais n\u00e3o ser\u00e1 realizada este ano por problemas financeiros. Em um comunicado enviado a reda\u00e7\u00e3o do Portal Aconteceu no Vale, a Assessoria de Comunica\u00e7\u00e3o da Prefeitura do Serro, comunicou o cancelamento da Festa do Queijo.<\/p>\n<p>O evento que geralmente \u00e9 realizado no final do m\u00eas de setembro, em 2014, foi cancelado pela administra\u00e7\u00e3o municipal devido \u00e0 redu\u00e7\u00e3o do Fundo de Participa\u00e7\u00e3o dos Munic\u00edpios (FPM). De acordo o secret\u00e1rio de Cultura e Turismo da cidade, Pedro Farnesi, a redu\u00e7\u00e3o gradual do FPM, que vem ocorrendo desde o m\u00eas de maio. \u201cCada dia mais, o Governo Federal vem transferindo manuten\u00e7\u00e3o de servi\u00e7os que seriam de responsabilidade deles, sobrecarregando o caixa da prefeitura\u201d, disse.<\/p>\n<p>De acordo com Farnesi, o cancelamento foi necess\u00e1rio porque a verba em caixa \u00e9 insuficiente. O dinheiro ser\u00e1 usado para quita\u00e7\u00e3o de d\u00edvidas, pagamento de folha de funcion\u00e1rios e manuten\u00e7\u00e3o de servi\u00e7os b\u00e1sicos. \u201cO evento n\u00e3o se paga sozinho. A prefeitura tamb\u00e9m tem que ajudar e n\u00e3o temos como fazer isso agora\u201d, destacou.<\/p>\n<p>Segundo o prefeito de Serro, Epaminondas Miranda, a n\u00e3o realiza\u00e7\u00e3o da festa este ano foi inevit\u00e1vel. &#8220;Minha maior preocupa\u00e7\u00e3o \u00e9 o andamento das obras e crescimento da cidade. O evento \u00e9 tradicional, sentimos muito, mas temos que olhar a cidade como um todo&#8221;, afirmou.<\/p>\n<h4>Festa tradicional<\/h4>\n<p>De acordo com o presidente da Cooperativa dos Produtores Rurais do Serro (Cooperserro), Carlos Dumont, o cancelamento n\u00e3o vai impactar financeiramente os produtores.<\/p>\n<p>No entanto, ele lamenta a n\u00e3o realiza\u00e7\u00e3o porque o evento \u00e9 uma tradi\u00e7\u00e3o da cidade e ajuda a reafirmar a motiva\u00e7\u00e3o de quem produz os queijos. \u201cA festa tem como um dos objetivos incentivar a manuten\u00e7\u00e3o desses produtores na cidade e ajudar a divulgar ainda mais esse nosso produto.\u201d, destacou.<\/p>\n<p><em>(Aconteceu no Vale\/Hoje em Dia)<\/em><\/p>\n","protected":false},"excerpt":{"rendered":"<p>[image src=&#8221;http:\/\/aconteceunovale.com.br\/portal\/wp-content\/uploads\/2014\/09\/queijo_do_serro.jpg&#8221; width=&#8221;200&#8243; height=&#8221;250&#8243; lightbox=&#8221;yes&#8221; align=&#8221;left&#8221; float=&#8221;left&#8221;]Uma das mais tradicionais festas do interior de Minas Gerais n\u00e3o ser\u00e1 realizada este ano por problemas financeiros. Em um comunicado enviado a reda\u00e7\u00e3o do Portal Aconteceu no Vale, a Assessoria de Comunica\u00e7\u00e3o da Prefeitura do Serro, comunicou o cancelamento da Festa do Queijo. O evento que geralmente \u00e9 [&hellip;]<\/p>\n","protected":false},"author":1,"featured_media":39069,"comment_status":"open","ping_status":"closed","sticky":false,"template":"","format":"standard","meta":{"amp_status":"","footnotes":""},"categories":[123],"tags":[15181,15182,15183,154],"class_list":["post-39068","post","type-post","status-publish","format-standard","has-post-thumbnail","hentry","category-gerais","tag-festa-do-queijo-do-serro","tag-festa-do-queijo-no-serro","tag-problemas-financeiros-inviabilizam-a-realizacao-da-festa-do-queijo-na-cidade-do-serro","tag-serro"],"_links":{"self":[{"href":"https:\/\/aconteceunovale.com.br\/portal\/index.php?rest_route=\/wp\/v2\/posts\/39068","targetHints":{"allow":["GET"]}}],"collection":[{"href":"https:\/\/aconteceunovale.com.br\/portal\/index.php?rest_route=\/wp\/v2\/posts"}],"about":[{"href":"https:\/\/aconteceunovale.com.br\/portal\/index.php?rest_route=\/wp\/v2\/types\/post"}],"author":[{"embeddable":true,"href":"https:\/\/aconteceunovale.com.br\/portal\/index.php?rest_route=\/wp\/v2\/users\/1"}],"replies":[{"embeddable":true,"href":"https:\/\/aconteceunovale.com.br\/portal\/index.php?rest_route=%2Fwp%2Fv2%2Fcomments&post=39068"}],"version-history":[{"count":0,"href":"https:\/\/aconteceunovale.com.br\/portal\/index.php?rest_route=\/wp\/v2\/posts\/39068\/revisions"}],"wp:featuredmedia":[{"embeddable":true,"href":"https:\/\/aconteceunovale.com.br\/portal\/index.php?rest_route=\/wp\/v2\/media\/39069"}],"wp:attachment":[{"href":"https:\/\/aconteceunovale.com.br\/portal\/index.php?rest_route=%2Fwp%2Fv2%2Fmedia&parent=39068"}],"wp:term":[{"taxonomy":"category","embeddable":true,"href":"https:\/\/aconteceunovale.com.br\/portal\/index.php?rest_route=%2Fwp%2Fv2%2Fcategories&post=39068"},{"taxonomy":"post_tag","embeddable":true,"href":"https:\/\/aconteceunovale.com.br\/portal\/index.php?rest_route=%2Fwp%2Fv2%2Ftags&post=39068"}],"curies":[{"name":"wp","href":"https:\/\/api.w.org\/{rel}","templated":true}]}}