{"id":39049,"date":"2014-09-02T17:09:17","date_gmt":"2014-09-02T20:09:17","guid":{"rendered":"http:\/\/aconteceunovale.com.br\/portal\/?p=39049"},"modified":"2014-09-02T17:09:17","modified_gmt":"2014-09-02T20:09:17","slug":"igreja-matriz-de-conceicao-do-mato-dentro-tera-paredes-e-forro-da-capela-mor-prontos-em-dezembro","status":"publish","type":"post","link":"https:\/\/aconteceunovale.com.br\/portal\/?p=39049","title":{"rendered":"Igreja Matriz de Concei\u00e7\u00e3o do Mato Dentro ter\u00e1 paredes e forro da capela-mor prontos em dezembro"},"content":{"rendered":"<p>Os trabalhos de restaura\u00e7\u00e3o da Igreja Matriz de Concei\u00e7\u00e3o do Mato Dentro j\u00e1 completam um ano e meio. De camada em camada, grandes descobertas est\u00e3o sendo feitas. Os trabalhos agora se concentram na complementa\u00e7\u00e3o das t\u00e1buas e na reintegra\u00e7\u00e3o das pinturas que comp\u00f5em o cen\u00e1rio da capela-mor, que ter\u00e1 suas paredes e forro entregues no final do ano. No lugar da imagem do Esp\u00edrito Santo, Nossa Senhora da Assun\u00e7\u00e3o recepcionar\u00e1 os fi\u00e9is de bra\u00e7os abertos.<\/p>\n<p>Durante a remo\u00e7\u00e3o das tintas, descobriu-se que na capela-mor existiam tr\u00eas camadas de pintura, sendo a primeira a original. Nesta, Nossa Senhora da Assun\u00e7\u00e3o revela um trabalho barroco bastante expressivo, com formas e t\u00e9cnicas de profundidade bem aprimoradas. O que os conceicionenses podiam ver era uma figura do Esp\u00edrito Santo que, por sua vez, j\u00e1 escondia uma segunda camada, onde estava estampada Nossa Senhora da Imaculada Concei\u00e7\u00e3o com suas m\u00e3os postas.<\/p>\n<p>Para garantir que as pe\u00e7as sejam recuperadas respeitando sua originalidade, as t\u00e9cnicas de restauro exigem dos profissionais experi\u00eancia e paci\u00eancia. Uma t\u00e1bua pequena leva em m\u00e9dia uma semana para que suas camadas de tinta superficiais sejam removidas. E quando a pintura original \u00e9 encontrada, come\u00e7am outros trabalhos ainda mais minuciosos: de complementa\u00e7\u00e3o e de reintegra\u00e7\u00e3o.<\/p>\n<p>A complementa\u00e7\u00e3o \u00e9 um trabalho na estrutura da pe\u00e7a que funciona como um quebra-cabe\u00e7a, por\u00e9m, com a cria\u00e7\u00e3o das pe\u00e7as faltantes. E esses novos peda\u00e7os respeitam, inclusive, os recortes derivados da quebra ou corros\u00e3o da madeira. J\u00e1 a reintegra\u00e7\u00e3o diz respeito \u00e0s pinturas. Onde os tra\u00e7os est\u00e3o falhos, estes s\u00e3o reparados com precis\u00e3o e destreza.<\/p>\n<p>A restaura\u00e7\u00e3o da Igreja Matriz \u00e9 objeto de um conv\u00eanio firmado entre a Par\u00f3quia e a Anglo American. O tempo total dos trabalhos \u00e9 de quatro anos.<\/p>\n<p><img decoding=\"async\" src=\"http:\/\/aconteceunovale.com.br\/portal\/wp-content\/uploads\/2014\/09\/restauracao_igreja_cmd_1.jpg\" alt=\"\" \/><\/p>\n<p><img decoding=\"async\" src=\"http:\/\/aconteceunovale.com.br\/portal\/wp-content\/uploads\/2014\/09\/restauracao_igreja_cmd_2.jpg\" alt=\"\" \/><em><strong>(Fotos e informa\u00e7\u00f5es da Ascom da Prefeitura de Concei\u00e7\u00e3o do Mato Dentro)<\/strong><\/em><\/p>\n","protected":false},"excerpt":{"rendered":"<p>Os trabalhos de restaura\u00e7\u00e3o da Igreja Matriz de Concei\u00e7\u00e3o do Mato Dentro j\u00e1 completam um ano e meio. De camada em camada, grandes descobertas est\u00e3o sendo feitas. Os trabalhos agora se concentram na complementa\u00e7\u00e3o das t\u00e1buas e na reintegra\u00e7\u00e3o das pinturas que comp\u00f5em o cen\u00e1rio da capela-mor, que ter\u00e1 suas paredes e forro entregues no [&hellip;]<\/p>\n","protected":false},"author":1,"featured_media":39050,"comment_status":"open","ping_status":"closed","sticky":false,"template":"","format":"standard","meta":{"amp_status":"","footnotes":""},"categories":[123],"tags":[628,15174,15173],"class_list":["post-39049","post","type-post","status-publish","format-standard","has-post-thumbnail","hentry","category-gerais","tag-conceicao-do-mato-dentro","tag-igreja-matriz-de-conceicao-do-mato-dentro","tag-igreja-matriz-de-conceicao-do-mato-dentro-tera-paredes-e-forro-da-capela-mor-prontos-em-dezembro"],"_links":{"self":[{"href":"https:\/\/aconteceunovale.com.br\/portal\/index.php?rest_route=\/wp\/v2\/posts\/39049","targetHints":{"allow":["GET"]}}],"collection":[{"href":"https:\/\/aconteceunovale.com.br\/portal\/index.php?rest_route=\/wp\/v2\/posts"}],"about":[{"href":"https:\/\/aconteceunovale.com.br\/portal\/index.php?rest_route=\/wp\/v2\/types\/post"}],"author":[{"embeddable":true,"href":"https:\/\/aconteceunovale.com.br\/portal\/index.php?rest_route=\/wp\/v2\/users\/1"}],"replies":[{"embeddable":true,"href":"https:\/\/aconteceunovale.com.br\/portal\/index.php?rest_route=%2Fwp%2Fv2%2Fcomments&post=39049"}],"version-history":[{"count":0,"href":"https:\/\/aconteceunovale.com.br\/portal\/index.php?rest_route=\/wp\/v2\/posts\/39049\/revisions"}],"wp:featuredmedia":[{"embeddable":true,"href":"https:\/\/aconteceunovale.com.br\/portal\/index.php?rest_route=\/wp\/v2\/media\/39050"}],"wp:attachment":[{"href":"https:\/\/aconteceunovale.com.br\/portal\/index.php?rest_route=%2Fwp%2Fv2%2Fmedia&parent=39049"}],"wp:term":[{"taxonomy":"category","embeddable":true,"href":"https:\/\/aconteceunovale.com.br\/portal\/index.php?rest_route=%2Fwp%2Fv2%2Fcategories&post=39049"},{"taxonomy":"post_tag","embeddable":true,"href":"https:\/\/aconteceunovale.com.br\/portal\/index.php?rest_route=%2Fwp%2Fv2%2Ftags&post=39049"}],"curies":[{"name":"wp","href":"https:\/\/api.w.org\/{rel}","templated":true}]}}