{"id":38989,"date":"2014-09-01T19:25:34","date_gmt":"2014-09-01T22:25:34","guid":{"rendered":"http:\/\/aconteceunovale.com.br\/portal\/?p=38989"},"modified":"2014-09-01T19:28:00","modified_gmt":"2014-09-01T22:28:00","slug":"homem-morre-em-acidente-na-mgc-120-entre-dores-de-guanhaes-e-ferros","status":"publish","type":"post","link":"https:\/\/aconteceunovale.com.br\/portal\/?p=38989","title":{"rendered":"Homem morre em acidente na MGC-120, entre Dores de Guanh\u00e3es e Ferros"},"content":{"rendered":"<p>Um homem de 42 anos morreu em um grave acidente na MGC-120, pr\u00f3ximo a Vila Esperan\u00e7a, entre os munic\u00edpios de Dores de Guanh\u00e3es e Ferros.<\/p>\n<p>De acordo com informa\u00e7\u00f5es, a v\u00edtima Fl\u00e1vio Fonseca Abdo conduzia um ve\u00edculo VW Polo, com placas de Belo Horizonte, quando teria perdido o controle e capotado em uma ribanceira \u00e0s margens da rodovia. A suspeita \u00e9 que ele tenha dormido ao volante.<\/p>\n<p>O corpo foi removido do local e levado para Guanh\u00e3es e posteriormente ser\u00e1 liberado para os familiares.<\/p>\n<p><img decoding=\"async\" src=\"http:\/\/aconteceunovale.com.br\/portal\/wp-content\/uploads\/2014\/09\/acidente_mgc_120_01_9_1.jpg\" alt=\"\" \/><\/p>\n<p><img decoding=\"async\" src=\"http:\/\/aconteceunovale.com.br\/portal\/wp-content\/uploads\/2014\/09\/acidente_mgc_120_01_9_2.jpg\" alt=\"\" \/><\/p>\n<p><img decoding=\"async\" src=\"http:\/\/aconteceunovale.com.br\/portal\/wp-content\/uploads\/2014\/09\/acidente_mgc_120_01_9_3.jpg\" alt=\"\" \/><em><strong>(Fotos: Fernando Ara\u00fajo \/ Informa\u00e7\u00f5es: R\u00e1dio Vida Nova FM)<\/strong><\/em><\/p>\n","protected":false},"excerpt":{"rendered":"<p>Um homem de 42 anos morreu em um grave acidente na MGC-120, pr\u00f3ximo a Vila Esperan\u00e7a, entre os munic\u00edpios de Dores de Guanh\u00e3es e Ferros. De acordo com informa\u00e7\u00f5es, a v\u00edtima Fl\u00e1vio Fonseca Abdo conduzia um ve\u00edculo VW Polo, com placas de Belo Horizonte, quando teria perdido o controle e capotado em uma ribanceira \u00e0s [&hellip;]<\/p>\n","protected":false},"author":1,"featured_media":38990,"comment_status":"open","ping_status":"closed","sticky":false,"template":"","format":"standard","meta":{"amp_status":"","footnotes":""},"categories":[123],"tags":[15040,194,287,3378,15039,155,15038,15042,15041],"class_list":["post-38989","post","type-post","status-publish","format-standard","has-post-thumbnail","hentry","category-gerais","tag-acidente-com-flavio-fonseca-abdo","tag-belo-horizonte","tag-dores-de-guanhaes","tag-ferros","tag-flavio-fonseca-abdo","tag-guanhaes","tag-homem-morre-em-acidente-na-mgc-120-entre-dores-de-guanhaes-e-ferros","tag-informacoes-do-acidente-com-flavio-fonseca-abdo","tag-noticia-do-acidente-com-flavio-fonseca-abdo"],"_links":{"self":[{"href":"https:\/\/aconteceunovale.com.br\/portal\/index.php?rest_route=\/wp\/v2\/posts\/38989","targetHints":{"allow":["GET"]}}],"collection":[{"href":"https:\/\/aconteceunovale.com.br\/portal\/index.php?rest_route=\/wp\/v2\/posts"}],"about":[{"href":"https:\/\/aconteceunovale.com.br\/portal\/index.php?rest_route=\/wp\/v2\/types\/post"}],"author":[{"embeddable":true,"href":"https:\/\/aconteceunovale.com.br\/portal\/index.php?rest_route=\/wp\/v2\/users\/1"}],"replies":[{"embeddable":true,"href":"https:\/\/aconteceunovale.com.br\/portal\/index.php?rest_route=%2Fwp%2Fv2%2Fcomments&post=38989"}],"version-history":[{"count":0,"href":"https:\/\/aconteceunovale.com.br\/portal\/index.php?rest_route=\/wp\/v2\/posts\/38989\/revisions"}],"wp:featuredmedia":[{"embeddable":true,"href":"https:\/\/aconteceunovale.com.br\/portal\/index.php?rest_route=\/wp\/v2\/media\/38990"}],"wp:attachment":[{"href":"https:\/\/aconteceunovale.com.br\/portal\/index.php?rest_route=%2Fwp%2Fv2%2Fmedia&parent=38989"}],"wp:term":[{"taxonomy":"category","embeddable":true,"href":"https:\/\/aconteceunovale.com.br\/portal\/index.php?rest_route=%2Fwp%2Fv2%2Fcategories&post=38989"},{"taxonomy":"post_tag","embeddable":true,"href":"https:\/\/aconteceunovale.com.br\/portal\/index.php?rest_route=%2Fwp%2Fv2%2Ftags&post=38989"}],"curies":[{"name":"wp","href":"https:\/\/api.w.org\/{rel}","templated":true}]}}