{"id":38859,"date":"2014-09-01T09:34:32","date_gmt":"2014-09-01T12:34:32","guid":{"rendered":"http:\/\/aconteceunovale.com.br\/portal\/?p=38859"},"modified":"2014-09-01T09:34:32","modified_gmt":"2014-09-01T12:34:32","slug":"plantao-samu-macro-norte-29-a-31-de-agosto-montes-clarosmg","status":"publish","type":"post","link":"https:\/\/aconteceunovale.com.br\/portal\/?p=38859","title":{"rendered":"Plant\u00e3o SAMU Macro Norte \u2013 29 a 31 de agosto \u2013 Montes Claros\/MG"},"content":{"rendered":"<h4><em><strong>Final de semana, 29 a 31 de agosto de 2014<\/strong><\/em><\/h4>\n<p>A unidade do SAMU de Montes Claros realizou neste final de semana, de 29 a 31 de agosto, 151 atendimentos, sendo 102 casos cl\u00ednicos, 39 por acidente de tr\u00e2nsito, 04 por ferimento por arma de fogo, 04 por queda de altura e 02 por tentativa de autoexterm\u00ednio.<\/p>\n<p>Entre os acidentes de tr\u00e2nsito, 33 envolveram motocicleta e em um deles, ocorrido por volta das 19h30 de domingo, 31\/08, na Avenida Cula Mangabeira, um homem de 38 anos morreu no local. <\/p>\n<p>Entre os feridos por arma de fogo, houve uma v\u00edtima fatal, um rapaz de 21 anos, ferido por volta 9 horas de s\u00e1bado, 30\/08, no Confer\u00eancia Cidade Cristo Rei.<\/p>\n<p>Entre as ocorr\u00eancias de autoexterm\u00ednio, uma jovem de 17 anos foi a \u00f3bito na manh\u00e3 de sexta-feira, no Bairro Santa Rita I.<\/p>\n<p>Em todas as ocorr\u00eancias os feridos receberam os primeiros atendimentos no local, conforme protocolo padr\u00e3o, e foram encaminhados ao hospital para avalia\u00e7\u00e3o.<\/p>\n","protected":false},"excerpt":{"rendered":"<p>Final de semana, 29 a 31 de agosto de 2014 A unidade do SAMU de Montes Claros realizou neste final de semana, de 29 a 31 de agosto, 151 atendimentos, sendo 102 casos cl\u00ednicos, 39 por acidente de tr\u00e2nsito, 04 por ferimento por arma de fogo, 04 por queda de altura e 02 por tentativa [&hellip;]<\/p>\n","protected":false},"author":1,"featured_media":37592,"comment_status":"open","ping_status":"closed","sticky":false,"template":"","format":"standard","meta":{"amp_status":"","footnotes":""},"categories":[1236],"tags":[210,13995,14940],"class_list":["post-38859","post","type-post","status-publish","format-standard","has-post-thumbnail","hentry","category-norte_de_minas","tag-montes-claros","tag-plantao-samu-macro-norte","tag-plantao-samu-macro-norte-29-a-31-de-agosto-montes-clarosmg"],"_links":{"self":[{"href":"https:\/\/aconteceunovale.com.br\/portal\/index.php?rest_route=\/wp\/v2\/posts\/38859","targetHints":{"allow":["GET"]}}],"collection":[{"href":"https:\/\/aconteceunovale.com.br\/portal\/index.php?rest_route=\/wp\/v2\/posts"}],"about":[{"href":"https:\/\/aconteceunovale.com.br\/portal\/index.php?rest_route=\/wp\/v2\/types\/post"}],"author":[{"embeddable":true,"href":"https:\/\/aconteceunovale.com.br\/portal\/index.php?rest_route=\/wp\/v2\/users\/1"}],"replies":[{"embeddable":true,"href":"https:\/\/aconteceunovale.com.br\/portal\/index.php?rest_route=%2Fwp%2Fv2%2Fcomments&post=38859"}],"version-history":[{"count":0,"href":"https:\/\/aconteceunovale.com.br\/portal\/index.php?rest_route=\/wp\/v2\/posts\/38859\/revisions"}],"wp:featuredmedia":[{"embeddable":true,"href":"https:\/\/aconteceunovale.com.br\/portal\/index.php?rest_route=\/wp\/v2\/media\/37592"}],"wp:attachment":[{"href":"https:\/\/aconteceunovale.com.br\/portal\/index.php?rest_route=%2Fwp%2Fv2%2Fmedia&parent=38859"}],"wp:term":[{"taxonomy":"category","embeddable":true,"href":"https:\/\/aconteceunovale.com.br\/portal\/index.php?rest_route=%2Fwp%2Fv2%2Fcategories&post=38859"},{"taxonomy":"post_tag","embeddable":true,"href":"https:\/\/aconteceunovale.com.br\/portal\/index.php?rest_route=%2Fwp%2Fv2%2Ftags&post=38859"}],"curies":[{"name":"wp","href":"https:\/\/api.w.org\/{rel}","templated":true}]}}