{"id":38854,"date":"2014-08-31T23:10:18","date_gmt":"2014-09-01T02:10:18","guid":{"rendered":"http:\/\/aconteceunovale.com.br\/portal\/?p=38854"},"modified":"2014-08-31T23:12:04","modified_gmt":"2014-09-01T02:12:04","slug":"acidente-entre-dois-veiculos-deixa-dois-mortos-e-tres-feridos-no-norte-de-minas","status":"publish","type":"post","link":"https:\/\/aconteceunovale.com.br\/portal\/?p=38854","title":{"rendered":"Acidente entre dois ve\u00edculos deixa dois mortos e tr\u00eas feridos no Norte de Minas"},"content":{"rendered":"<h4><em><strong>Passageiros de um dos carros revelaram que teriam consumido bebidas alco\u00f3licas pouco antes do acidente<\/strong><\/em><\/h4>\n<p>Duas pessoas morreram e tr\u00eas ficaram feridas em um grav\u00edssimo acidente na tarde deste domingo, 31 de agosto, na MGT-135, que liga Montes Claros a Janu\u00e1ria, no Norte de Minas Gerais. De acordo com informa\u00e7\u00f5es do Corpo de Bombeiros, por volta das 12 horas, um ve\u00edculo Vectra placa GSM-7204, de Cachoeira da Prata\/MG, que trafegava sentido Montes Claros rodou na pista e colidiu frontalmente com um Pajero, que vinha no sentido contr\u00e1rio.<\/p>\n<p><img decoding=\"async\" src=\"http:\/\/aconteceunovale.com.br\/portal\/wp-content\/uploads\/2014\/08\/acidente_mirabela_31_1.jpg\" alt=\"\" \/><em>Motorista da Pajero foi surpreendido pelo Vectra\u2013 Foto: Corpo de Bombeiros\/Divulga\u00e7\u00e3o<\/em><br \/>\n<\/br><\/p>\n<p>Com o impacto do acidente, o condutor do Vectra e um passageiro ficaram presos \u00e0s ferragens e morreram no local do acidente. Os outros dois ocupantes, Abelardo Alves Pereira, de 32 anos, foi socorrido com suspeita de trauma no t\u00f3rax, e Francisco Ildeu Pereira, de 42, com fratura no rosto, escoria\u00e7\u00f5es no bra\u00e7o esquerdo e suspeita de hemorragia interna. Os dois feridos e o motorista do Pajero foram encaminhados para atendimento m\u00e9dico na Santa Casa de Montes Claros.<\/p>\n<p>De acordo com o sargento do Corpo de Bombeiros Carlos Roberto da Silva, h\u00e1 suspeita de que os ocupantes do Vectra, incluindo o condutor, tenham ingerido bebida alco\u00f3lica minutos antes do acidente. \u201cUm dos passageiros disse que eles tinham acabado de almo\u00e7ar e bebido um pouco\u201d, relatou Silva.<\/p>\n<p>O sargento disse que a batida ocorreu em uma reta onde a condi\u00e7\u00e3o da estrada est\u00e1 boa. Tudo indica que o motorista do Vectra, n\u00e3o identificado, tenha perdido o controle da dire\u00e7\u00e3o. O ve\u00edculo virou e bateu de lado com o Pajero. Os ocupantes do Vectra, segundo o bombeiro, s\u00e3o de um distrito de Mirabela, na mesma regi\u00e3o, que estava em festa neste fim de semana.<\/p>\n<p><img decoding=\"async\" src=\"http:\/\/aconteceunovale.com.br\/portal\/wp-content\/uploads\/2014\/08\/acidente_mirabela_31_2.jpg\" alt=\"\" \/><em>Motorista da Pajero foi surpreendido pelo Vectra\u2013 Foto: Corpo de Bombeiros\/Divulga\u00e7\u00e3o<\/em><br \/>\n<\/br><\/p>\n<p><strong>(O Tempo\/Aconteceu no Vale)<\/strong><\/p>\n","protected":false},"excerpt":{"rendered":"<p>Passageiros de um dos carros revelaram que teriam consumido bebidas alco\u00f3licas pouco antes do acidente Duas pessoas morreram e tr\u00eas ficaram feridas em um grav\u00edssimo acidente na tarde deste domingo, 31 de agosto, na MGT-135, que liga Montes Claros a Janu\u00e1ria, no Norte de Minas Gerais. De acordo com informa\u00e7\u00f5es do Corpo de Bombeiros, por [&hellip;]<\/p>\n","protected":false},"author":1,"featured_media":38855,"comment_status":"open","ping_status":"closed","sticky":false,"template":"","format":"standard","meta":{"amp_status":"","footnotes":""},"categories":[1236],"tags":[14936,14935,14938,14939,14934,1018,14937,205,1699,210],"class_list":["post-38854","post","type-post","status-publish","format-standard","has-post-thumbnail","hentry","category-norte_de_minas","tag-abelardo-alves-pereira","tag-acidente-com-vectra-de-cachoeira-da-prata","tag-acidente-com-vitimas-de-mirabela","tag-acidente-entre-dois-veiculos-deixa-dois-mortos-e-tres-feridos-no-norte-de-minas","tag-cachoeira-da-prata","tag-destaque","tag-francisco-ildeu-pereira","tag-januaria","tag-mirabela","tag-montes-claros"],"_links":{"self":[{"href":"https:\/\/aconteceunovale.com.br\/portal\/index.php?rest_route=\/wp\/v2\/posts\/38854","targetHints":{"allow":["GET"]}}],"collection":[{"href":"https:\/\/aconteceunovale.com.br\/portal\/index.php?rest_route=\/wp\/v2\/posts"}],"about":[{"href":"https:\/\/aconteceunovale.com.br\/portal\/index.php?rest_route=\/wp\/v2\/types\/post"}],"author":[{"embeddable":true,"href":"https:\/\/aconteceunovale.com.br\/portal\/index.php?rest_route=\/wp\/v2\/users\/1"}],"replies":[{"embeddable":true,"href":"https:\/\/aconteceunovale.com.br\/portal\/index.php?rest_route=%2Fwp%2Fv2%2Fcomments&post=38854"}],"version-history":[{"count":0,"href":"https:\/\/aconteceunovale.com.br\/portal\/index.php?rest_route=\/wp\/v2\/posts\/38854\/revisions"}],"wp:featuredmedia":[{"embeddable":true,"href":"https:\/\/aconteceunovale.com.br\/portal\/index.php?rest_route=\/wp\/v2\/media\/38855"}],"wp:attachment":[{"href":"https:\/\/aconteceunovale.com.br\/portal\/index.php?rest_route=%2Fwp%2Fv2%2Fmedia&parent=38854"}],"wp:term":[{"taxonomy":"category","embeddable":true,"href":"https:\/\/aconteceunovale.com.br\/portal\/index.php?rest_route=%2Fwp%2Fv2%2Fcategories&post=38854"},{"taxonomy":"post_tag","embeddable":true,"href":"https:\/\/aconteceunovale.com.br\/portal\/index.php?rest_route=%2Fwp%2Fv2%2Ftags&post=38854"}],"curies":[{"name":"wp","href":"https:\/\/api.w.org\/{rel}","templated":true}]}}