{"id":38570,"date":"2014-08-29T13:59:15","date_gmt":"2014-08-29T16:59:15","guid":{"rendered":"http:\/\/aconteceunovale.com.br\/portal\/?p=38570"},"modified":"2014-08-29T13:59:15","modified_gmt":"2014-08-29T16:59:15","slug":"em-capelinha-segunda-dose-da-vacina-contra-hpv-comeca-a-ser-aplicada-dia-1o-de-setembro","status":"publish","type":"post","link":"https:\/\/aconteceunovale.com.br\/portal\/?p=38570","title":{"rendered":"Em Capelinha, segunda dose da vacina contra HPV come\u00e7a a ser aplicada dia 1\u00ba de setembro"},"content":{"rendered":"<p>Come\u00e7a no dia 1\u00ba de setembro, segunda-feira, a segunda etapa da Campanha de Vacina\u00e7\u00e3o contra HPV, que tem como p\u00fablico alvo adolescentes de 11 a 13 anos. As vacinas ser\u00e3o aplicadas por profissionais da sa\u00fade, em todas as Unidades de Sa\u00fade da Zona Urbana e Rural de Capelinha.<\/p>\n<p>Segundo a Secretaria Municipal de Sa\u00fade, \u00e9 importante que todas as adolescentes procurem os postos de sa\u00fade para receberem a segunda dose que garante a imuniza\u00e7\u00e3o completa. Na primeira etapa de vacina\u00e7\u00e3o, cerca de 1.000 adolescentes foram imunizadas, o que representa um alcance maior do que a meta, conforme informou a Coordenadora do Departamento de Epidemiologia, Daniela Catarina. <\/p>\n<p>A terceira dose da vacina tem que ser tomada ap\u00f3s cinco anos, ou seja, em 2019. Para mais informa\u00e7\u00f5es basta se dirigir \u00e0 Unidade de Sa\u00fade do seu bairro.  <\/p>\n<p><img decoding=\"async\" src=\"http:\/\/aconteceunovale.com.br\/portal\/wp-content\/uploads\/2014\/08\/vacina_hpv_cap_2.jpg\" alt=\"\" \/><em><strong>(Foto e informa\u00e7\u00f5es da Ascom da Prefeitura de Capelinha)<\/strong><\/em><\/p>\n","protected":false},"excerpt":{"rendered":"<p>Come\u00e7a no dia 1\u00ba de setembro, segunda-feira, a segunda etapa da Campanha de Vacina\u00e7\u00e3o contra HPV, que tem como p\u00fablico alvo adolescentes de 11 a 13 anos. As vacinas ser\u00e3o aplicadas por profissionais da sa\u00fade, em todas as Unidades de Sa\u00fade da Zona Urbana e Rural de Capelinha. Segundo a Secretaria Municipal de Sa\u00fade, \u00e9 [&hellip;]<\/p>\n","protected":false},"author":1,"featured_media":38571,"comment_status":"open","ping_status":"closed","sticky":false,"template":"","format":"standard","meta":{"amp_status":"","footnotes":""},"categories":[120],"tags":[132,14820,14821],"class_list":["post-38570","post","type-post","status-publish","format-standard","has-post-thumbnail","hentry","category-jequi","tag-capelinha","tag-segunda-dose-da-vacina-contra-hpv-comeca-a-ser-aplicada-dia-1o-de-setembro-em-capelinha","tag-vacina-contra-hpv"],"_links":{"self":[{"href":"https:\/\/aconteceunovale.com.br\/portal\/index.php?rest_route=\/wp\/v2\/posts\/38570","targetHints":{"allow":["GET"]}}],"collection":[{"href":"https:\/\/aconteceunovale.com.br\/portal\/index.php?rest_route=\/wp\/v2\/posts"}],"about":[{"href":"https:\/\/aconteceunovale.com.br\/portal\/index.php?rest_route=\/wp\/v2\/types\/post"}],"author":[{"embeddable":true,"href":"https:\/\/aconteceunovale.com.br\/portal\/index.php?rest_route=\/wp\/v2\/users\/1"}],"replies":[{"embeddable":true,"href":"https:\/\/aconteceunovale.com.br\/portal\/index.php?rest_route=%2Fwp%2Fv2%2Fcomments&post=38570"}],"version-history":[{"count":0,"href":"https:\/\/aconteceunovale.com.br\/portal\/index.php?rest_route=\/wp\/v2\/posts\/38570\/revisions"}],"wp:featuredmedia":[{"embeddable":true,"href":"https:\/\/aconteceunovale.com.br\/portal\/index.php?rest_route=\/wp\/v2\/media\/38571"}],"wp:attachment":[{"href":"https:\/\/aconteceunovale.com.br\/portal\/index.php?rest_route=%2Fwp%2Fv2%2Fmedia&parent=38570"}],"wp:term":[{"taxonomy":"category","embeddable":true,"href":"https:\/\/aconteceunovale.com.br\/portal\/index.php?rest_route=%2Fwp%2Fv2%2Fcategories&post=38570"},{"taxonomy":"post_tag","embeddable":true,"href":"https:\/\/aconteceunovale.com.br\/portal\/index.php?rest_route=%2Fwp%2Fv2%2Ftags&post=38570"}],"curies":[{"name":"wp","href":"https:\/\/api.w.org\/{rel}","templated":true}]}}