{"id":38552,"date":"2014-08-29T11:39:12","date_gmt":"2014-08-29T14:39:12","guid":{"rendered":"http:\/\/aconteceunovale.com.br\/portal\/?p=38552"},"modified":"2014-08-29T11:39:12","modified_gmt":"2014-08-29T14:39:12","slug":"operacao-conjunta-entre-policia-civil-e-militar-combate-a-criminalidade-em-itamarandiba","status":"publish","type":"post","link":"https:\/\/aconteceunovale.com.br\/portal\/?p=38552","title":{"rendered":"Opera\u00e7\u00e3o conjunta entre Pol\u00edcia Civil e Militar combate a criminalidade em Itamarandiba"},"content":{"rendered":"<p>A Civil e Pol\u00edcia Militar deflagrou na manh\u00e3 desta sexta-feira, 29 de agosto, uma grande opera\u00e7\u00e3o com intuito de combater a criminalidade em Itamarandiba, no Vale do Jequitinhonha. Denominada de \u201cOpera\u00e7\u00e3o Purifica\u00e7\u00e3o\u201d, a a\u00e7\u00e3o envolveu 54 policiais de v\u00e1rias cidades da regi\u00e3o e consistiu no cumprimento de 17 mandados de busca e apreens\u00e3o e na realiza\u00e7\u00e3o de blitz de tr\u00e2nsito. <\/p>\n<p>A opera\u00e7\u00e3o contou com a participa\u00e7\u00e3o do Delegado Regional, Dr. R\u00f4mulo Quintino; o Delegado de Itamarandiba, Dr. Vin\u00edcius de Barros; o Delegado de Capelinha, Dr. Marcos Valverde; o Tenente M\u00e1rcio Brand\u00e3o, da PM de Capelinha; e o Sargento Orlando Costa de Souza, Comandante Interino da pol\u00edcia de Itamarandiba. Ainda estiveram presentes policiais das cidades de Diamantina, Itamarandiba, Minas Novas e Capelinha. Dentre eles, 22 eram militares e 32, civis. Um c\u00e3o farejador tamb\u00e9m foi utilizado para ajudar nas buscas e identifica\u00e7\u00e3o das drogas.<\/p>\n<p><img decoding=\"async\" src=\"http:\/\/aconteceunovale.com.br\/portal\/wp-content\/uploads\/2014\/08\/operacao_ita_29.jpg\" alt=\"\" \/><em>(A opera\u00e7\u00e3o contou com a participa\u00e7\u00e3o de 54 policiais civis e militares &#8211; Foto: Itamarandiba Hoje)<\/em><br \/>\n<\/br><\/p>\n<p>O respons\u00e1vel pela a\u00e7\u00e3o, por parte da Pol\u00edcia Militar, Tenente M\u00e1rcio Brand\u00e3o, ressaltou a import\u00e2ncia da opera\u00e7\u00e3o, a qual busca trazer mais seguran\u00e7a para a sociedade. Segundo ele, \u201cA PM foi acionada para prestar apoio aos delegados de Capelinha, Itamarandiba e Minas novas. N\u00f3s viemos \u00e0 cidade de Itamarandiba para desencadear opera\u00e7\u00f5es de batida policial, mandados de busca e apreens\u00e3o. Havia alvos pr\u00e9-determinados de cidad\u00e3os infratores e todos os mandatos, ao todo 17, foram cumpridos com apreens\u00e3o de armas e drogas. O saldo dessa opera\u00e7\u00e3o foi extremamente positivo, principalmente com rela\u00e7\u00e3o \u00e0 sensa\u00e7\u00e3o de seguran\u00e7a que passa para a sociedade. A pol\u00edcia est\u00e1 presente para coibir qualquer pr\u00e1tica delitiva que, por ventura, aconte\u00e7a na cidade.\u201d<\/p>\n<p>O Delegado de Itamarandiba, Dr. Vin\u00edcius de Barros, tamb\u00e9m considerou a opera\u00e7\u00e3o satisfat\u00f3ria. \u201cFoi uma investiga\u00e7\u00e3o que j\u00e1 iniciou, h\u00e1 uns dois meses, com policiais de fora fazendo investiga\u00e7\u00f5es. Tivemos um resultado positivo, pois cumprimos os mandados de busca e apreens\u00e3o de armas, drogas e um menor infrator. Fizemos uma blitz de tr\u00e2nsito tamb\u00e9m e v\u00e1rios ve\u00edculos irregulares foram apreendidos\u201d, afirmou.<\/p>\n<p>O Delegado de Itamarandiba tamb\u00e9m falou a respeito da queda de furtos e roubos na cidade, em compara\u00e7\u00e3o com o m\u00eas passado. \u201cHouve muito furto e roubo praticado por menor de idade e n\u00f3s conseguimos apreender v\u00e1rios desses menores. N\u00f3s da Pol\u00edcia Civil juntamente com a Pol\u00edcia Militar, o juiz e a promotora agimos com firmeza e conseguimos tirar v\u00e1rios deles da cidade, desarticulando alguns grupos que estavam praticando assaltos e cometendo delitos na cidade\u201d, afirmou Dr. Vin\u00edcius.<\/p>\n<p><strong>(Itamarandiba Hoje)<\/strong><\/p>\n","protected":false},"excerpt":{"rendered":"<p>A Civil e Pol\u00edcia Militar deflagrou na manh\u00e3 desta sexta-feira, 29 de agosto, uma grande opera\u00e7\u00e3o com intuito de combater a criminalidade em Itamarandiba, no Vale do Jequitinhonha. Denominada de \u201cOpera\u00e7\u00e3o Purifica\u00e7\u00e3o\u201d, a a\u00e7\u00e3o envolveu 54 policiais de v\u00e1rias cidades da regi\u00e3o e consistiu no cumprimento de 17 mandados de busca e apreens\u00e3o e na [&hellip;]<\/p>\n","protected":false},"author":1,"featured_media":38553,"comment_status":"open","ping_status":"closed","sticky":false,"template":"","format":"standard","meta":{"amp_status":"","footnotes":""},"categories":[120],"tags":[132,1018,198,149,137,14812,14811],"class_list":["post-38552","post","type-post","status-publish","format-standard","has-post-thumbnail","hentry","category-jequi","tag-capelinha","tag-destaque","tag-diamantina","tag-itamarandiba","tag-minas-novas","tag-operacao-conjunta-entre-policia-civil-e-militar-combate-a-criminalidade-em-itamarandiba","tag-operacao-purificacao"],"_links":{"self":[{"href":"https:\/\/aconteceunovale.com.br\/portal\/index.php?rest_route=\/wp\/v2\/posts\/38552","targetHints":{"allow":["GET"]}}],"collection":[{"href":"https:\/\/aconteceunovale.com.br\/portal\/index.php?rest_route=\/wp\/v2\/posts"}],"about":[{"href":"https:\/\/aconteceunovale.com.br\/portal\/index.php?rest_route=\/wp\/v2\/types\/post"}],"author":[{"embeddable":true,"href":"https:\/\/aconteceunovale.com.br\/portal\/index.php?rest_route=\/wp\/v2\/users\/1"}],"replies":[{"embeddable":true,"href":"https:\/\/aconteceunovale.com.br\/portal\/index.php?rest_route=%2Fwp%2Fv2%2Fcomments&post=38552"}],"version-history":[{"count":0,"href":"https:\/\/aconteceunovale.com.br\/portal\/index.php?rest_route=\/wp\/v2\/posts\/38552\/revisions"}],"wp:featuredmedia":[{"embeddable":true,"href":"https:\/\/aconteceunovale.com.br\/portal\/index.php?rest_route=\/wp\/v2\/media\/38553"}],"wp:attachment":[{"href":"https:\/\/aconteceunovale.com.br\/portal\/index.php?rest_route=%2Fwp%2Fv2%2Fmedia&parent=38552"}],"wp:term":[{"taxonomy":"category","embeddable":true,"href":"https:\/\/aconteceunovale.com.br\/portal\/index.php?rest_route=%2Fwp%2Fv2%2Fcategories&post=38552"},{"taxonomy":"post_tag","embeddable":true,"href":"https:\/\/aconteceunovale.com.br\/portal\/index.php?rest_route=%2Fwp%2Fv2%2Ftags&post=38552"}],"curies":[{"name":"wp","href":"https:\/\/api.w.org\/{rel}","templated":true}]}}