{"id":38545,"date":"2014-08-29T11:15:32","date_gmt":"2014-08-29T14:15:32","guid":{"rendered":"http:\/\/aconteceunovale.com.br\/portal\/?p=38545"},"modified":"2014-08-29T11:15:32","modified_gmt":"2014-08-29T14:15:32","slug":"plantao-samu-macro-norte-28-de-agosto-montes-clarosmg","status":"publish","type":"post","link":"https:\/\/aconteceunovale.com.br\/portal\/?p=38545","title":{"rendered":"Plant\u00e3o SAMU Macro Norte \u2013 28 de agosto \u2013 Montes Claros\/MG"},"content":{"rendered":"<h4><em><strong>Quinta-feira, 28 de agosto de 2014<\/strong><\/em><\/h4>\n<p>A unidade do SAMU de Montes Claros realizou nesta quinta-feira, 28 de agosto, 46 atendimentos, sendo 32 casos cl\u00ednicos e 12 por acidente de tr\u00e2nsito.<\/p>\n<p>Duas pessoas ficaram feridas em uma queda de moto ocorrida por volta das 20h na Avenida Coronel Luis Mais, bairro Jardim Palmeiras. O condutor, de 32 anos, e a passageira, de 29 anos, sofreram ferimentos leves, sem sinais de fratura.<\/p>\n<p>\u00c0s 17h40, um homem de 42 anos, que transitava de bicicleta na Avenida Nossa Senhora de F\u00e1tima, bairro S\u00e3o Judas, ficou ferido ao colidir contra uma moto. Ele foi encontrado pelos socorristas sentado no local, consciente e orientado, se queixando de dor na perna direita, sendo liberado no local ap\u00f3s receber os primeiros cuidados e medica\u00e7\u00e3o para aliviar a dor.<\/p>\n<p>Um rapaz de 21 anos ficou ferido em uma colis\u00e3o entre moto e \u00f4nibus, \u00e0s 15h45, na Avenida 14, bairro Monte Si\u00e3o. Ele conduzia a moto e se queixava de dor na cabe\u00e7a, apresentava escoria\u00e7\u00f5es nos bra\u00e7os e pernas, dor \u00e0 apalpa\u00e7\u00e3o na perna direita, com suspeita de fratura.<\/p>\n<p>\u00c0s 15h15, duas motos colidiram no bairro Santa Rita e um dos condutores, de 46 anos, sofreu ferimento no p\u00e9 direito, onde apresentava corte contuso, edema no tornozelo, e queixando de dor intensa. <\/p>\n<p>Um homem de 37 anos caiu de moto \u00e0s 14 horas, no bairro Alterosa II, e sofreu ferimentos na bra\u00e7o direito. \u00c0s 12h20, um homem de 49 anos caiu de moto no trevo da sa\u00edda para Juramento, bairro Jardim Ol\u00edmpio, e apresentava escoria\u00e7\u00f5es nas pernas e bra\u00e7os e corte contuso na perna esquerda. \u00c0s 12h, um homem de 36 anos caiu de moto na Vila Bras\u00edlia, e sofreu luxa\u00e7\u00e3o na perna. E \u00e0s 10h30, um homem de 36 anos caiu de moto na motopista do bairro Ibituruna e sofreu um corte contuso na cabe\u00e7a e corte acima do superc\u00edlio esquerdo. <\/p>\n<p>Uma pessoa morreu e tr\u00eas ficaram feridas em acidente ocorrido por volta das 10h manh\u00e3 desta quinta-feira, 28\/08, na MGC-135, a 38 quil\u00f4metros de Montes Claros. O ve\u00edculo, um Fiat Siena, seguia de Montes Claros para Janu\u00e1ria e, de acordo com o condutor, Elton Carlos da Mota, de 49 anos, ao tentar desviar de um motociclista, ele passou por um buraco e perdeu o controle da dire\u00e7\u00e3o, saindo da pista, e s\u00f3 n\u00e3o capotou porque bateu em uma \u00e1rvore. Uma mulher de 87 anos, que estava no banco traseiro do ve\u00edculo, morreu no momento do acidente. Ela fazia tratamento contra um c\u00e2ncer de mama em Montes Claros e, depois de dois meses, voltava para casa ap\u00f3s receber alta. Os feridos foram socorridos pela unidade do SAMU de Bras\u00edlia de Minas e o condutor do ve\u00edculo e o passageiro Thalisson Macedo Mota, de 24 anos, foram encaminhados para a Santa Casa de Montes Claros. O outro passageiro, Valdir Macedo Mota, 49 anos, foi para hospital municipal de Bras\u00edlia de Minas. N\u00e3o houve interrup\u00e7\u00e3o do tr\u00e2nsito e a Pol\u00edcia Militar o Corpo de Bombeiros sinalizaram o local at\u00e9 que o ve\u00edculo fosse removido.<\/p>\n<p><img decoding=\"async\" src=\"http:\/\/aconteceunovale.com.br\/portal\/wp-content\/uploads\/2014\/08\/acidente_135_28_8_1.jpg\" alt=\"\" \/><em>(Idosa de 87 anos morreu em acidente na MGC-135 &#8211; Foto: Divulga\u00e7\u00e3o\/SAMU)<\/em><br \/>\n<\/br><\/p>\n<p>Uma mulher de 59 anos foi atropelada por uma moto, \u00e0s 7h50, na Rua Aracaju, bairro Jardim Palmeiras, mas n\u00e3o sofreu nenhum ferimento, estando tensa devido ao susto do acidente.<\/p>\n<p>A unidade do SAMU tamb\u00e9m atendeu a um homem de 27 e outro de 44 anos, que ficaram feridos ap\u00f3s colidirem de moto contra um caminh\u00e3o, \u00e0s 9h10, na Rua S\u00e3o Tarc\u00edsio, bairro Santos Reis.<\/p>\n<p>Na madrugada desta quinta-feira, por volta das 3 horas, um ve\u00edculo colidiu contra uma \u00e1rvore e em seguida capotou na Avenida Governador Magalh\u00e3es Pinto, no Trevo da Cowan, e um homem de 32 anos morreu e duas pessoas ficaram feridas. A unidade do SAMU realizou o atendimento \u00e0s duas v\u00edtimas, dois homens, de 18 e 25 anos, que tiveram ferimentos leves, e as conduziu ao hospital.<\/p>\n<p>Em todas as ocorr\u00eancias os feridos receberam os primeiros atendimentos no local, conforme protocolo padr\u00e3o, e foram encaminhados ao hospital para avalia\u00e7\u00e3o.<\/p>\n","protected":false},"excerpt":{"rendered":"<p>Quinta-feira, 28 de agosto de 2014 A unidade do SAMU de Montes Claros realizou nesta quinta-feira, 28 de agosto, 46 atendimentos, sendo 32 casos cl\u00ednicos e 12 por acidente de tr\u00e2nsito. Duas pessoas ficaram feridas em uma queda de moto ocorrida por volta das 20h na Avenida Coronel Luis Mais, bairro Jardim Palmeiras. O condutor, [&hellip;]<\/p>\n","protected":false},"author":1,"featured_media":37592,"comment_status":"open","ping_status":"closed","sticky":false,"template":"","format":"standard","meta":{"amp_status":"","footnotes":""},"categories":[1236],"tags":[210,13995,14809],"class_list":["post-38545","post","type-post","status-publish","format-standard","has-post-thumbnail","hentry","category-norte_de_minas","tag-montes-claros","tag-plantao-samu-macro-norte","tag-plantao-samu-macro-norte-28-de-agosto-montes-clarosmg"],"_links":{"self":[{"href":"https:\/\/aconteceunovale.com.br\/portal\/index.php?rest_route=\/wp\/v2\/posts\/38545","targetHints":{"allow":["GET"]}}],"collection":[{"href":"https:\/\/aconteceunovale.com.br\/portal\/index.php?rest_route=\/wp\/v2\/posts"}],"about":[{"href":"https:\/\/aconteceunovale.com.br\/portal\/index.php?rest_route=\/wp\/v2\/types\/post"}],"author":[{"embeddable":true,"href":"https:\/\/aconteceunovale.com.br\/portal\/index.php?rest_route=\/wp\/v2\/users\/1"}],"replies":[{"embeddable":true,"href":"https:\/\/aconteceunovale.com.br\/portal\/index.php?rest_route=%2Fwp%2Fv2%2Fcomments&post=38545"}],"version-history":[{"count":0,"href":"https:\/\/aconteceunovale.com.br\/portal\/index.php?rest_route=\/wp\/v2\/posts\/38545\/revisions"}],"wp:featuredmedia":[{"embeddable":true,"href":"https:\/\/aconteceunovale.com.br\/portal\/index.php?rest_route=\/wp\/v2\/media\/37592"}],"wp:attachment":[{"href":"https:\/\/aconteceunovale.com.br\/portal\/index.php?rest_route=%2Fwp%2Fv2%2Fmedia&parent=38545"}],"wp:term":[{"taxonomy":"category","embeddable":true,"href":"https:\/\/aconteceunovale.com.br\/portal\/index.php?rest_route=%2Fwp%2Fv2%2Fcategories&post=38545"},{"taxonomy":"post_tag","embeddable":true,"href":"https:\/\/aconteceunovale.com.br\/portal\/index.php?rest_route=%2Fwp%2Fv2%2Ftags&post=38545"}],"curies":[{"name":"wp","href":"https:\/\/api.w.org\/{rel}","templated":true}]}}