{"id":38383,"date":"2014-08-27T11:58:03","date_gmt":"2014-08-27T14:58:03","guid":{"rendered":"http:\/\/aconteceunovale.com.br\/portal\/?p=38383"},"modified":"2014-08-27T11:58:03","modified_gmt":"2014-08-27T14:58:03","slug":"samu-do-norte-de-minas-recebe-titulo-de-amigo-do-exercito","status":"publish","type":"post","link":"https:\/\/aconteceunovale.com.br\/portal\/?p=38383","title":{"rendered":"SAMU do Norte de Minas recebe t\u00edtulo de Amigo do Ex\u00e9rcito"},"content":{"rendered":"<p>[image src=&#8221;http:\/\/aconteceunovale.com.br\/portal\/wp-content\/uploads\/2014\/08\/samu_titulo_exercito_1.jpg&#8221; width=&#8221;313&#8243; height=&#8221;300&#8243; lightbox=&#8221;yes&#8221; align=&#8221;left&#8221; float=&#8221;left&#8221;]Nas comemora\u00e7\u00f5es do Dia do Soldado, em 25 de agosto, o 55\u00ba Batalh\u00e3o de Infantaria Dion\u00edsio Cerqueira, unidade do Ex\u00e9rcito Brasileiro em Montes Claros, outorgou ao SAMU Macro Norte o t\u00edtulo de \u201cAmigo do Ex\u00e9rcito\u201d, pela parceria das duas institui\u00e7\u00f5es na defesa da vida.<\/p>\n<p>O presidente do Cons\u00f3rcio Intermunicipal de Sa\u00fade da Rede de Urg\u00eancia do Norte de Minas (Cisrun) e prefeito de Bocaiuva, Ricardo Afonso Veloso, recebeu a honraria das m\u00e3os do Comandante do Batalh\u00e3o, Tenente Coronel Jos\u00e9 Rubens Marques, em solenidade realizada na sede do 55\u00ba Batalh\u00e3o, oportunidade em que tamb\u00e9m foi realizada a formatura de novos soldados.<\/p>\n<p>Desde a implanta\u00e7\u00e3o da rede de urg\u00eancia e emerg\u00eancia, em 2009, o SAMU Macro Norte vem trabalhando para manter a coopera\u00e7\u00e3o t\u00e9cnica com as institui\u00e7\u00f5es de seguran\u00e7a e defesa social, de forma que estas possam atuar cada vez mais integradas no Norte de Minas.<\/p>\n<p><img decoding=\"async\" src=\"http:\/\/aconteceunovale.com.br\/portal\/wp-content\/uploads\/2014\/08\/samu_titulo_exercito_2.jpg\" alt=\"\" \/><em>SAMU Macro Norte recebe t\u00edtulo de Amigo do Ex\u00e9rcito \u2013 Foto: Jerusia Arruda<\/em><\/p>\n","protected":false},"excerpt":{"rendered":"<p>[image src=&#8221;http:\/\/aconteceunovale.com.br\/portal\/wp-content\/uploads\/2014\/08\/samu_titulo_exercito_1.jpg&#8221; width=&#8221;313&#8243; height=&#8221;300&#8243; lightbox=&#8221;yes&#8221; align=&#8221;left&#8221; float=&#8221;left&#8221;]Nas comemora\u00e7\u00f5es do Dia do Soldado, em 25 de agosto, o 55\u00ba Batalh\u00e3o de Infantaria Dion\u00edsio Cerqueira, unidade do Ex\u00e9rcito Brasileiro em Montes Claros, outorgou ao SAMU Macro Norte o t\u00edtulo de \u201cAmigo do Ex\u00e9rcito\u201d, pela parceria das duas institui\u00e7\u00f5es na defesa da vida. O presidente do Cons\u00f3rcio Intermunicipal [&hellip;]<\/p>\n","protected":false},"author":1,"featured_media":38384,"comment_status":"open","ping_status":"closed","sticky":false,"template":"","format":"standard","meta":{"amp_status":"","footnotes":""},"categories":[1236],"tags":[14635,645,210,14636,14637,4040],"class_list":["post-38383","post","type-post","status-publish","format-standard","has-post-thumbnail","hentry","category-norte_de_minas","tag-amigo-do-exercito","tag-bocaiuva","tag-montes-claros","tag-ricardo-afonso-veloso","tag-samu-do-norte-de-minas-recebe-titulo-de-amigo-do-exercito","tag-samu-macro-norte"],"_links":{"self":[{"href":"https:\/\/aconteceunovale.com.br\/portal\/index.php?rest_route=\/wp\/v2\/posts\/38383","targetHints":{"allow":["GET"]}}],"collection":[{"href":"https:\/\/aconteceunovale.com.br\/portal\/index.php?rest_route=\/wp\/v2\/posts"}],"about":[{"href":"https:\/\/aconteceunovale.com.br\/portal\/index.php?rest_route=\/wp\/v2\/types\/post"}],"author":[{"embeddable":true,"href":"https:\/\/aconteceunovale.com.br\/portal\/index.php?rest_route=\/wp\/v2\/users\/1"}],"replies":[{"embeddable":true,"href":"https:\/\/aconteceunovale.com.br\/portal\/index.php?rest_route=%2Fwp%2Fv2%2Fcomments&post=38383"}],"version-history":[{"count":0,"href":"https:\/\/aconteceunovale.com.br\/portal\/index.php?rest_route=\/wp\/v2\/posts\/38383\/revisions"}],"wp:featuredmedia":[{"embeddable":true,"href":"https:\/\/aconteceunovale.com.br\/portal\/index.php?rest_route=\/wp\/v2\/media\/38384"}],"wp:attachment":[{"href":"https:\/\/aconteceunovale.com.br\/portal\/index.php?rest_route=%2Fwp%2Fv2%2Fmedia&parent=38383"}],"wp:term":[{"taxonomy":"category","embeddable":true,"href":"https:\/\/aconteceunovale.com.br\/portal\/index.php?rest_route=%2Fwp%2Fv2%2Fcategories&post=38383"},{"taxonomy":"post_tag","embeddable":true,"href":"https:\/\/aconteceunovale.com.br\/portal\/index.php?rest_route=%2Fwp%2Fv2%2Ftags&post=38383"}],"curies":[{"name":"wp","href":"https:\/\/api.w.org\/{rel}","templated":true}]}}