{"id":38380,"date":"2014-08-27T11:50:53","date_gmt":"2014-08-27T14:50:53","guid":{"rendered":"http:\/\/aconteceunovale.com.br\/portal\/?p=38380"},"modified":"2014-08-27T11:50:53","modified_gmt":"2014-08-27T14:50:53","slug":"capelinha-divulga-programacao-das-comemoracoes-de-7-de-setembro","status":"publish","type":"post","link":"https:\/\/aconteceunovale.com.br\/portal\/?p=38380","title":{"rendered":"Capelinha divulga programa\u00e7\u00e3o das comemora\u00e7\u00f5es de 7 de Setembro"},"content":{"rendered":"<p>A Cidade de Capelinha est\u00e1 se preparando para comemorar a Independ\u00eancia do Brasil, no pr\u00f3ximo dia sete de Setembro, domingo. Pela programa\u00e7\u00e3o, as comemora\u00e7\u00f5es do dia da P\u00e1tria come\u00e7ar\u00e3o no pr\u00f3ximo dia 31 de Agosto, na comunidade de Vendinhas, \u00e1s 07 horas e 30 minutos, com a cerim\u00f4nia de acendimento do Fogo Simb\u00f3lico da P\u00e1tria e Maratona do Fogo Simb\u00f3lico, saindo de Vendinhas em dire\u00e7\u00e3o \u00e0 Pra\u00e7a do Povo em Capelinha.<\/p>\n<p>No dia 7 de Setembro, o desfile ir\u00e1 sair da Rua Rio Branco, pr\u00f3ximo \u00e0 Igreja de S\u00e3o Vicente de Paulo, \u00e1s 08 horas da Manh\u00e3, em dire\u00e7\u00e3o \u00e0 Pra\u00e7a do Povo. Neste ano, 16 institui\u00e7\u00f5es devem participar do desfile, que abordar\u00e1 os 100 anos da Escola Estadual Coronel Coelho, 50 anos da Escola Estadual Professor Ant\u00f4nio Lago e 30 anos da Escola Estadual Professora Herm\u00ednia Eponina da Silva. Dos dias 1 a 5 de setembro, semana da P\u00e1tria, as Escolas P\u00fablicas e Particulares far\u00e3o o hasteamento e arreamento da Bandeira. <\/p>\n<p><img decoding=\"async\" src=\"http:\/\/aconteceunovale.com.br\/portal\/wp-content\/uploads\/2014\/08\/capelinhamg.jpg\" alt=\"\" \/><em>Capelinha divulga programa\u00e7\u00e3o das comemora\u00e7\u00f5es de 7 de Setembro &#8211; Foto: Ascom da Prefeitura Municipal de Capelinha\/Divulga\u00e7\u00e3o<\/em><br \/>\n<\/br><\/p>\n<p>O desfile \u00e9 organizado pela Prefeitura de Capelinha atrav\u00e9s da Secretaria Municipal de Educa\u00e7\u00e3o, Escolas Estaduais, Municipais e Particulares, Fanfarra Lau Soier, Servi\u00e7o de Conviv\u00eancia e Fortalecimento de V\u00ednculos (SERVIR), Entidades e nesse ano, conta com patroc\u00ednio de Empresas de Capelinha. <\/p>\n<p>Veja abaixo a programa\u00e7\u00e3o completa: <\/p>\n<p><em><strong>FOGO SIMB\u00d3LICO DA P\u00c1TRIA &#8211; 31\/08<\/strong><\/em><\/p>\n<p>06h00min \u2013 Concentra\u00e7\u00e3o dos maratonistas na Pra\u00e7a do Povo.<br \/>\n07h30min \u2013 Cerim\u00f4nia de Acendimento do Fogo Simb\u00f3lico da P\u00e1tria.<br \/>\n08h00min \u2013 Largada da Maratona Fogo Simb\u00f3lico da P\u00e1tria, saindo de Vendinhas em dire\u00e7\u00e3o \u00e0 Pra\u00e7a do Povo, em Capelinha.<br \/>\n11h00min \u2013 Recep\u00e7\u00e3o dos maratonistas e Cerim\u00f4nia de Acendimento da Pira na Pra\u00e7a do Povo. <\/p>\n<p><em><strong>DESFILE DA INDEPEND\u00caNCIA &#8211; 07\/09<\/strong><\/em><\/p>\n<p>08h00min Sa\u00edda de pelot\u00f5es para o desfile, da Rua Rio Branco, na altura da Igreja de S\u00e3o Vicente de Paulo, em dire\u00e7\u00e3o \u00e0 Pra\u00e7a do Povo.<\/p>\n","protected":false},"excerpt":{"rendered":"<p>A Cidade de Capelinha est\u00e1 se preparando para comemorar a Independ\u00eancia do Brasil, no pr\u00f3ximo dia sete de Setembro, domingo. Pela programa\u00e7\u00e3o, as comemora\u00e7\u00f5es do dia da P\u00e1tria come\u00e7ar\u00e3o no pr\u00f3ximo dia 31 de Agosto, na comunidade de Vendinhas, \u00e1s 07 horas e 30 minutos, com a cerim\u00f4nia de acendimento do Fogo Simb\u00f3lico da P\u00e1tria [&hellip;]<\/p>\n","protected":false},"author":1,"featured_media":38381,"comment_status":"open","ping_status":"closed","sticky":false,"template":"","format":"standard","meta":{"amp_status":"","footnotes":""},"categories":[120],"tags":[132,14633,14634],"class_list":["post-38380","post","type-post","status-publish","format-standard","has-post-thumbnail","hentry","category-jequi","tag-capelinha","tag-capelinha-divulga-programacao-das-comemoracoes-de-7-de-setembro","tag-comemoracoes-de-7-de-setembro-em-capelinha"],"_links":{"self":[{"href":"https:\/\/aconteceunovale.com.br\/portal\/index.php?rest_route=\/wp\/v2\/posts\/38380","targetHints":{"allow":["GET"]}}],"collection":[{"href":"https:\/\/aconteceunovale.com.br\/portal\/index.php?rest_route=\/wp\/v2\/posts"}],"about":[{"href":"https:\/\/aconteceunovale.com.br\/portal\/index.php?rest_route=\/wp\/v2\/types\/post"}],"author":[{"embeddable":true,"href":"https:\/\/aconteceunovale.com.br\/portal\/index.php?rest_route=\/wp\/v2\/users\/1"}],"replies":[{"embeddable":true,"href":"https:\/\/aconteceunovale.com.br\/portal\/index.php?rest_route=%2Fwp%2Fv2%2Fcomments&post=38380"}],"version-history":[{"count":0,"href":"https:\/\/aconteceunovale.com.br\/portal\/index.php?rest_route=\/wp\/v2\/posts\/38380\/revisions"}],"wp:featuredmedia":[{"embeddable":true,"href":"https:\/\/aconteceunovale.com.br\/portal\/index.php?rest_route=\/wp\/v2\/media\/38381"}],"wp:attachment":[{"href":"https:\/\/aconteceunovale.com.br\/portal\/index.php?rest_route=%2Fwp%2Fv2%2Fmedia&parent=38380"}],"wp:term":[{"taxonomy":"category","embeddable":true,"href":"https:\/\/aconteceunovale.com.br\/portal\/index.php?rest_route=%2Fwp%2Fv2%2Fcategories&post=38380"},{"taxonomy":"post_tag","embeddable":true,"href":"https:\/\/aconteceunovale.com.br\/portal\/index.php?rest_route=%2Fwp%2Fv2%2Ftags&post=38380"}],"curies":[{"name":"wp","href":"https:\/\/api.w.org\/{rel}","templated":true}]}}