{"id":38362,"date":"2014-08-27T11:11:58","date_gmt":"2014-08-27T14:11:58","guid":{"rendered":"http:\/\/aconteceunovale.com.br\/portal\/?p=38362"},"modified":"2014-08-27T11:11:58","modified_gmt":"2014-08-27T14:11:58","slug":"carreta-carregada-derruba-ponte-no-vale-do-jequitinhonha","status":"publish","type":"post","link":"https:\/\/aconteceunovale.com.br\/portal\/?p=38362","title":{"rendered":"Carreta carregada derruba ponte no Vale do Jequitinhonha"},"content":{"rendered":"<p>Uma ponte que liga os munic\u00edpios de Jord\u00e2nia, no Vale do Jequitinhonha, e Itarantim, na Bahia, caiu durante a passagem de uma carreta na manh\u00e3 de domingo, 24 de agosto. O acidente aconteceu pr\u00f3ximo a Fazenda do Non\u00f4, na regi\u00e3o do C\u00f3rrego de \u00c1gua.<\/p>\n<p>O tr\u00e1fego de ve\u00edculos ficou completamente interditado no local e n\u00e3o h\u00e1 previs\u00e3o de libera\u00e7\u00e3o. Ningu\u00e9m ficou ferido no acidente, foram registrados apenas preju\u00edzos materiais.<\/p>\n<p><img decoding=\"async\" src=\"http:\/\/aconteceunovale.com.br\/portal\/wp-content\/uploads\/2014\/08\/ponte_caiu_jordania_1.jpg\" alt=\"\" \/><\/p>\n<p><img decoding=\"async\" src=\"http:\/\/aconteceunovale.com.br\/portal\/wp-content\/uploads\/2014\/08\/ponte_caiu_jordania_2.jpg\" alt=\"\" \/><\/p>\n<p><img decoding=\"async\" src=\"http:\/\/aconteceunovale.com.br\/portal\/wp-content\/uploads\/2014\/08\/ponte_caiu_jordania_3.jpg\" alt=\"\" \/><\/p>\n<p><img decoding=\"async\" src=\"http:\/\/aconteceunovale.com.br\/portal\/wp-content\/uploads\/2014\/08\/ponte_caiu_jordania_4.jpg\" alt=\"\" \/><\/p>\n<p><img decoding=\"async\" src=\"http:\/\/aconteceunovale.com.br\/portal\/wp-content\/uploads\/2014\/08\/ponte_caiu_jordania_5.jpg\" alt=\"\" \/><strong><em>(Fotos e informa\u00e7\u00f5es do Portal Jord\u00e2nia)<\/em><\/strong><\/p>\n","protected":false},"excerpt":{"rendered":"<p>Uma ponte que liga os munic\u00edpios de Jord\u00e2nia, no Vale do Jequitinhonha, e Itarantim, na Bahia, caiu durante a passagem de uma carreta na manh\u00e3 de domingo, 24 de agosto. O acidente aconteceu pr\u00f3ximo a Fazenda do Non\u00f4, na regi\u00e3o do C\u00f3rrego de \u00c1gua. O tr\u00e1fego de ve\u00edculos ficou completamente interditado no local e n\u00e3o [&hellip;]<\/p>\n","protected":false},"author":1,"featured_media":38363,"comment_status":"open","ping_status":"closed","sticky":false,"template":"","format":"standard","meta":{"amp_status":"","footnotes":""},"categories":[120],"tags":[14631,14632,475,14630],"class_list":["post-38362","post","type-post","status-publish","format-standard","has-post-thumbnail","hentry","category-jequi","tag-carreta-carregada-derruba-ponte-no-vale-do-jequitinhonha","tag-itarantim","tag-jordania","tag-ponte-nao-suporta-peso-de-carreta-e-cai-no-vale-do-jequitinhonha"],"_links":{"self":[{"href":"https:\/\/aconteceunovale.com.br\/portal\/index.php?rest_route=\/wp\/v2\/posts\/38362","targetHints":{"allow":["GET"]}}],"collection":[{"href":"https:\/\/aconteceunovale.com.br\/portal\/index.php?rest_route=\/wp\/v2\/posts"}],"about":[{"href":"https:\/\/aconteceunovale.com.br\/portal\/index.php?rest_route=\/wp\/v2\/types\/post"}],"author":[{"embeddable":true,"href":"https:\/\/aconteceunovale.com.br\/portal\/index.php?rest_route=\/wp\/v2\/users\/1"}],"replies":[{"embeddable":true,"href":"https:\/\/aconteceunovale.com.br\/portal\/index.php?rest_route=%2Fwp%2Fv2%2Fcomments&post=38362"}],"version-history":[{"count":0,"href":"https:\/\/aconteceunovale.com.br\/portal\/index.php?rest_route=\/wp\/v2\/posts\/38362\/revisions"}],"wp:featuredmedia":[{"embeddable":true,"href":"https:\/\/aconteceunovale.com.br\/portal\/index.php?rest_route=\/wp\/v2\/media\/38363"}],"wp:attachment":[{"href":"https:\/\/aconteceunovale.com.br\/portal\/index.php?rest_route=%2Fwp%2Fv2%2Fmedia&parent=38362"}],"wp:term":[{"taxonomy":"category","embeddable":true,"href":"https:\/\/aconteceunovale.com.br\/portal\/index.php?rest_route=%2Fwp%2Fv2%2Fcategories&post=38362"},{"taxonomy":"post_tag","embeddable":true,"href":"https:\/\/aconteceunovale.com.br\/portal\/index.php?rest_route=%2Fwp%2Fv2%2Ftags&post=38362"}],"curies":[{"name":"wp","href":"https:\/\/api.w.org\/{rel}","templated":true}]}}