{"id":38358,"date":"2014-08-27T10:44:00","date_gmt":"2014-08-27T13:44:00","guid":{"rendered":"http:\/\/aconteceunovale.com.br\/portal\/?p=38358"},"modified":"2014-08-27T10:44:00","modified_gmt":"2014-08-27T13:44:00","slug":"menor-rouba-veiculo-e-morre-durante-troca-de-tiros-com-a-policia-militar-em-montes-claros","status":"publish","type":"post","link":"https:\/\/aconteceunovale.com.br\/portal\/?p=38358","title":{"rendered":"Menor rouba ve\u00edculo e morre durante troca de tiros com a Pol\u00edcia Militar em Montes Claros"},"content":{"rendered":"<h4><strong><em>Jovem teria roubado um carro, na companhia de outras tr\u00eas pessoas, mas foi interceptado pelos militares durante a fuga<\/em><\/strong><\/h4>\n<p>Um adolescente de 16 anos foi baleado e morto durante uma troca de tiros com a Pol\u00edcia Militar na madrugada desta quarta-feira (27). O jovem teria roubado um carro, na companhia de outras tr\u00eas pessoas, mas foi interceptado pelos militares durante a fuga.<\/p>\n<p>A PM foi acionada pelo dono de um Hyundai HB20 preto, que contou que foi abordado por quatro homens armados, na Rua Santa Maria, no bairro Todos os Santos, e o grupo levou o seu ve\u00edculo.<\/p>\n<p>Durante rastreamento, o carro teria sido interceptado no bairro Vila \u00c1urea, ocasionando a perda do controle direcional e o choque do ve\u00edculo com um meio fio. Os suspeitos teriam abandonado o carro, j\u00e1 atirando. Segundo os policiais, eles revidaram e M.G.C.T., foi baleado. Ele foi encaminhado a um hospital, mas n\u00e3o resistiu aos ferimentos e morreu.<\/p>\n<p>Os tr\u00eas suspeitos fugiram e ainda n\u00e3o foram localizados. De acordo com a PM, o adolescente morto j\u00e1 tinha outras passagens pela pol\u00edcia. <\/p>\n<p><strong>(O Tempo)<\/strong><\/p>\n","protected":false},"excerpt":{"rendered":"<p>Jovem teria roubado um carro, na companhia de outras tr\u00eas pessoas, mas foi interceptado pelos militares durante a fuga Um adolescente de 16 anos foi baleado e morto durante uma troca de tiros com a Pol\u00edcia Militar na madrugada desta quarta-feira (27). O jovem teria roubado um carro, na companhia de outras tr\u00eas pessoas, mas [&hellip;]<\/p>\n","protected":false},"author":1,"featured_media":12845,"comment_status":"open","ping_status":"closed","sticky":false,"template":"","format":"standard","meta":{"amp_status":"","footnotes":""},"categories":[1236],"tags":[14626,14627,210],"class_list":["post-38358","post","type-post","status-publish","format-standard","has-post-thumbnail","hentry","category-norte_de_minas","tag-menor-morre-durante-troca-de-tiros-com-a-policia-militar-em-montes-claros","tag-menor-rouba-veiculo-e-morre-durante-troca-de-tiros-com-a-policia-militar-em-montes-claros","tag-montes-claros"],"_links":{"self":[{"href":"https:\/\/aconteceunovale.com.br\/portal\/index.php?rest_route=\/wp\/v2\/posts\/38358","targetHints":{"allow":["GET"]}}],"collection":[{"href":"https:\/\/aconteceunovale.com.br\/portal\/index.php?rest_route=\/wp\/v2\/posts"}],"about":[{"href":"https:\/\/aconteceunovale.com.br\/portal\/index.php?rest_route=\/wp\/v2\/types\/post"}],"author":[{"embeddable":true,"href":"https:\/\/aconteceunovale.com.br\/portal\/index.php?rest_route=\/wp\/v2\/users\/1"}],"replies":[{"embeddable":true,"href":"https:\/\/aconteceunovale.com.br\/portal\/index.php?rest_route=%2Fwp%2Fv2%2Fcomments&post=38358"}],"version-history":[{"count":0,"href":"https:\/\/aconteceunovale.com.br\/portal\/index.php?rest_route=\/wp\/v2\/posts\/38358\/revisions"}],"wp:featuredmedia":[{"embeddable":true,"href":"https:\/\/aconteceunovale.com.br\/portal\/index.php?rest_route=\/wp\/v2\/media\/12845"}],"wp:attachment":[{"href":"https:\/\/aconteceunovale.com.br\/portal\/index.php?rest_route=%2Fwp%2Fv2%2Fmedia&parent=38358"}],"wp:term":[{"taxonomy":"category","embeddable":true,"href":"https:\/\/aconteceunovale.com.br\/portal\/index.php?rest_route=%2Fwp%2Fv2%2Fcategories&post=38358"},{"taxonomy":"post_tag","embeddable":true,"href":"https:\/\/aconteceunovale.com.br\/portal\/index.php?rest_route=%2Fwp%2Fv2%2Ftags&post=38358"}],"curies":[{"name":"wp","href":"https:\/\/api.w.org\/{rel}","templated":true}]}}