{"id":38353,"date":"2014-08-27T10:16:45","date_gmt":"2014-08-27T13:16:45","guid":{"rendered":"http:\/\/aconteceunovale.com.br\/portal\/?p=38353"},"modified":"2014-08-27T10:16:45","modified_gmt":"2014-08-27T13:16:45","slug":"caratinga-realiza-hora-do-mamaco-para-incentivar-aleitamento-materno","status":"publish","type":"post","link":"https:\/\/aconteceunovale.com.br\/portal\/?p=38353","title":{"rendered":"Caratinga realiza hora do mama\u00e7o para incentivar aleitamento materno"},"content":{"rendered":"<p>A Prefeitura de Caratinga realizou com grande sucesso a 2\u00aa Hora do Mama\u00e7o. O evento \u00e9 uma a\u00e7\u00e3o inserida no Programa + Sa\u00fade Caratinga, que teve seu lan\u00e7amento em julho de 2013, e aconteceu na manh\u00e3 de s\u00e1bado (23) na Pra\u00e7a Ces\u00e1rio Alvim. A Hora do Mama\u00e7o apresentou dezenas de m\u00e3es que amamentaram seus beb\u00eas em frente \u00e0 Catedral de S\u00e3o Jo\u00e3o Batista e colaboraram para divulgar a a\u00e7\u00e3o, promover o aleitamento materno desmistificando preconceitos acerca do ato de amamentar e real\u00e7ando quais s\u00e3o os benef\u00edcios do aleitamento para a m\u00e3e e para o desenvolvimento da crian\u00e7a.<\/p>\n<p>Fabiane Soares, de 34, foi a primeira m\u00e3e a chegar \u00e0 2\u00aa Hora do Mama\u00e7o de Caratinga com o filho. \u201cTenho dois filhos pr\u00e9-adolescentes que n\u00e3o amamentaram. Fui m\u00e3e muito cedo e, por preconceitos e por medo da flacidez dos seios, n\u00e3o dei de mamar. Meus filhos tiveram diversos problemas de sa\u00fade por causa da falta do leite materno. Agora tenho um rec\u00e9m-nascido e depois que participei de diversas palestras de incentivo ao aleitamento na ESF do Limoeiro quis amamentar e estou muito feliz porque o Pedro Arthur j\u00e1 tem quase dois meses e n\u00e3o apresentou nenhum problema de sa\u00fade. Tenho a certeza de que ele e eu estamos sendo beneficiados com a amamenta\u00e7\u00e3o e recomendo a todas as gestantes que se preparem para dar ao seu filho o melhor alimento para a crian\u00e7a: o leite materno\u201d.<\/p>\n<p><img decoding=\"async\" src=\"http:\/\/aconteceunovale.com.br\/portal\/wp-content\/uploads\/2014\/08\/hora_do_mamaco_caratinga.jpg\" alt=\"\" \/><em>O evento apresentou dezenas de m\u00e3es que amamentaram seus beb\u00eas em frente \u00e0 Catedral de S\u00e3o Jo\u00e3o Batista \u2013 Foto: Divulga\u00e7\u00e3o\/Prefeitura de Caratinga<\/em><br \/>\n<\/br><\/p>\n<p>A secret\u00e1ria de Sa\u00fade, Sueli Amorim, participou da cerim\u00f4nia de abertura do evento agradecendo a participa\u00e7\u00e3o das m\u00e3es e dos caratinguenses que apoiam a iniciativa. \u201cA Prefeitura de Caratinga mostra-se preocupada com a Aten\u00e7\u00e3o Prim\u00e1ria \u00e0 Sa\u00fade e vem promovendo diversas a\u00e7\u00f5es de preven\u00e7\u00e3o de doen\u00e7as e de promo\u00e7\u00e3o \u00e0 Sa\u00fade. O ditado prevenir \u00e9 melhor do que remediar \u00e9 um conceito importante para todas as a\u00e7\u00f5es que vem sendo desenvolvidas nesta Gest\u00e3o 2013-2016. Esta \u00e9 a segunda edi\u00e7\u00e3o da Hora do Mama\u00e7o em Caratinga, como prometemos no ano passado, a primeira edi\u00e7\u00e3o n\u00e3o seria a \u00fanica\u201d.<\/p>\n<p>Ap\u00f3s a apresenta\u00e7\u00e3o de mais de 30 m\u00e3es amamentando, os profissionais da Sa\u00fade Bucal realizaram a higieniza\u00e7\u00e3o da boca dos beb\u00eas ensinando \u00e0s m\u00e3es como se fazer o procedimento correto. Em seguida foram distribu\u00eddas as lembrancinhas do 2\u00ba Mama\u00e7o de Caratinga para todas as m\u00e3es e realizados sorteios de brindes.<\/p>\n","protected":false},"excerpt":{"rendered":"<p>A Prefeitura de Caratinga realizou com grande sucesso a 2\u00aa Hora do Mama\u00e7o. O evento \u00e9 uma a\u00e7\u00e3o inserida no Programa + Sa\u00fade Caratinga, que teve seu lan\u00e7amento em julho de 2013, e aconteceu na manh\u00e3 de s\u00e1bado (23) na Pra\u00e7a Ces\u00e1rio Alvim. A Hora do Mama\u00e7o apresentou dezenas de m\u00e3es que amamentaram seus beb\u00eas [&hellip;]<\/p>\n","protected":false},"author":1,"featured_media":38354,"comment_status":"open","ping_status":"closed","sticky":false,"template":"","format":"standard","meta":{"amp_status":"","footnotes":""},"categories":[121],"tags":[237,14621,14622],"class_list":["post-38353","post","type-post","status-publish","format-standard","has-post-thumbnail","hentry","category-leste","tag-caratinga","tag-caratinga-realiza-hora-do-mamaco-para-incentivar-aleitamento-materno","tag-hora-do-mamaco-em-caratinga"],"_links":{"self":[{"href":"https:\/\/aconteceunovale.com.br\/portal\/index.php?rest_route=\/wp\/v2\/posts\/38353","targetHints":{"allow":["GET"]}}],"collection":[{"href":"https:\/\/aconteceunovale.com.br\/portal\/index.php?rest_route=\/wp\/v2\/posts"}],"about":[{"href":"https:\/\/aconteceunovale.com.br\/portal\/index.php?rest_route=\/wp\/v2\/types\/post"}],"author":[{"embeddable":true,"href":"https:\/\/aconteceunovale.com.br\/portal\/index.php?rest_route=\/wp\/v2\/users\/1"}],"replies":[{"embeddable":true,"href":"https:\/\/aconteceunovale.com.br\/portal\/index.php?rest_route=%2Fwp%2Fv2%2Fcomments&post=38353"}],"version-history":[{"count":0,"href":"https:\/\/aconteceunovale.com.br\/portal\/index.php?rest_route=\/wp\/v2\/posts\/38353\/revisions"}],"wp:featuredmedia":[{"embeddable":true,"href":"https:\/\/aconteceunovale.com.br\/portal\/index.php?rest_route=\/wp\/v2\/media\/38354"}],"wp:attachment":[{"href":"https:\/\/aconteceunovale.com.br\/portal\/index.php?rest_route=%2Fwp%2Fv2%2Fmedia&parent=38353"}],"wp:term":[{"taxonomy":"category","embeddable":true,"href":"https:\/\/aconteceunovale.com.br\/portal\/index.php?rest_route=%2Fwp%2Fv2%2Fcategories&post=38353"},{"taxonomy":"post_tag","embeddable":true,"href":"https:\/\/aconteceunovale.com.br\/portal\/index.php?rest_route=%2Fwp%2Fv2%2Ftags&post=38353"}],"curies":[{"name":"wp","href":"https:\/\/api.w.org\/{rel}","templated":true}]}}