{"id":38349,"date":"2014-08-27T10:00:51","date_gmt":"2014-08-27T13:00:51","guid":{"rendered":"http:\/\/aconteceunovale.com.br\/portal\/?p=38349"},"modified":"2014-08-27T10:00:51","modified_gmt":"2014-08-27T13:00:51","slug":"xxvi-semana-da-cultura-de-sao-joao-evangelista-sera-realizada-de-3-a-7-de-setembro","status":"publish","type":"post","link":"https:\/\/aconteceunovale.com.br\/portal\/?p=38349","title":{"rendered":"XXVI Semana da Cultura de S\u00e3o Jo\u00e3o Evangelista ser\u00e1 realizada de 3 a 7 de setembro"},"content":{"rendered":"<p>Ser\u00e1 realizada no per\u00edodo de 3 a 7 de setembro de 2014, em S\u00e3o Jo\u00e3o Evangelista, no Leste de Minas Gerais, a tradicional Semana da Cultura da cidade. Em sua 26\u00aa edi\u00e7\u00e3o, o evento ter\u00e1 shows com a dupla Alan &#038; Alex, Trio do Brasil e artistas da terra.<\/p>\n<p>Confira abaixo a programa\u00e7\u00e3o completa:<\/p>\n<p><img decoding=\"async\" src=\"http:\/\/aconteceunovale.com.br\/portal\/wp-content\/uploads\/2014\/08\/semana_cultura_sje_14.jpg\" alt=\"\" \/><em>(Cartaz oficial do evento &#8211; Foto: Divulga\u00e7\u00e3o)<\/em><br \/>\n<\/br><\/p>\n<p><strong>Quarta-feira (03\/09)<\/strong><\/p>\n<p>&#8211; 19:00 &#8211; Abertura oficial &#8211; Pra\u00e7a da Antiga Rodovi\u00e1ria<br \/>\n&#8211; 20:00 &#8211; N\u00fameros art\u00edsticos e Culturais por escolas da rede Municipal, Estadual e Federal de ensino &#8211; Pra\u00e7a da Antiga Rodovi\u00e1ria<br \/>\n&#8211; 21:00 &#8211; Elei\u00e7\u00e3o da RAINHA DA XXVI SEMANA DA CULTURA &#8211; Pra\u00e7a Antiga Rodovi\u00e1ria<br \/>\n&#8211; 22:00 &#8211; Shows Prata da Casa (Henrique e Marcilio e Ti\u00e3o Reis) &#8211; Pra\u00e7a da Antiga Rodovi\u00e1ria<\/p>\n<p><strong>Quinta-feira (04\/09)<\/strong><\/p>\n<p>&#8211; 13:00 &#8211; Passeata pela Paz &#8211; Ruas centrais da cidade<br \/>\n&#8211; 21:00 &#8211; Show com a banda CACHORRO LOUCO &#8211; Parque de exposi\u00e7\u00f5es<br \/>\n&#8211; 23:00 &#8211; Show com Robson Ferran e Banda &#8211; Parque de exposi\u00e7\u00f5es<br \/>\n&#8211; 01:00 &#8211; Show com \u201cOs Mala do Forr\u00f3\u201d &#8211; Parque de exposi\u00e7\u00f5es<\/p>\n<p><strong>Sexta-feira (05\/09)<\/strong><\/p>\n<p>&#8211; 15:00 &#8211; Abertura da Galeria de Fotos dos Ex-prefeitos &#8211; Pr\u00e9dio da Prefeitura<br \/>\n&#8211; 22:00 &#8211; Dj Maximiller &#8211; Parque de exposi\u00e7\u00f5es<br \/>\n&#8211; 00:00 &#8211; Show com ALAN E ALEX &#8211; Parque de exposi\u00e7\u00f5es<\/p>\n<p><strong>S\u00e1bado (06\/09)<\/strong><\/p>\n<p>&#8211; 09:00 &#8211; Passeio Cicl\u00edstico &#8211; Concentra\u00e7\u00e3o na Pra\u00e7a do Coreto<br \/>\n&#8211; 10:00 \u2013 Oficina: Excel\u00eancia no atendimento ao turista &#8211; Inscri\u00e7\u00f5es na Casa da Cultura<br \/>\n&#8211; 13:00 &#8211; Rua de Lazer na Pra\u00e7a da Antiga Rodovi\u00e1ria e Show com PATATI PATATA \u201ccover\u201d<br \/>\n&#8211; 14:00 &#8211; Churrasco do Ramon &#8211; Espa\u00e7o Dona Concei\u00e7\u00e3o<br \/>\n&#8211; 22:00 &#8211; Dj Maximiller &#8211; Parque de exposi\u00e7\u00f5es<br \/>\n&#8211; 00:00 \u2013 Show com Trio do Brasil &#8211; Parque de exposi\u00e7\u00f5es<\/p>\n<p><strong>Domingo (07\/09)<\/strong><\/p>\n<p>&#8211; 10:00 &#8211; CAVALGADA DA INDEPEND\u00caNCIA &#8211; Sa\u00edda do Parque de exposi\u00e7\u00f5es<br \/>\n&#8211; 12:00 &#8211; Encena\u00e7\u00e3o do Grito do Ipiranga &#8211; Parque de exposi\u00e7\u00f5es<br \/>\n&#8211; 13:00 &#8211; Confraterniza\u00e7\u00e3o e Show de encerramento com a Banda Pegada Quente &#8211; Parque de exposi\u00e7\u00f5es<\/p>\n","protected":false},"excerpt":{"rendered":"<p>Ser\u00e1 realizada no per\u00edodo de 3 a 7 de setembro de 2014, em S\u00e3o Jo\u00e3o Evangelista, no Leste de Minas Gerais, a tradicional Semana da Cultura da cidade. Em sua 26\u00aa edi\u00e7\u00e3o, o evento ter\u00e1 shows com a dupla Alan &#038; Alex, Trio do Brasil e artistas da terra. Confira abaixo a programa\u00e7\u00e3o completa: (Cartaz [&hellip;]<\/p>\n","protected":false},"author":1,"featured_media":38350,"comment_status":"open","ping_status":"closed","sticky":false,"template":"","format":"standard","meta":{"amp_status":"","footnotes":""},"categories":[125],"tags":[14620,1018,162,14618,14619,14617],"class_list":["post-38349","post","type-post","status-publish","format-standard","has-post-thumbnail","hentry","category-noticias","tag-agenda-da-semana-da-cultura-de-sao-joao-evangelista","tag-destaque","tag-sao-joao-evangelista","tag-semana-da-cultura-de-sao-joao-evangelista","tag-shows-da-semana-da-cultura-de-sao-joao-evangelista","tag-xxvi-semana-da-cultura-de-sao-joao-evangelista-sera-realizada-de-3-a-7-de-setembro"],"_links":{"self":[{"href":"https:\/\/aconteceunovale.com.br\/portal\/index.php?rest_route=\/wp\/v2\/posts\/38349","targetHints":{"allow":["GET"]}}],"collection":[{"href":"https:\/\/aconteceunovale.com.br\/portal\/index.php?rest_route=\/wp\/v2\/posts"}],"about":[{"href":"https:\/\/aconteceunovale.com.br\/portal\/index.php?rest_route=\/wp\/v2\/types\/post"}],"author":[{"embeddable":true,"href":"https:\/\/aconteceunovale.com.br\/portal\/index.php?rest_route=\/wp\/v2\/users\/1"}],"replies":[{"embeddable":true,"href":"https:\/\/aconteceunovale.com.br\/portal\/index.php?rest_route=%2Fwp%2Fv2%2Fcomments&post=38349"}],"version-history":[{"count":0,"href":"https:\/\/aconteceunovale.com.br\/portal\/index.php?rest_route=\/wp\/v2\/posts\/38349\/revisions"}],"wp:featuredmedia":[{"embeddable":true,"href":"https:\/\/aconteceunovale.com.br\/portal\/index.php?rest_route=\/wp\/v2\/media\/38350"}],"wp:attachment":[{"href":"https:\/\/aconteceunovale.com.br\/portal\/index.php?rest_route=%2Fwp%2Fv2%2Fmedia&parent=38349"}],"wp:term":[{"taxonomy":"category","embeddable":true,"href":"https:\/\/aconteceunovale.com.br\/portal\/index.php?rest_route=%2Fwp%2Fv2%2Fcategories&post=38349"},{"taxonomy":"post_tag","embeddable":true,"href":"https:\/\/aconteceunovale.com.br\/portal\/index.php?rest_route=%2Fwp%2Fv2%2Ftags&post=38349"}],"curies":[{"name":"wp","href":"https:\/\/api.w.org\/{rel}","templated":true}]}}