{"id":38343,"date":"2014-08-27T08:54:50","date_gmt":"2014-08-27T11:54:50","guid":{"rendered":"http:\/\/aconteceunovale.com.br\/portal\/?p=38343"},"modified":"2014-08-27T08:54:50","modified_gmt":"2014-08-27T11:54:50","slug":"plantao-samu-macro-norte-26-de-agosto-montes-clarosmg","status":"publish","type":"post","link":"https:\/\/aconteceunovale.com.br\/portal\/?p=38343","title":{"rendered":"Plant\u00e3o SAMU Macro Norte \u2013 26 de agosto \u2013 Montes Claros\/MG"},"content":{"rendered":"<h4><strong><em>Ter\u00e7a-feira, 26 de agosto de 2014<\/em><\/strong><\/h4>\n<p>A unidade do SAMU de Montes Claros realizou nesta ter\u00e7a-feira, 26 de agosto, 35 atendimentos, sendo 24 casos cl\u00ednicos; 09 por acidente de tr\u00e2nsito, todos envolvendo motocicleta; 01 por ferimento por arma branca e 01 por agress\u00e3o f\u00edsica.<\/p>\n<p>Duas pessoas ficaram feridas em uma colis\u00e3o entre duas motos ocorrida \u00e0s 18h20, na Rua Manoel Bandeira, bairro Planalto I. O condutor de uma das motos, de 17 anos, se queixava de dor no bra\u00e7o esquerdo, com suspeita de fratura. O segundo condutor, de 62 anos, estava consciente e orientado, apresentando escoria\u00e7\u00f5es nos bra\u00e7os e pernas, sem suspeita de fratura.<\/p>\n<p>\u00c0s 18h06, uma mulher de 21 anos caiu de moto na Avenida Deputado Esteves Rodrigues, regi\u00e3o central da cidade, e se queixava de dor tor\u00e1cica e na regi\u00e3o il\u00edaca.<\/p>\n<p>\u00c0s 18h06, uma mulher de 50 anos que transitava de moto na Rua Eug\u00eanio Nunes, bairro S\u00e3o Luiz, colidiu contra uma ca\u00e7amba de entulho e apresentava corte contuso no joelho direito, se queixando de dor no bra\u00e7o intensa.<\/p>\n<p>A unidade do SAMU foi acionada \u00e0s 16h15 para atendimento a uma mulher de 53 anos, v\u00edtima de agress\u00e3o f\u00edsica ocorrida no bairro Vera Cruz. Ela apresentava corte na boca, com sangramento ativo, onde foi realizado curativo para estancar a hemorragia.<\/p>\n<p>\u00c0s 15h15, um homem de 29 anos que transitava de moto na Avenida Deputado Pl\u00ednio Ribeiro ficou ferido ap\u00f3s colidir contra um carro. Ele se queixava de dor no p\u00e9 direito, onde apresentava edema, sem suspeita de fratura.<\/p>\n<p>\u00c0s 14h50, um homem de 23 anos que transitava de bicicleta no bairro Alterosa sofreu ferimentos leves ap\u00f3s colidir contra uma moto. Ele estava consciente e orientado, se queixando de dor cervical e tor\u00e1cica.<\/p>\n<p>Uma mulher de 43 anos caiu de moto por volta das 13 horas no bairro Morada da Serra e apresentava deformidade na clav\u00edcula esquerda, escoria\u00e7\u00f5es na perna esquerda e no p\u00e9.<\/p>\n<p>Um homem de 29 anos caiu de moto por volta das 13 horas na Rua Padre Vieira, bairro S\u00e3o Judas e foi encontrado pelos socorristas sentado em cadeira, sem capacete, com escoria\u00e7\u00f5es na perna esquerda, sem sinais de fratura. <\/p>\n<p>A unidade do SAMU foi acionada para atendimento a um homem de 36 anos, ferido por serra el\u00e9trica, na Rua S\u00e3o Francisco, regi\u00e3o central de Montes Claros. Ele apresentava contus\u00e3o no dedo polegar direito, com amputa\u00e7\u00e3o parcial do dedo e perda \u00f3ssea.<\/p>\n<p>Em todas as ocorr\u00eancias os feridos receberam os primeiros atendimentos no local, conforme protocolo padr\u00e3o, e foram encaminhados ao hospital para avalia\u00e7\u00e3o.<\/p>\n","protected":false},"excerpt":{"rendered":"<p>Ter\u00e7a-feira, 26 de agosto de 2014 A unidade do SAMU de Montes Claros realizou nesta ter\u00e7a-feira, 26 de agosto, 35 atendimentos, sendo 24 casos cl\u00ednicos; 09 por acidente de tr\u00e2nsito, todos envolvendo motocicleta; 01 por ferimento por arma branca e 01 por agress\u00e3o f\u00edsica. Duas pessoas ficaram feridas em uma colis\u00e3o entre duas motos ocorrida [&hellip;]<\/p>\n","protected":false},"author":1,"featured_media":37592,"comment_status":"open","ping_status":"closed","sticky":false,"template":"","format":"standard","meta":{"amp_status":"","footnotes":""},"categories":[1236],"tags":[210,13995,14613],"class_list":["post-38343","post","type-post","status-publish","format-standard","has-post-thumbnail","hentry","category-norte_de_minas","tag-montes-claros","tag-plantao-samu-macro-norte","tag-plantao-samu-macro-norte-26-de-agosto-montes-clarosmg"],"_links":{"self":[{"href":"https:\/\/aconteceunovale.com.br\/portal\/index.php?rest_route=\/wp\/v2\/posts\/38343","targetHints":{"allow":["GET"]}}],"collection":[{"href":"https:\/\/aconteceunovale.com.br\/portal\/index.php?rest_route=\/wp\/v2\/posts"}],"about":[{"href":"https:\/\/aconteceunovale.com.br\/portal\/index.php?rest_route=\/wp\/v2\/types\/post"}],"author":[{"embeddable":true,"href":"https:\/\/aconteceunovale.com.br\/portal\/index.php?rest_route=\/wp\/v2\/users\/1"}],"replies":[{"embeddable":true,"href":"https:\/\/aconteceunovale.com.br\/portal\/index.php?rest_route=%2Fwp%2Fv2%2Fcomments&post=38343"}],"version-history":[{"count":0,"href":"https:\/\/aconteceunovale.com.br\/portal\/index.php?rest_route=\/wp\/v2\/posts\/38343\/revisions"}],"wp:featuredmedia":[{"embeddable":true,"href":"https:\/\/aconteceunovale.com.br\/portal\/index.php?rest_route=\/wp\/v2\/media\/37592"}],"wp:attachment":[{"href":"https:\/\/aconteceunovale.com.br\/portal\/index.php?rest_route=%2Fwp%2Fv2%2Fmedia&parent=38343"}],"wp:term":[{"taxonomy":"category","embeddable":true,"href":"https:\/\/aconteceunovale.com.br\/portal\/index.php?rest_route=%2Fwp%2Fv2%2Fcategories&post=38343"},{"taxonomy":"post_tag","embeddable":true,"href":"https:\/\/aconteceunovale.com.br\/portal\/index.php?rest_route=%2Fwp%2Fv2%2Ftags&post=38343"}],"curies":[{"name":"wp","href":"https:\/\/api.w.org\/{rel}","templated":true}]}}