{"id":38307,"date":"2014-08-26T20:25:54","date_gmt":"2014-08-26T23:25:54","guid":{"rendered":"http:\/\/aconteceunovale.com.br\/portal\/?p=38307"},"modified":"2014-08-26T21:09:03","modified_gmt":"2014-08-27T00:09:03","slug":"14a-festa-do-bom-jesus-e-ribeiraozense-ausente-sera-realizada-nos-dias-13-e-14-de-setembro","status":"publish","type":"post","link":"https:\/\/aconteceunovale.com.br\/portal\/?p=38307","title":{"rendered":"14\u00aa Festa do Bom Jesus e Ribeir\u00e3ozense Ausente ser\u00e1 realizada nos dias 13 e 14 de setembro"},"content":{"rendered":"<p>[image src=&#8221;http:\/\/aconteceunovale.com.br\/portal\/wp-content\/uploads\/2014\/08\/festa_do_ribeirao_da_folha.jpg&#8221; width=&#8221;250&#8243; height=&#8221;353&#8243; lightbox=&#8221;yes&#8221; align=&#8221;left&#8221; float=&#8221;left&#8221;]Nos dias 13 e 14 de setembro, acontece em Ribeir\u00e3o da Folha, munic\u00edpio de Minas Novas, a 14\u00aa Festa do Bom Jesus e Ribeir\u00e3ozense Ausente.<\/p>\n<p>O tradicional evento do distrito, em 2014, ter\u00e1 shows com a Banda Cacau com Rapadura, Forr\u00f3 dos Manos e Banda Kurti\u00e7\u00e3o. Confira abaixo a programa\u00e7\u00e3o completa:<\/p>\n<p>S\u00e1bado (13\/09)<br \/>\n&#8211; 19:00 &#8211; Culto Religioso<br \/>\n&#8211; 20:00 &#8211; Mastro e Leil\u00e3o<br \/>\n&#8211; 22:30 &#8211; Show Forr\u00f3 dos Manos<br \/>\n&#8211; 01:30 &#8211; Show Cacau com Rapadura<\/p>\n<p>Domingo (14\/09)<br \/>\n&#8211; 14:00 &#8211; Missa<br \/>\n&#8211; 15:30 &#8211; Leil\u00e3o<br \/>\n&#8211; 18:00 &#8211; Bingo de R$ 1000,00<br \/>\n&#8211; 20:00 &#8211; Show Banda Kurti\u00e7\u00e3o<\/p>\n<p>O evento tem o apoio da Prefeitura de Minas Novas, Pol\u00edcia Militar, Portal Aconteceu no Vale, Uai Placas, Caf\u00e9 Jequitinhonha, Carlos da Dalva, Paul\u00e3o da Baixa, Marcos de Nena e Vin\u00edcius Grossi.<\/p>\n<p>Patroc\u00ednio: GBF Construtora, LIS Transportes, Districap, Comercial L&amp;A, Construlider, Supermercado Farnezze, Casa Nova Materiais de Constru\u00e7\u00e3o, Comercial Amorim, Mercearia Soares, Agrominas Agroveterin\u00e1ria, Comercial Lucy, Comercial Rodrigues, Diego Fernandes e Fam\u00edlia, Marmoraria Minas Elevar, Bispoc, Eliza M\u00f3veis e Comercial do L\u00f3.<\/p>\n","protected":false},"excerpt":{"rendered":"<p>[image src=&#8221;http:\/\/aconteceunovale.com.br\/portal\/wp-content\/uploads\/2014\/08\/festa_do_ribeirao_da_folha.jpg&#8221; width=&#8221;250&#8243; height=&#8221;353&#8243; lightbox=&#8221;yes&#8221; align=&#8221;left&#8221; float=&#8221;left&#8221;]Nos dias 13 e 14 de setembro, acontece em Ribeir\u00e3o da Folha, munic\u00edpio de Minas Novas, a 14\u00aa Festa do Bom Jesus e Ribeir\u00e3ozense Ausente. O tradicional evento do distrito, em 2014, ter\u00e1 shows com a Banda Cacau com Rapadura, Forr\u00f3 dos Manos e Banda Kurti\u00e7\u00e3o. Confira abaixo a [&hellip;]<\/p>\n","protected":false},"author":1,"featured_media":38311,"comment_status":"open","ping_status":"closed","sticky":false,"template":"","format":"standard","meta":{"amp_status":"","footnotes":""},"categories":[125],"tags":[14586,14584,137,14585],"class_list":["post-38307","post","type-post","status-publish","format-standard","has-post-thumbnail","hentry","category-noticias","tag-14a-festa-do-bom-jesus-e-ribeiraozense-ausente","tag-14a-festa-do-bom-jesus-e-ribeiraozense-ausente-sera-realizada-nos-dias-13-e-14-de-setembro","tag-minas-novas","tag-ribeirao-da-folha"],"yoast_head":"<!-- This site is optimized with the Yoast SEO plugin v28.3 - https:\/\/yoast.com\/product\/yoast-seo-wordpress\/ -->\n<title>14\u00aa Festa do Bom Jesus e Ribeir\u00e3ozense Ausente ser\u00e1 realizada nos dias 13 e 14 de setembro - Aconteceu no Vale<\/title>\n<meta name=\"robots\" content=\"index, follow, max-snippet:-1, max-image-preview:large, max-video-preview:-1\" \/>\n<link rel=\"canonical\" href=\"https:\/\/aconteceunovale.com.br\/portal\/?p=38307\" \/>\n<meta property=\"og:locale\" content=\"pt_BR\" \/>\n<meta property=\"og:type\" content=\"article\" \/>\n<meta property=\"og:title\" content=\"14\u00aa Festa do Bom Jesus e Ribeir\u00e3ozense Ausente ser\u00e1 realizada nos dias 13 e 14 de setembro - Aconteceu no Vale\" \/>\n<meta property=\"og:description\" content=\"[image src=&#8221;http:\/\/aconteceunovale.com.br\/portal\/wp-content\/uploads\/2014\/08\/festa_do_ribeirao_da_folha.jpg&#8221; width=&#8221;250&#8243; height=&#8221;353&#8243; lightbox=&#8221;yes&#8221; align=&#8221;left&#8221; float=&#8221;left&#8221;]Nos dias 13 e 14 de setembro, acontece em Ribeir\u00e3o da Folha, munic\u00edpio de Minas Novas, a 14\u00aa Festa do Bom Jesus e Ribeir\u00e3ozense Ausente. O tradicional evento do distrito, em 2014, ter\u00e1 shows com a Banda Cacau com Rapadura, Forr\u00f3 dos Manos e Banda Kurti\u00e7\u00e3o. Confira abaixo a [&hellip;]\" \/>\n<meta property=\"og:url\" content=\"https:\/\/aconteceunovale.com.br\/portal\/?p=38307\" \/>\n<meta property=\"og:site_name\" content=\"Aconteceu no Vale\" \/>\n<meta property=\"article:publisher\" content=\"https:\/\/www.facebook.com\/aconteceunovale\/\" \/>\n<meta property=\"article:published_time\" content=\"2014-08-26T23:25:54+00:00\" \/>\n<meta property=\"article:modified_time\" content=\"2014-08-27T00:09:03+00:00\" \/>\n<meta property=\"og:image\" content=\"https:\/\/aconteceunovale.com.br\/portal\/wp-content\/uploads\/2014\/08\/festa_do_ribeirao_da_folha1.jpg\" \/>\n\t<meta property=\"og:image:width\" content=\"678\" \/>\n\t<meta property=\"og:image:height\" content=\"371\" \/>\n\t<meta property=\"og:image:type\" content=\"image\/jpeg\" \/>\n<meta name=\"author\" content=\"Aconteceu no Vale\" \/>\n<meta name=\"twitter:card\" content=\"summary_large_image\" \/>\n<meta name=\"twitter:creator\" content=\"@noticiadosvales\" \/>\n<meta name=\"twitter:site\" content=\"@noticiadosvales\" \/>\n<meta name=\"twitter:label1\" content=\"Escrito por\" \/>\n\t<meta name=\"twitter:data1\" content=\"Aconteceu no Vale\" \/>\n\t<meta name=\"twitter:label2\" content=\"Est. tempo de leitura\" \/>\n\t<meta name=\"twitter:data2\" content=\"1 minuto\" \/>\n<script type=\"application\/ld+json\" class=\"yoast-schema-graph\">{\"@context\":\"https:\\\/\\\/schema.org\",\"@graph\":[{\"@type\":\"Article\",\"@id\":\"https:\\\/\\\/aconteceunovale.com.br\\\/portal\\\/?p=38307#article\",\"isPartOf\":{\"@id\":\"https:\\\/\\\/aconteceunovale.com.br\\\/portal\\\/?p=38307\"},\"author\":{\"name\":\"Aconteceu no Vale\",\"@id\":\"https:\\\/\\\/aconteceunovale.com.br\\\/portal\\\/#\\\/schema\\\/person\\\/633529146f2c94272bef50ac2953d589\"},\"headline\":\"14\u00aa Festa do Bom Jesus e Ribeir\u00e3ozense Ausente ser\u00e1 realizada nos dias 13 e 14 de setembro\",\"datePublished\":\"2014-08-26T23:25:54+00:00\",\"dateModified\":\"2014-08-27T00:09:03+00:00\",\"mainEntityOfPage\":{\"@id\":\"https:\\\/\\\/aconteceunovale.com.br\\\/portal\\\/?p=38307\"},\"wordCount\":215,\"commentCount\":0,\"image\":{\"@id\":\"https:\\\/\\\/aconteceunovale.com.br\\\/portal\\\/?p=38307#primaryimage\"},\"thumbnailUrl\":\"https:\\\/\\\/aconteceunovale.com.br\\\/portal\\\/wp-content\\\/uploads\\\/2014\\\/08\\\/festa_do_ribeirao_da_folha1.jpg\",\"keywords\":[\"14\u00aa Festa do Bom Jesus e Ribeir\u00e3ozense Ausente\",\"14\u00aa Festa do Bom Jesus e Ribeir\u00e3ozense Ausente ser\u00e1 realizada nos dias 13 e 14 de setembro\",\"Minas Novas\",\"Ribeir\u00e3o da Folha\"],\"articleSection\":[\"Eventos\"],\"inLanguage\":\"pt-BR\",\"potentialAction\":[{\"@type\":\"CommentAction\",\"name\":\"Comment\",\"target\":[\"https:\\\/\\\/aconteceunovale.com.br\\\/portal\\\/?p=38307#respond\"]}]},{\"@type\":\"WebPage\",\"@id\":\"https:\\\/\\\/aconteceunovale.com.br\\\/portal\\\/?p=38307\",\"url\":\"https:\\\/\\\/aconteceunovale.com.br\\\/portal\\\/?p=38307\",\"name\":\"14\u00aa Festa do Bom Jesus e Ribeir\u00e3ozense Ausente ser\u00e1 realizada nos dias 13 e 14 de setembro - Aconteceu no Vale\",\"isPartOf\":{\"@id\":\"https:\\\/\\\/aconteceunovale.com.br\\\/portal\\\/#website\"},\"primaryImageOfPage\":{\"@id\":\"https:\\\/\\\/aconteceunovale.com.br\\\/portal\\\/?p=38307#primaryimage\"},\"image\":{\"@id\":\"https:\\\/\\\/aconteceunovale.com.br\\\/portal\\\/?p=38307#primaryimage\"},\"thumbnailUrl\":\"https:\\\/\\\/aconteceunovale.com.br\\\/portal\\\/wp-content\\\/uploads\\\/2014\\\/08\\\/festa_do_ribeirao_da_folha1.jpg\",\"datePublished\":\"2014-08-26T23:25:54+00:00\",\"dateModified\":\"2014-08-27T00:09:03+00:00\",\"author\":{\"@id\":\"https:\\\/\\\/aconteceunovale.com.br\\\/portal\\\/#\\\/schema\\\/person\\\/633529146f2c94272bef50ac2953d589\"},\"breadcrumb\":{\"@id\":\"https:\\\/\\\/aconteceunovale.com.br\\\/portal\\\/?p=38307#breadcrumb\"},\"inLanguage\":\"pt-BR\",\"potentialAction\":[{\"@type\":\"ReadAction\",\"target\":[\"https:\\\/\\\/aconteceunovale.com.br\\\/portal\\\/?p=38307\"]}]},{\"@type\":\"ImageObject\",\"inLanguage\":\"pt-BR\",\"@id\":\"https:\\\/\\\/aconteceunovale.com.br\\\/portal\\\/?p=38307#primaryimage\",\"url\":\"https:\\\/\\\/aconteceunovale.com.br\\\/portal\\\/wp-content\\\/uploads\\\/2014\\\/08\\\/festa_do_ribeirao_da_folha1.jpg\",\"contentUrl\":\"https:\\\/\\\/aconteceunovale.com.br\\\/portal\\\/wp-content\\\/uploads\\\/2014\\\/08\\\/festa_do_ribeirao_da_folha1.jpg\",\"width\":678,\"height\":371},{\"@type\":\"BreadcrumbList\",\"@id\":\"https:\\\/\\\/aconteceunovale.com.br\\\/portal\\\/?p=38307#breadcrumb\",\"itemListElement\":[{\"@type\":\"ListItem\",\"position\":1,\"name\":\"In\u00edcio\",\"item\":\"https:\\\/\\\/aconteceunovale.com.br\\\/portal\\\/\"},{\"@type\":\"ListItem\",\"position\":2,\"name\":\"14\u00aa Festa do Bom Jesus e Ribeir\u00e3ozense Ausente ser\u00e1 realizada nos dias 13 e 14 de setembro\"}]},{\"@type\":\"WebSite\",\"@id\":\"https:\\\/\\\/aconteceunovale.com.br\\\/portal\\\/#website\",\"url\":\"https:\\\/\\\/aconteceunovale.com.br\\\/portal\\\/\",\"name\":\"Aconteceu no Vale\",\"description\":\"Portal de Not\u00edcias\",\"potentialAction\":[{\"@type\":\"SearchAction\",\"target\":{\"@type\":\"EntryPoint\",\"urlTemplate\":\"https:\\\/\\\/aconteceunovale.com.br\\\/portal\\\/?s={search_term_string}\"},\"query-input\":{\"@type\":\"PropertyValueSpecification\",\"valueRequired\":true,\"valueName\":\"search_term_string\"}}],\"inLanguage\":\"pt-BR\"},{\"@type\":\"Person\",\"@id\":\"https:\\\/\\\/aconteceunovale.com.br\\\/portal\\\/#\\\/schema\\\/person\\\/633529146f2c94272bef50ac2953d589\",\"name\":\"Aconteceu no Vale\",\"description\":\"Equipe de reportagem do Aconteceu no Vale, portal de not\u00edcias do Vale do Jequitinhonha, em Minas Gerais. Cobrimos as 51 cidades do Vale desde 2013. Sugest\u00f5es de pauta e pedidos de corre\u00e7\u00e3o: contato@aconteceunovale.com.br\",\"sameAs\":[\"http:\\\/\\\/www.aconteceunovale.com.br\"],\"url\":\"https:\\\/\\\/aconteceunovale.com.br\\\/portal\\\/?author=1\"}]}<\/script>\n<!-- \/ Yoast SEO plugin. -->","yoast_head_json":{"title":"14\u00aa Festa do Bom Jesus e Ribeir\u00e3ozense Ausente ser\u00e1 realizada nos dias 13 e 14 de setembro - Aconteceu no Vale","robots":{"index":"index","follow":"follow","max-snippet":"max-snippet:-1","max-image-preview":"max-image-preview:large","max-video-preview":"max-video-preview:-1"},"canonical":"https:\/\/aconteceunovale.com.br\/portal\/?p=38307","og_locale":"pt_BR","og_type":"article","og_title":"14\u00aa Festa do Bom Jesus e Ribeir\u00e3ozense Ausente ser\u00e1 realizada nos dias 13 e 14 de setembro - Aconteceu no Vale","og_description":"[image src=&#8221;http:\/\/aconteceunovale.com.br\/portal\/wp-content\/uploads\/2014\/08\/festa_do_ribeirao_da_folha.jpg&#8221; width=&#8221;250&#8243; height=&#8221;353&#8243; lightbox=&#8221;yes&#8221; align=&#8221;left&#8221; float=&#8221;left&#8221;]Nos dias 13 e 14 de setembro, acontece em Ribeir\u00e3o da Folha, munic\u00edpio de Minas Novas, a 14\u00aa Festa do Bom Jesus e Ribeir\u00e3ozense Ausente. O tradicional evento do distrito, em 2014, ter\u00e1 shows com a Banda Cacau com Rapadura, Forr\u00f3 dos Manos e Banda Kurti\u00e7\u00e3o. Confira abaixo a [&hellip;]","og_url":"https:\/\/aconteceunovale.com.br\/portal\/?p=38307","og_site_name":"Aconteceu no Vale","article_publisher":"https:\/\/www.facebook.com\/aconteceunovale\/","article_published_time":"2014-08-26T23:25:54+00:00","article_modified_time":"2014-08-27T00:09:03+00:00","og_image":[{"width":678,"height":371,"url":"https:\/\/aconteceunovale.com.br\/portal\/wp-content\/uploads\/2014\/08\/festa_do_ribeirao_da_folha1.jpg","type":"image\/jpeg"}],"author":"Aconteceu no Vale","twitter_card":"summary_large_image","twitter_creator":"@noticiadosvales","twitter_site":"@noticiadosvales","twitter_misc":{"Escrito por":"Aconteceu no Vale","Est. tempo de leitura":"1 minuto"},"schema":{"@context":"https:\/\/schema.org","@graph":[{"@type":"Article","@id":"https:\/\/aconteceunovale.com.br\/portal\/?p=38307#article","isPartOf":{"@id":"https:\/\/aconteceunovale.com.br\/portal\/?p=38307"},"author":{"name":"Aconteceu no Vale","@id":"https:\/\/aconteceunovale.com.br\/portal\/#\/schema\/person\/633529146f2c94272bef50ac2953d589"},"headline":"14\u00aa Festa do Bom Jesus e Ribeir\u00e3ozense Ausente ser\u00e1 realizada nos dias 13 e 14 de setembro","datePublished":"2014-08-26T23:25:54+00:00","dateModified":"2014-08-27T00:09:03+00:00","mainEntityOfPage":{"@id":"https:\/\/aconteceunovale.com.br\/portal\/?p=38307"},"wordCount":215,"commentCount":0,"image":{"@id":"https:\/\/aconteceunovale.com.br\/portal\/?p=38307#primaryimage"},"thumbnailUrl":"https:\/\/aconteceunovale.com.br\/portal\/wp-content\/uploads\/2014\/08\/festa_do_ribeirao_da_folha1.jpg","keywords":["14\u00aa Festa do Bom Jesus e Ribeir\u00e3ozense Ausente","14\u00aa Festa do Bom Jesus e Ribeir\u00e3ozense Ausente ser\u00e1 realizada nos dias 13 e 14 de setembro","Minas Novas","Ribeir\u00e3o da Folha"],"articleSection":["Eventos"],"inLanguage":"pt-BR","potentialAction":[{"@type":"CommentAction","name":"Comment","target":["https:\/\/aconteceunovale.com.br\/portal\/?p=38307#respond"]}]},{"@type":"WebPage","@id":"https:\/\/aconteceunovale.com.br\/portal\/?p=38307","url":"https:\/\/aconteceunovale.com.br\/portal\/?p=38307","name":"14\u00aa Festa do Bom Jesus e Ribeir\u00e3ozense Ausente ser\u00e1 realizada nos dias 13 e 14 de setembro - Aconteceu no Vale","isPartOf":{"@id":"https:\/\/aconteceunovale.com.br\/portal\/#website"},"primaryImageOfPage":{"@id":"https:\/\/aconteceunovale.com.br\/portal\/?p=38307#primaryimage"},"image":{"@id":"https:\/\/aconteceunovale.com.br\/portal\/?p=38307#primaryimage"},"thumbnailUrl":"https:\/\/aconteceunovale.com.br\/portal\/wp-content\/uploads\/2014\/08\/festa_do_ribeirao_da_folha1.jpg","datePublished":"2014-08-26T23:25:54+00:00","dateModified":"2014-08-27T00:09:03+00:00","author":{"@id":"https:\/\/aconteceunovale.com.br\/portal\/#\/schema\/person\/633529146f2c94272bef50ac2953d589"},"breadcrumb":{"@id":"https:\/\/aconteceunovale.com.br\/portal\/?p=38307#breadcrumb"},"inLanguage":"pt-BR","potentialAction":[{"@type":"ReadAction","target":["https:\/\/aconteceunovale.com.br\/portal\/?p=38307"]}]},{"@type":"ImageObject","inLanguage":"pt-BR","@id":"https:\/\/aconteceunovale.com.br\/portal\/?p=38307#primaryimage","url":"https:\/\/aconteceunovale.com.br\/portal\/wp-content\/uploads\/2014\/08\/festa_do_ribeirao_da_folha1.jpg","contentUrl":"https:\/\/aconteceunovale.com.br\/portal\/wp-content\/uploads\/2014\/08\/festa_do_ribeirao_da_folha1.jpg","width":678,"height":371},{"@type":"BreadcrumbList","@id":"https:\/\/aconteceunovale.com.br\/portal\/?p=38307#breadcrumb","itemListElement":[{"@type":"ListItem","position":1,"name":"In\u00edcio","item":"https:\/\/aconteceunovale.com.br\/portal\/"},{"@type":"ListItem","position":2,"name":"14\u00aa Festa do Bom Jesus e Ribeir\u00e3ozense Ausente ser\u00e1 realizada nos dias 13 e 14 de setembro"}]},{"@type":"WebSite","@id":"https:\/\/aconteceunovale.com.br\/portal\/#website","url":"https:\/\/aconteceunovale.com.br\/portal\/","name":"Aconteceu no Vale","description":"Portal de Not\u00edcias","potentialAction":[{"@type":"SearchAction","target":{"@type":"EntryPoint","urlTemplate":"https:\/\/aconteceunovale.com.br\/portal\/?s={search_term_string}"},"query-input":{"@type":"PropertyValueSpecification","valueRequired":true,"valueName":"search_term_string"}}],"inLanguage":"pt-BR"},{"@type":"Person","@id":"https:\/\/aconteceunovale.com.br\/portal\/#\/schema\/person\/633529146f2c94272bef50ac2953d589","name":"Aconteceu no Vale","description":"Equipe de reportagem do Aconteceu no Vale, portal de not\u00edcias do Vale do Jequitinhonha, em Minas Gerais. Cobrimos as 51 cidades do Vale desde 2013. Sugest\u00f5es de pauta e pedidos de corre\u00e7\u00e3o: contato@aconteceunovale.com.br","sameAs":["http:\/\/www.aconteceunovale.com.br"],"url":"https:\/\/aconteceunovale.com.br\/portal\/?author=1"}]}},"_links":{"self":[{"href":"https:\/\/aconteceunovale.com.br\/portal\/index.php?rest_route=\/wp\/v2\/posts\/38307","targetHints":{"allow":["GET"]}}],"collection":[{"href":"https:\/\/aconteceunovale.com.br\/portal\/index.php?rest_route=\/wp\/v2\/posts"}],"about":[{"href":"https:\/\/aconteceunovale.com.br\/portal\/index.php?rest_route=\/wp\/v2\/types\/post"}],"author":[{"embeddable":true,"href":"https:\/\/aconteceunovale.com.br\/portal\/index.php?rest_route=\/wp\/v2\/users\/1"}],"replies":[{"embeddable":true,"href":"https:\/\/aconteceunovale.com.br\/portal\/index.php?rest_route=%2Fwp%2Fv2%2Fcomments&post=38307"}],"version-history":[{"count":0,"href":"https:\/\/aconteceunovale.com.br\/portal\/index.php?rest_route=\/wp\/v2\/posts\/38307\/revisions"}],"wp:featuredmedia":[{"embeddable":true,"href":"https:\/\/aconteceunovale.com.br\/portal\/index.php?rest_route=\/wp\/v2\/media\/38311"}],"wp:attachment":[{"href":"https:\/\/aconteceunovale.com.br\/portal\/index.php?rest_route=%2Fwp%2Fv2%2Fmedia&parent=38307"}],"wp:term":[{"taxonomy":"category","embeddable":true,"href":"https:\/\/aconteceunovale.com.br\/portal\/index.php?rest_route=%2Fwp%2Fv2%2Fcategories&post=38307"},{"taxonomy":"post_tag","embeddable":true,"href":"https:\/\/aconteceunovale.com.br\/portal\/index.php?rest_route=%2Fwp%2Fv2%2Ftags&post=38307"}],"curies":[{"name":"wp","href":"https:\/\/api.w.org\/{rel}","templated":true}]}}