{"id":38301,"date":"2014-08-26T20:02:05","date_gmt":"2014-08-26T23:02:05","guid":{"rendered":"http:\/\/aconteceunovale.com.br\/portal\/?p=38301"},"modified":"2014-08-26T20:02:05","modified_gmt":"2014-08-26T23:02:05","slug":"docentes-de-timoteo-participam-de-curso-para-o-pacto-nacional-pelo-fortalecimento-do-ensino-medio","status":"publish","type":"post","link":"https:\/\/aconteceunovale.com.br\/portal\/?p=38301","title":{"rendered":"Docentes de Tim\u00f3teo participam de curso para o Pacto Nacional pelo Fortalecimento do Ensino M\u00e9dio"},"content":{"rendered":"<p>Buscando promover a forma\u00e7\u00e3o continuada dos professores e coordenadores pedag\u00f3gicos que atuam no Ensino M\u00e9dio, os docentes da rede municipal de Tim\u00f3teo, participaram nos dias 22 e 23 deste m\u00eas, do curso de forma\u00e7\u00e3o para o Pacto Nacional pelo Fortalecimento do Ensino M\u00e9dio.  O evento aconteceu no audit\u00f3rio da Prefeitura Municipal e o audit\u00f3rio da Funda\u00e7\u00e3o Aperam, no dia 23.<\/p>\n<p>Na ocasi\u00e3o, os participantes foram palestrados pelo professor Dr. Roberto Puentes, doutor em Educa\u00e7\u00e3o pela Universidade Metodista de Piracicaba. Durante a palestra, Dr. Roberto falou sobre educa\u00e7\u00e3o b\u00e1sica, o curr\u00edculo, a did\u00e1tica e o ensino atrav\u00e9s do desenvolvimento. Outra palestra ministrada abordou o tema &#8220;Repensando uma reorganiza\u00e7\u00e3o curricular para a Educa\u00e7\u00e3o B\u00e1sica&#8221;. A palestrante foi Dra. Maria Ad\u00e9lia da Costa, doutora em Educa\u00e7\u00e3o pela Universidade Federal de Uberl\u00e2ndia.<\/p>\n<p>O Pacto Nacional pelo Fortalecimento do Ensino M\u00e9dio \u00e9 um projeto que visa \u00e0 promo\u00e7\u00e3o da melhoria da qualidade de Educa\u00e7\u00e3o B\u00e1sica, especialmente do Ensino M\u00e9dio, por meio da amplia\u00e7\u00e3o dos espa\u00e7os de forma\u00e7\u00e3o dos profissionais envolvidos nesta etapa da Educa\u00e7\u00e3o B\u00e1sica. Neste contexto, o curso busca contemplar os processos formativos, tanto os professores como gestores e equipes pedag\u00f3gicas das Secretarias de Educa\u00e7\u00e3o e das escolas, no \u00e2mbito do estado de Minas Gerais.<\/p>\n<p><img decoding=\"async\" src=\"http:\/\/aconteceunovale.com.br\/portal\/wp-content\/uploads\/2014\/08\/curso_prof_timoteo.jpg\" alt=\"\" \/><em>(Foto e informa\u00e7\u00f5es da Prefeitura de Tim\u00f3teo)<\/em><\/p>\n","protected":false},"excerpt":{"rendered":"<p>Buscando promover a forma\u00e7\u00e3o continuada dos professores e coordenadores pedag\u00f3gicos que atuam no Ensino M\u00e9dio, os docentes da rede municipal de Tim\u00f3teo, participaram nos dias 22 e 23 deste m\u00eas, do curso de forma\u00e7\u00e3o para o Pacto Nacional pelo Fortalecimento do Ensino M\u00e9dio. O evento aconteceu no audit\u00f3rio da Prefeitura Municipal e o audit\u00f3rio da [&hellip;]<\/p>\n","protected":false},"author":1,"featured_media":38302,"comment_status":"open","ping_status":"closed","sticky":false,"template":"","format":"standard","meta":{"amp_status":"","footnotes":""},"categories":[121],"tags":[14580,14581,1105],"class_list":["post-38301","post","type-post","status-publish","format-standard","has-post-thumbnail","hentry","category-leste","tag-docentes-de-timoteo-participam-de-curso-para-o-pacto-nacional-pelo-fortalecimento-do-ensino-medio","tag-pacto-nacional-pelo-fortalecimento-do-ensino-medio","tag-timoteo"],"yoast_head":"<!-- This site is optimized with the Yoast SEO plugin v28.3 - https:\/\/yoast.com\/product\/yoast-seo-wordpress\/ -->\n<title>Docentes de Tim\u00f3teo participam de curso para o Pacto Nacional pelo Fortalecimento do Ensino M\u00e9dio - Aconteceu no Vale<\/title>\n<meta name=\"robots\" content=\"index, follow, max-snippet:-1, max-image-preview:large, max-video-preview:-1\" \/>\n<link rel=\"canonical\" href=\"https:\/\/aconteceunovale.com.br\/portal\/?p=38301\" \/>\n<meta property=\"og:locale\" content=\"pt_BR\" \/>\n<meta property=\"og:type\" content=\"article\" \/>\n<meta property=\"og:title\" content=\"Docentes de Tim\u00f3teo participam de curso para o Pacto Nacional pelo Fortalecimento do Ensino M\u00e9dio - Aconteceu no Vale\" \/>\n<meta property=\"og:description\" content=\"Buscando promover a forma\u00e7\u00e3o continuada dos professores e coordenadores pedag\u00f3gicos que atuam no Ensino M\u00e9dio, os docentes da rede municipal de Tim\u00f3teo, participaram nos dias 22 e 23 deste m\u00eas, do curso de forma\u00e7\u00e3o para o Pacto Nacional pelo Fortalecimento do Ensino M\u00e9dio. O evento aconteceu no audit\u00f3rio da Prefeitura Municipal e o audit\u00f3rio da [&hellip;]\" \/>\n<meta property=\"og:url\" content=\"https:\/\/aconteceunovale.com.br\/portal\/?p=38301\" \/>\n<meta property=\"og:site_name\" content=\"Aconteceu no Vale\" \/>\n<meta property=\"article:publisher\" content=\"https:\/\/www.facebook.com\/aconteceunovale\/\" \/>\n<meta property=\"article:published_time\" content=\"2014-08-26T23:02:05+00:00\" \/>\n<meta property=\"og:image\" content=\"https:\/\/aconteceunovale.com.br\/portal\/wp-content\/uploads\/2014\/08\/curso_prof_timoteo.jpg\" \/>\n\t<meta property=\"og:image:width\" content=\"630\" \/>\n\t<meta property=\"og:image:height\" content=\"364\" \/>\n\t<meta property=\"og:image:type\" content=\"image\/jpeg\" \/>\n<meta name=\"author\" content=\"Aconteceu no Vale\" \/>\n<meta name=\"twitter:card\" content=\"summary_large_image\" \/>\n<meta name=\"twitter:creator\" content=\"@noticiadosvales\" \/>\n<meta name=\"twitter:site\" content=\"@noticiadosvales\" \/>\n<meta name=\"twitter:label1\" content=\"Escrito por\" \/>\n\t<meta name=\"twitter:data1\" content=\"Aconteceu no Vale\" \/>\n\t<meta name=\"twitter:label2\" content=\"Est. tempo de leitura\" \/>\n\t<meta name=\"twitter:data2\" content=\"1 minuto\" \/>\n<script type=\"application\/ld+json\" class=\"yoast-schema-graph\">{\"@context\":\"https:\\\/\\\/schema.org\",\"@graph\":[{\"@type\":\"Article\",\"@id\":\"https:\\\/\\\/aconteceunovale.com.br\\\/portal\\\/?p=38301#article\",\"isPartOf\":{\"@id\":\"https:\\\/\\\/aconteceunovale.com.br\\\/portal\\\/?p=38301\"},\"author\":{\"name\":\"Aconteceu no Vale\",\"@id\":\"https:\\\/\\\/aconteceunovale.com.br\\\/portal\\\/#\\\/schema\\\/person\\\/633529146f2c94272bef50ac2953d589\"},\"headline\":\"Docentes de Tim\u00f3teo participam de curso para o Pacto Nacional pelo Fortalecimento do Ensino M\u00e9dio\",\"datePublished\":\"2014-08-26T23:02:05+00:00\",\"mainEntityOfPage\":{\"@id\":\"https:\\\/\\\/aconteceunovale.com.br\\\/portal\\\/?p=38301\"},\"wordCount\":257,\"commentCount\":0,\"image\":{\"@id\":\"https:\\\/\\\/aconteceunovale.com.br\\\/portal\\\/?p=38301#primaryimage\"},\"thumbnailUrl\":\"https:\\\/\\\/aconteceunovale.com.br\\\/portal\\\/wp-content\\\/uploads\\\/2014\\\/08\\\/curso_prof_timoteo.jpg\",\"keywords\":[\"Docentes de Tim\u00f3teo participam de curso para o Pacto Nacional pelo Fortalecimento do Ensino M\u00e9dio\",\"Pacto Nacional pelo Fortalecimento do Ensino M\u00e9dio\",\"Tim\u00f3teo\"],\"articleSection\":[\"Leste de Minas\"],\"inLanguage\":\"pt-BR\",\"potentialAction\":[{\"@type\":\"CommentAction\",\"name\":\"Comment\",\"target\":[\"https:\\\/\\\/aconteceunovale.com.br\\\/portal\\\/?p=38301#respond\"]}]},{\"@type\":\"WebPage\",\"@id\":\"https:\\\/\\\/aconteceunovale.com.br\\\/portal\\\/?p=38301\",\"url\":\"https:\\\/\\\/aconteceunovale.com.br\\\/portal\\\/?p=38301\",\"name\":\"Docentes de Tim\u00f3teo participam de curso para o Pacto Nacional pelo Fortalecimento do Ensino M\u00e9dio - Aconteceu no Vale\",\"isPartOf\":{\"@id\":\"https:\\\/\\\/aconteceunovale.com.br\\\/portal\\\/#website\"},\"primaryImageOfPage\":{\"@id\":\"https:\\\/\\\/aconteceunovale.com.br\\\/portal\\\/?p=38301#primaryimage\"},\"image\":{\"@id\":\"https:\\\/\\\/aconteceunovale.com.br\\\/portal\\\/?p=38301#primaryimage\"},\"thumbnailUrl\":\"https:\\\/\\\/aconteceunovale.com.br\\\/portal\\\/wp-content\\\/uploads\\\/2014\\\/08\\\/curso_prof_timoteo.jpg\",\"datePublished\":\"2014-08-26T23:02:05+00:00\",\"author\":{\"@id\":\"https:\\\/\\\/aconteceunovale.com.br\\\/portal\\\/#\\\/schema\\\/person\\\/633529146f2c94272bef50ac2953d589\"},\"breadcrumb\":{\"@id\":\"https:\\\/\\\/aconteceunovale.com.br\\\/portal\\\/?p=38301#breadcrumb\"},\"inLanguage\":\"pt-BR\",\"potentialAction\":[{\"@type\":\"ReadAction\",\"target\":[\"https:\\\/\\\/aconteceunovale.com.br\\\/portal\\\/?p=38301\"]}]},{\"@type\":\"ImageObject\",\"inLanguage\":\"pt-BR\",\"@id\":\"https:\\\/\\\/aconteceunovale.com.br\\\/portal\\\/?p=38301#primaryimage\",\"url\":\"https:\\\/\\\/aconteceunovale.com.br\\\/portal\\\/wp-content\\\/uploads\\\/2014\\\/08\\\/curso_prof_timoteo.jpg\",\"contentUrl\":\"https:\\\/\\\/aconteceunovale.com.br\\\/portal\\\/wp-content\\\/uploads\\\/2014\\\/08\\\/curso_prof_timoteo.jpg\",\"width\":630,\"height\":364},{\"@type\":\"BreadcrumbList\",\"@id\":\"https:\\\/\\\/aconteceunovale.com.br\\\/portal\\\/?p=38301#breadcrumb\",\"itemListElement\":[{\"@type\":\"ListItem\",\"position\":1,\"name\":\"In\u00edcio\",\"item\":\"https:\\\/\\\/aconteceunovale.com.br\\\/portal\\\/\"},{\"@type\":\"ListItem\",\"position\":2,\"name\":\"Docentes de Tim\u00f3teo participam de curso para o Pacto Nacional pelo Fortalecimento do Ensino M\u00e9dio\"}]},{\"@type\":\"WebSite\",\"@id\":\"https:\\\/\\\/aconteceunovale.com.br\\\/portal\\\/#website\",\"url\":\"https:\\\/\\\/aconteceunovale.com.br\\\/portal\\\/\",\"name\":\"Aconteceu no Vale\",\"description\":\"Portal de Not\u00edcias\",\"potentialAction\":[{\"@type\":\"SearchAction\",\"target\":{\"@type\":\"EntryPoint\",\"urlTemplate\":\"https:\\\/\\\/aconteceunovale.com.br\\\/portal\\\/?s={search_term_string}\"},\"query-input\":{\"@type\":\"PropertyValueSpecification\",\"valueRequired\":true,\"valueName\":\"search_term_string\"}}],\"inLanguage\":\"pt-BR\"},{\"@type\":\"Person\",\"@id\":\"https:\\\/\\\/aconteceunovale.com.br\\\/portal\\\/#\\\/schema\\\/person\\\/633529146f2c94272bef50ac2953d589\",\"name\":\"Aconteceu no Vale\",\"description\":\"Equipe de reportagem do Aconteceu no Vale, portal de not\u00edcias do Vale do Jequitinhonha, em Minas Gerais. Cobrimos as 51 cidades do Vale desde 2013. Sugest\u00f5es de pauta e pedidos de corre\u00e7\u00e3o: contato@aconteceunovale.com.br\",\"sameAs\":[\"http:\\\/\\\/www.aconteceunovale.com.br\"],\"url\":\"https:\\\/\\\/aconteceunovale.com.br\\\/portal\\\/?author=1\"}]}<\/script>\n<!-- \/ Yoast SEO plugin. -->","yoast_head_json":{"title":"Docentes de Tim\u00f3teo participam de curso para o Pacto Nacional pelo Fortalecimento do Ensino M\u00e9dio - Aconteceu no Vale","robots":{"index":"index","follow":"follow","max-snippet":"max-snippet:-1","max-image-preview":"max-image-preview:large","max-video-preview":"max-video-preview:-1"},"canonical":"https:\/\/aconteceunovale.com.br\/portal\/?p=38301","og_locale":"pt_BR","og_type":"article","og_title":"Docentes de Tim\u00f3teo participam de curso para o Pacto Nacional pelo Fortalecimento do Ensino M\u00e9dio - Aconteceu no Vale","og_description":"Buscando promover a forma\u00e7\u00e3o continuada dos professores e coordenadores pedag\u00f3gicos que atuam no Ensino M\u00e9dio, os docentes da rede municipal de Tim\u00f3teo, participaram nos dias 22 e 23 deste m\u00eas, do curso de forma\u00e7\u00e3o para o Pacto Nacional pelo Fortalecimento do Ensino M\u00e9dio. O evento aconteceu no audit\u00f3rio da Prefeitura Municipal e o audit\u00f3rio da [&hellip;]","og_url":"https:\/\/aconteceunovale.com.br\/portal\/?p=38301","og_site_name":"Aconteceu no Vale","article_publisher":"https:\/\/www.facebook.com\/aconteceunovale\/","article_published_time":"2014-08-26T23:02:05+00:00","og_image":[{"width":630,"height":364,"url":"https:\/\/aconteceunovale.com.br\/portal\/wp-content\/uploads\/2014\/08\/curso_prof_timoteo.jpg","type":"image\/jpeg"}],"author":"Aconteceu no Vale","twitter_card":"summary_large_image","twitter_creator":"@noticiadosvales","twitter_site":"@noticiadosvales","twitter_misc":{"Escrito por":"Aconteceu no Vale","Est. tempo de leitura":"1 minuto"},"schema":{"@context":"https:\/\/schema.org","@graph":[{"@type":"Article","@id":"https:\/\/aconteceunovale.com.br\/portal\/?p=38301#article","isPartOf":{"@id":"https:\/\/aconteceunovale.com.br\/portal\/?p=38301"},"author":{"name":"Aconteceu no Vale","@id":"https:\/\/aconteceunovale.com.br\/portal\/#\/schema\/person\/633529146f2c94272bef50ac2953d589"},"headline":"Docentes de Tim\u00f3teo participam de curso para o Pacto Nacional pelo Fortalecimento do Ensino M\u00e9dio","datePublished":"2014-08-26T23:02:05+00:00","mainEntityOfPage":{"@id":"https:\/\/aconteceunovale.com.br\/portal\/?p=38301"},"wordCount":257,"commentCount":0,"image":{"@id":"https:\/\/aconteceunovale.com.br\/portal\/?p=38301#primaryimage"},"thumbnailUrl":"https:\/\/aconteceunovale.com.br\/portal\/wp-content\/uploads\/2014\/08\/curso_prof_timoteo.jpg","keywords":["Docentes de Tim\u00f3teo participam de curso para o Pacto Nacional pelo Fortalecimento do Ensino M\u00e9dio","Pacto Nacional pelo Fortalecimento do Ensino M\u00e9dio","Tim\u00f3teo"],"articleSection":["Leste de Minas"],"inLanguage":"pt-BR","potentialAction":[{"@type":"CommentAction","name":"Comment","target":["https:\/\/aconteceunovale.com.br\/portal\/?p=38301#respond"]}]},{"@type":"WebPage","@id":"https:\/\/aconteceunovale.com.br\/portal\/?p=38301","url":"https:\/\/aconteceunovale.com.br\/portal\/?p=38301","name":"Docentes de Tim\u00f3teo participam de curso para o Pacto Nacional pelo Fortalecimento do Ensino M\u00e9dio - Aconteceu no Vale","isPartOf":{"@id":"https:\/\/aconteceunovale.com.br\/portal\/#website"},"primaryImageOfPage":{"@id":"https:\/\/aconteceunovale.com.br\/portal\/?p=38301#primaryimage"},"image":{"@id":"https:\/\/aconteceunovale.com.br\/portal\/?p=38301#primaryimage"},"thumbnailUrl":"https:\/\/aconteceunovale.com.br\/portal\/wp-content\/uploads\/2014\/08\/curso_prof_timoteo.jpg","datePublished":"2014-08-26T23:02:05+00:00","author":{"@id":"https:\/\/aconteceunovale.com.br\/portal\/#\/schema\/person\/633529146f2c94272bef50ac2953d589"},"breadcrumb":{"@id":"https:\/\/aconteceunovale.com.br\/portal\/?p=38301#breadcrumb"},"inLanguage":"pt-BR","potentialAction":[{"@type":"ReadAction","target":["https:\/\/aconteceunovale.com.br\/portal\/?p=38301"]}]},{"@type":"ImageObject","inLanguage":"pt-BR","@id":"https:\/\/aconteceunovale.com.br\/portal\/?p=38301#primaryimage","url":"https:\/\/aconteceunovale.com.br\/portal\/wp-content\/uploads\/2014\/08\/curso_prof_timoteo.jpg","contentUrl":"https:\/\/aconteceunovale.com.br\/portal\/wp-content\/uploads\/2014\/08\/curso_prof_timoteo.jpg","width":630,"height":364},{"@type":"BreadcrumbList","@id":"https:\/\/aconteceunovale.com.br\/portal\/?p=38301#breadcrumb","itemListElement":[{"@type":"ListItem","position":1,"name":"In\u00edcio","item":"https:\/\/aconteceunovale.com.br\/portal\/"},{"@type":"ListItem","position":2,"name":"Docentes de Tim\u00f3teo participam de curso para o Pacto Nacional pelo Fortalecimento do Ensino M\u00e9dio"}]},{"@type":"WebSite","@id":"https:\/\/aconteceunovale.com.br\/portal\/#website","url":"https:\/\/aconteceunovale.com.br\/portal\/","name":"Aconteceu no Vale","description":"Portal de Not\u00edcias","potentialAction":[{"@type":"SearchAction","target":{"@type":"EntryPoint","urlTemplate":"https:\/\/aconteceunovale.com.br\/portal\/?s={search_term_string}"},"query-input":{"@type":"PropertyValueSpecification","valueRequired":true,"valueName":"search_term_string"}}],"inLanguage":"pt-BR"},{"@type":"Person","@id":"https:\/\/aconteceunovale.com.br\/portal\/#\/schema\/person\/633529146f2c94272bef50ac2953d589","name":"Aconteceu no Vale","description":"Equipe de reportagem do Aconteceu no Vale, portal de not\u00edcias do Vale do Jequitinhonha, em Minas Gerais. Cobrimos as 51 cidades do Vale desde 2013. Sugest\u00f5es de pauta e pedidos de corre\u00e7\u00e3o: contato@aconteceunovale.com.br","sameAs":["http:\/\/www.aconteceunovale.com.br"],"url":"https:\/\/aconteceunovale.com.br\/portal\/?author=1"}]}},"_links":{"self":[{"href":"https:\/\/aconteceunovale.com.br\/portal\/index.php?rest_route=\/wp\/v2\/posts\/38301","targetHints":{"allow":["GET"]}}],"collection":[{"href":"https:\/\/aconteceunovale.com.br\/portal\/index.php?rest_route=\/wp\/v2\/posts"}],"about":[{"href":"https:\/\/aconteceunovale.com.br\/portal\/index.php?rest_route=\/wp\/v2\/types\/post"}],"author":[{"embeddable":true,"href":"https:\/\/aconteceunovale.com.br\/portal\/index.php?rest_route=\/wp\/v2\/users\/1"}],"replies":[{"embeddable":true,"href":"https:\/\/aconteceunovale.com.br\/portal\/index.php?rest_route=%2Fwp%2Fv2%2Fcomments&post=38301"}],"version-history":[{"count":0,"href":"https:\/\/aconteceunovale.com.br\/portal\/index.php?rest_route=\/wp\/v2\/posts\/38301\/revisions"}],"wp:featuredmedia":[{"embeddable":true,"href":"https:\/\/aconteceunovale.com.br\/portal\/index.php?rest_route=\/wp\/v2\/media\/38302"}],"wp:attachment":[{"href":"https:\/\/aconteceunovale.com.br\/portal\/index.php?rest_route=%2Fwp%2Fv2%2Fmedia&parent=38301"}],"wp:term":[{"taxonomy":"category","embeddable":true,"href":"https:\/\/aconteceunovale.com.br\/portal\/index.php?rest_route=%2Fwp%2Fv2%2Fcategories&post=38301"},{"taxonomy":"post_tag","embeddable":true,"href":"https:\/\/aconteceunovale.com.br\/portal\/index.php?rest_route=%2Fwp%2Fv2%2Ftags&post=38301"}],"curies":[{"name":"wp","href":"https:\/\/api.w.org\/{rel}","templated":true}]}}