{"id":38298,"date":"2014-08-26T19:54:00","date_gmt":"2014-08-26T22:54:00","guid":{"rendered":"http:\/\/aconteceunovale.com.br\/portal\/?p=38298"},"modified":"2014-08-26T19:54:00","modified_gmt":"2014-08-26T22:54:00","slug":"esurb-abre-mais-de-900-vagas-de-emprego-temporario-em-montes-claros","status":"publish","type":"post","link":"https:\/\/aconteceunovale.com.br\/portal\/?p=38298","title":{"rendered":"ESURB abre mais de 900 vagas de emprego tempor\u00e1rio em Montes Claros"},"content":{"rendered":"<p>A Empresa Municipal de Servi\u00e7os, Obras e Urbaniza\u00e7\u00e3o de Montes Claros (ESURB) est\u00e1 realizando um processo simplificado para contrata\u00e7\u00e3o de profissionais que exercer\u00e3o suas atividades por per\u00edodo de tempo determinado (12 meses, podendo ser prorrogado por igual per\u00edodo). Ser\u00e3o contratados 133 pedreiros, 71 carpinteiros, 366 serventes, 16 eletricistas, 15 bombeiros, 26 apontadores, 19 armadores, 77 pintores, 132 vigias, 37 encarregados e 20 motoristas.<\/p>\n<p>As inscri\u00e7\u00f5es poder\u00e3o ser realizadas de 25 de agosto a 5 de setembro, entre 8 e 11 horas e das 13h30 \u00e0s 17h30, na sede da autarquia (avenida Norival Guilherme Vieira, n\u00ba 165, no bairro Ibituruna). Para participar do processo os interessados devem comparecer \u00e0 sede da empresa munidos de c\u00f3pia da carteira de identidade, CPF, comprovante de resid\u00eancia e carteira de trabalho (demostrando a experi\u00eancia no cargo pretendido).<\/p>\n<p>O resultado final ser\u00e1 publicado na sede da ESURB, em 11 de setembro, e a contrata\u00e7\u00e3o ser\u00e1 a partir de 17 de setembro. O edital n\u00ba 006\/2014 est\u00e1 dispon\u00edvel para consulta na sede da ESURB. Mais informa\u00e7\u00f5es podem ser obtidas pelo (38) 3212-1015.<\/p>\n","protected":false},"excerpt":{"rendered":"<p>A Empresa Municipal de Servi\u00e7os, Obras e Urbaniza\u00e7\u00e3o de Montes Claros (ESURB) est\u00e1 realizando um processo simplificado para contrata\u00e7\u00e3o de profissionais que exercer\u00e3o suas atividades por per\u00edodo de tempo determinado (12 meses, podendo ser prorrogado por igual per\u00edodo). Ser\u00e3o contratados 133 pedreiros, 71 carpinteiros, 366 serventes, 16 eletricistas, 15 bombeiros, 26 apontadores, 19 armadores, 77 [&hellip;]<\/p>\n","protected":false},"author":1,"featured_media":38299,"comment_status":"open","ping_status":"closed","sticky":false,"template":"","format":"standard","meta":{"amp_status":"","footnotes":""},"categories":[1236],"tags":[1018,14578,14577,210,14579],"class_list":["post-38298","post","type-post","status-publish","format-standard","has-post-thumbnail","hentry","category-norte_de_minas","tag-destaque","tag-empregos-em-montes-claros","tag-esurb-abre-mais-de-900-vagas-de-emprego-temporario-em-montes-claros","tag-montes-claros","tag-oportunidade-de-trabalho-em-montes-claros"],"yoast_head":"<!-- This site is optimized with the Yoast SEO plugin v28.3 - https:\/\/yoast.com\/product\/yoast-seo-wordpress\/ -->\n<title>ESURB abre mais de 900 vagas de emprego tempor\u00e1rio em Montes Claros - Aconteceu no Vale<\/title>\n<meta name=\"robots\" content=\"index, follow, max-snippet:-1, max-image-preview:large, max-video-preview:-1\" \/>\n<link rel=\"canonical\" href=\"https:\/\/aconteceunovale.com.br\/portal\/?p=38298\" \/>\n<meta property=\"og:locale\" content=\"pt_BR\" \/>\n<meta property=\"og:type\" content=\"article\" \/>\n<meta property=\"og:title\" content=\"ESURB abre mais de 900 vagas de emprego tempor\u00e1rio em Montes Claros - Aconteceu no Vale\" \/>\n<meta property=\"og:description\" content=\"A Empresa Municipal de Servi\u00e7os, Obras e Urbaniza\u00e7\u00e3o de Montes Claros (ESURB) est\u00e1 realizando um processo simplificado para contrata\u00e7\u00e3o de profissionais que exercer\u00e3o suas atividades por per\u00edodo de tempo determinado (12 meses, podendo ser prorrogado por igual per\u00edodo). Ser\u00e3o contratados 133 pedreiros, 71 carpinteiros, 366 serventes, 16 eletricistas, 15 bombeiros, 26 apontadores, 19 armadores, 77 [&hellip;]\" \/>\n<meta property=\"og:url\" content=\"https:\/\/aconteceunovale.com.br\/portal\/?p=38298\" \/>\n<meta property=\"og:site_name\" content=\"Aconteceu no Vale\" \/>\n<meta property=\"article:publisher\" content=\"https:\/\/www.facebook.com\/aconteceunovale\/\" \/>\n<meta property=\"article:published_time\" content=\"2014-08-26T22:54:00+00:00\" \/>\n<meta property=\"og:image\" content=\"https:\/\/aconteceunovale.com.br\/portal\/wp-content\/uploads\/2014\/08\/empregos_esurb_moc.jpg\" \/>\n\t<meta property=\"og:image:width\" content=\"604\" \/>\n\t<meta property=\"og:image:height\" content=\"402\" \/>\n\t<meta property=\"og:image:type\" content=\"image\/jpeg\" \/>\n<meta name=\"author\" content=\"Aconteceu no Vale\" \/>\n<meta name=\"twitter:card\" content=\"summary_large_image\" \/>\n<meta name=\"twitter:creator\" content=\"@noticiadosvales\" \/>\n<meta name=\"twitter:site\" content=\"@noticiadosvales\" \/>\n<meta name=\"twitter:label1\" content=\"Escrito por\" \/>\n\t<meta name=\"twitter:data1\" content=\"Aconteceu no Vale\" \/>\n\t<meta name=\"twitter:label2\" content=\"Est. tempo de leitura\" \/>\n\t<meta name=\"twitter:data2\" content=\"1 minuto\" \/>\n<script type=\"application\/ld+json\" class=\"yoast-schema-graph\">{\"@context\":\"https:\\\/\\\/schema.org\",\"@graph\":[{\"@type\":\"Article\",\"@id\":\"https:\\\/\\\/aconteceunovale.com.br\\\/portal\\\/?p=38298#article\",\"isPartOf\":{\"@id\":\"https:\\\/\\\/aconteceunovale.com.br\\\/portal\\\/?p=38298\"},\"author\":{\"name\":\"Aconteceu no Vale\",\"@id\":\"https:\\\/\\\/aconteceunovale.com.br\\\/portal\\\/#\\\/schema\\\/person\\\/633529146f2c94272bef50ac2953d589\"},\"headline\":\"ESURB abre mais de 900 vagas de emprego tempor\u00e1rio em Montes Claros\",\"datePublished\":\"2014-08-26T22:54:00+00:00\",\"mainEntityOfPage\":{\"@id\":\"https:\\\/\\\/aconteceunovale.com.br\\\/portal\\\/?p=38298\"},\"wordCount\":180,\"commentCount\":0,\"image\":{\"@id\":\"https:\\\/\\\/aconteceunovale.com.br\\\/portal\\\/?p=38298#primaryimage\"},\"thumbnailUrl\":\"https:\\\/\\\/aconteceunovale.com.br\\\/portal\\\/wp-content\\\/uploads\\\/2014\\\/08\\\/empregos_esurb_moc.jpg\",\"keywords\":[\"destaque\",\"empregos em montes claros\",\"ESURB abre mais de 900 vagas de emprego tempor\u00e1rio em Montes Claros\",\"Montes Claros\",\"oportunidade de trabalho em montes claros\"],\"articleSection\":[\"Norte de Minas\"],\"inLanguage\":\"pt-BR\",\"potentialAction\":[{\"@type\":\"CommentAction\",\"name\":\"Comment\",\"target\":[\"https:\\\/\\\/aconteceunovale.com.br\\\/portal\\\/?p=38298#respond\"]}]},{\"@type\":\"WebPage\",\"@id\":\"https:\\\/\\\/aconteceunovale.com.br\\\/portal\\\/?p=38298\",\"url\":\"https:\\\/\\\/aconteceunovale.com.br\\\/portal\\\/?p=38298\",\"name\":\"ESURB abre mais de 900 vagas de emprego tempor\u00e1rio em Montes Claros - Aconteceu no Vale\",\"isPartOf\":{\"@id\":\"https:\\\/\\\/aconteceunovale.com.br\\\/portal\\\/#website\"},\"primaryImageOfPage\":{\"@id\":\"https:\\\/\\\/aconteceunovale.com.br\\\/portal\\\/?p=38298#primaryimage\"},\"image\":{\"@id\":\"https:\\\/\\\/aconteceunovale.com.br\\\/portal\\\/?p=38298#primaryimage\"},\"thumbnailUrl\":\"https:\\\/\\\/aconteceunovale.com.br\\\/portal\\\/wp-content\\\/uploads\\\/2014\\\/08\\\/empregos_esurb_moc.jpg\",\"datePublished\":\"2014-08-26T22:54:00+00:00\",\"author\":{\"@id\":\"https:\\\/\\\/aconteceunovale.com.br\\\/portal\\\/#\\\/schema\\\/person\\\/633529146f2c94272bef50ac2953d589\"},\"breadcrumb\":{\"@id\":\"https:\\\/\\\/aconteceunovale.com.br\\\/portal\\\/?p=38298#breadcrumb\"},\"inLanguage\":\"pt-BR\",\"potentialAction\":[{\"@type\":\"ReadAction\",\"target\":[\"https:\\\/\\\/aconteceunovale.com.br\\\/portal\\\/?p=38298\"]}]},{\"@type\":\"ImageObject\",\"inLanguage\":\"pt-BR\",\"@id\":\"https:\\\/\\\/aconteceunovale.com.br\\\/portal\\\/?p=38298#primaryimage\",\"url\":\"https:\\\/\\\/aconteceunovale.com.br\\\/portal\\\/wp-content\\\/uploads\\\/2014\\\/08\\\/empregos_esurb_moc.jpg\",\"contentUrl\":\"https:\\\/\\\/aconteceunovale.com.br\\\/portal\\\/wp-content\\\/uploads\\\/2014\\\/08\\\/empregos_esurb_moc.jpg\",\"width\":604,\"height\":402},{\"@type\":\"BreadcrumbList\",\"@id\":\"https:\\\/\\\/aconteceunovale.com.br\\\/portal\\\/?p=38298#breadcrumb\",\"itemListElement\":[{\"@type\":\"ListItem\",\"position\":1,\"name\":\"In\u00edcio\",\"item\":\"https:\\\/\\\/aconteceunovale.com.br\\\/portal\\\/\"},{\"@type\":\"ListItem\",\"position\":2,\"name\":\"ESURB abre mais de 900 vagas de emprego tempor\u00e1rio em Montes Claros\"}]},{\"@type\":\"WebSite\",\"@id\":\"https:\\\/\\\/aconteceunovale.com.br\\\/portal\\\/#website\",\"url\":\"https:\\\/\\\/aconteceunovale.com.br\\\/portal\\\/\",\"name\":\"Aconteceu no Vale\",\"description\":\"Portal de Not\u00edcias\",\"potentialAction\":[{\"@type\":\"SearchAction\",\"target\":{\"@type\":\"EntryPoint\",\"urlTemplate\":\"https:\\\/\\\/aconteceunovale.com.br\\\/portal\\\/?s={search_term_string}\"},\"query-input\":{\"@type\":\"PropertyValueSpecification\",\"valueRequired\":true,\"valueName\":\"search_term_string\"}}],\"inLanguage\":\"pt-BR\"},{\"@type\":\"Person\",\"@id\":\"https:\\\/\\\/aconteceunovale.com.br\\\/portal\\\/#\\\/schema\\\/person\\\/633529146f2c94272bef50ac2953d589\",\"name\":\"Aconteceu no Vale\",\"description\":\"Equipe de reportagem do Aconteceu no Vale, portal de not\u00edcias do Vale do Jequitinhonha, em Minas Gerais. Cobrimos as 51 cidades do Vale desde 2013. Sugest\u00f5es de pauta e pedidos de corre\u00e7\u00e3o: contato@aconteceunovale.com.br\",\"sameAs\":[\"http:\\\/\\\/www.aconteceunovale.com.br\"],\"url\":\"https:\\\/\\\/aconteceunovale.com.br\\\/portal\\\/?author=1\"}]}<\/script>\n<!-- \/ Yoast SEO plugin. -->","yoast_head_json":{"title":"ESURB abre mais de 900 vagas de emprego tempor\u00e1rio em Montes Claros - Aconteceu no Vale","robots":{"index":"index","follow":"follow","max-snippet":"max-snippet:-1","max-image-preview":"max-image-preview:large","max-video-preview":"max-video-preview:-1"},"canonical":"https:\/\/aconteceunovale.com.br\/portal\/?p=38298","og_locale":"pt_BR","og_type":"article","og_title":"ESURB abre mais de 900 vagas de emprego tempor\u00e1rio em Montes Claros - Aconteceu no Vale","og_description":"A Empresa Municipal de Servi\u00e7os, Obras e Urbaniza\u00e7\u00e3o de Montes Claros (ESURB) est\u00e1 realizando um processo simplificado para contrata\u00e7\u00e3o de profissionais que exercer\u00e3o suas atividades por per\u00edodo de tempo determinado (12 meses, podendo ser prorrogado por igual per\u00edodo). Ser\u00e3o contratados 133 pedreiros, 71 carpinteiros, 366 serventes, 16 eletricistas, 15 bombeiros, 26 apontadores, 19 armadores, 77 [&hellip;]","og_url":"https:\/\/aconteceunovale.com.br\/portal\/?p=38298","og_site_name":"Aconteceu no Vale","article_publisher":"https:\/\/www.facebook.com\/aconteceunovale\/","article_published_time":"2014-08-26T22:54:00+00:00","og_image":[{"width":604,"height":402,"url":"https:\/\/aconteceunovale.com.br\/portal\/wp-content\/uploads\/2014\/08\/empregos_esurb_moc.jpg","type":"image\/jpeg"}],"author":"Aconteceu no Vale","twitter_card":"summary_large_image","twitter_creator":"@noticiadosvales","twitter_site":"@noticiadosvales","twitter_misc":{"Escrito por":"Aconteceu no Vale","Est. tempo de leitura":"1 minuto"},"schema":{"@context":"https:\/\/schema.org","@graph":[{"@type":"Article","@id":"https:\/\/aconteceunovale.com.br\/portal\/?p=38298#article","isPartOf":{"@id":"https:\/\/aconteceunovale.com.br\/portal\/?p=38298"},"author":{"name":"Aconteceu no Vale","@id":"https:\/\/aconteceunovale.com.br\/portal\/#\/schema\/person\/633529146f2c94272bef50ac2953d589"},"headline":"ESURB abre mais de 900 vagas de emprego tempor\u00e1rio em Montes Claros","datePublished":"2014-08-26T22:54:00+00:00","mainEntityOfPage":{"@id":"https:\/\/aconteceunovale.com.br\/portal\/?p=38298"},"wordCount":180,"commentCount":0,"image":{"@id":"https:\/\/aconteceunovale.com.br\/portal\/?p=38298#primaryimage"},"thumbnailUrl":"https:\/\/aconteceunovale.com.br\/portal\/wp-content\/uploads\/2014\/08\/empregos_esurb_moc.jpg","keywords":["destaque","empregos em montes claros","ESURB abre mais de 900 vagas de emprego tempor\u00e1rio em Montes Claros","Montes Claros","oportunidade de trabalho em montes claros"],"articleSection":["Norte de Minas"],"inLanguage":"pt-BR","potentialAction":[{"@type":"CommentAction","name":"Comment","target":["https:\/\/aconteceunovale.com.br\/portal\/?p=38298#respond"]}]},{"@type":"WebPage","@id":"https:\/\/aconteceunovale.com.br\/portal\/?p=38298","url":"https:\/\/aconteceunovale.com.br\/portal\/?p=38298","name":"ESURB abre mais de 900 vagas de emprego tempor\u00e1rio em Montes Claros - Aconteceu no Vale","isPartOf":{"@id":"https:\/\/aconteceunovale.com.br\/portal\/#website"},"primaryImageOfPage":{"@id":"https:\/\/aconteceunovale.com.br\/portal\/?p=38298#primaryimage"},"image":{"@id":"https:\/\/aconteceunovale.com.br\/portal\/?p=38298#primaryimage"},"thumbnailUrl":"https:\/\/aconteceunovale.com.br\/portal\/wp-content\/uploads\/2014\/08\/empregos_esurb_moc.jpg","datePublished":"2014-08-26T22:54:00+00:00","author":{"@id":"https:\/\/aconteceunovale.com.br\/portal\/#\/schema\/person\/633529146f2c94272bef50ac2953d589"},"breadcrumb":{"@id":"https:\/\/aconteceunovale.com.br\/portal\/?p=38298#breadcrumb"},"inLanguage":"pt-BR","potentialAction":[{"@type":"ReadAction","target":["https:\/\/aconteceunovale.com.br\/portal\/?p=38298"]}]},{"@type":"ImageObject","inLanguage":"pt-BR","@id":"https:\/\/aconteceunovale.com.br\/portal\/?p=38298#primaryimage","url":"https:\/\/aconteceunovale.com.br\/portal\/wp-content\/uploads\/2014\/08\/empregos_esurb_moc.jpg","contentUrl":"https:\/\/aconteceunovale.com.br\/portal\/wp-content\/uploads\/2014\/08\/empregos_esurb_moc.jpg","width":604,"height":402},{"@type":"BreadcrumbList","@id":"https:\/\/aconteceunovale.com.br\/portal\/?p=38298#breadcrumb","itemListElement":[{"@type":"ListItem","position":1,"name":"In\u00edcio","item":"https:\/\/aconteceunovale.com.br\/portal\/"},{"@type":"ListItem","position":2,"name":"ESURB abre mais de 900 vagas de emprego tempor\u00e1rio em Montes Claros"}]},{"@type":"WebSite","@id":"https:\/\/aconteceunovale.com.br\/portal\/#website","url":"https:\/\/aconteceunovale.com.br\/portal\/","name":"Aconteceu no Vale","description":"Portal de Not\u00edcias","potentialAction":[{"@type":"SearchAction","target":{"@type":"EntryPoint","urlTemplate":"https:\/\/aconteceunovale.com.br\/portal\/?s={search_term_string}"},"query-input":{"@type":"PropertyValueSpecification","valueRequired":true,"valueName":"search_term_string"}}],"inLanguage":"pt-BR"},{"@type":"Person","@id":"https:\/\/aconteceunovale.com.br\/portal\/#\/schema\/person\/633529146f2c94272bef50ac2953d589","name":"Aconteceu no Vale","description":"Equipe de reportagem do Aconteceu no Vale, portal de not\u00edcias do Vale do Jequitinhonha, em Minas Gerais. Cobrimos as 51 cidades do Vale desde 2013. Sugest\u00f5es de pauta e pedidos de corre\u00e7\u00e3o: contato@aconteceunovale.com.br","sameAs":["http:\/\/www.aconteceunovale.com.br"],"url":"https:\/\/aconteceunovale.com.br\/portal\/?author=1"}]}},"_links":{"self":[{"href":"https:\/\/aconteceunovale.com.br\/portal\/index.php?rest_route=\/wp\/v2\/posts\/38298","targetHints":{"allow":["GET"]}}],"collection":[{"href":"https:\/\/aconteceunovale.com.br\/portal\/index.php?rest_route=\/wp\/v2\/posts"}],"about":[{"href":"https:\/\/aconteceunovale.com.br\/portal\/index.php?rest_route=\/wp\/v2\/types\/post"}],"author":[{"embeddable":true,"href":"https:\/\/aconteceunovale.com.br\/portal\/index.php?rest_route=\/wp\/v2\/users\/1"}],"replies":[{"embeddable":true,"href":"https:\/\/aconteceunovale.com.br\/portal\/index.php?rest_route=%2Fwp%2Fv2%2Fcomments&post=38298"}],"version-history":[{"count":0,"href":"https:\/\/aconteceunovale.com.br\/portal\/index.php?rest_route=\/wp\/v2\/posts\/38298\/revisions"}],"wp:featuredmedia":[{"embeddable":true,"href":"https:\/\/aconteceunovale.com.br\/portal\/index.php?rest_route=\/wp\/v2\/media\/38299"}],"wp:attachment":[{"href":"https:\/\/aconteceunovale.com.br\/portal\/index.php?rest_route=%2Fwp%2Fv2%2Fmedia&parent=38298"}],"wp:term":[{"taxonomy":"category","embeddable":true,"href":"https:\/\/aconteceunovale.com.br\/portal\/index.php?rest_route=%2Fwp%2Fv2%2Fcategories&post=38298"},{"taxonomy":"post_tag","embeddable":true,"href":"https:\/\/aconteceunovale.com.br\/portal\/index.php?rest_route=%2Fwp%2Fv2%2Ftags&post=38298"}],"curies":[{"name":"wp","href":"https:\/\/api.w.org\/{rel}","templated":true}]}}