{"id":38293,"date":"2014-08-26T19:48:57","date_gmt":"2014-08-26T22:48:57","guid":{"rendered":"http:\/\/aconteceunovale.com.br\/portal\/?p=38293"},"modified":"2014-08-26T19:50:16","modified_gmt":"2014-08-26T22:50:16","slug":"casa-do-artesao-de-montes-claros-esta-com-inscricoes-abertas-para-varios-cursos","status":"publish","type":"post","link":"https:\/\/aconteceunovale.com.br\/portal\/?p=38293","title":{"rendered":"Casa do Artes\u00e3o de Montes Claros est\u00e1 com inscri\u00e7\u00f5es abertas para v\u00e1rios cursos"},"content":{"rendered":"<p>A confec\u00e7\u00e3o de trabalhos artesanais, al\u00e9m de representar uma fonte de renda, pode consistir em uma forma de terapia. Desta maneira, a Casa do Artes\u00e3o da Secretaria de Cultura de Montes Claros proporciona uma oportunidade \u00fanica, oferecendo vagas aos interessados em usufruir dos benef\u00edcios do artesanato atrav\u00e9s dos cursos de patchwork (bordado com retalhos), confec\u00e7\u00e3o de viola e rabeca, reciclagem com PET e tape\u00e7aria.<\/p>\n<p>[image src=&#8221;http:\/\/aconteceunovale.com.br\/portal\/wp-content\/uploads\/2014\/08\/casa_artesao_moc.jpg&#8221; width=&#8221;324&#8243; height=&#8221;250&#8243; lightbox=&#8221;yes&#8221; align=&#8221;left&#8221; float=&#8221;left&#8221;]<\/p>\n<p>A dura\u00e7\u00e3o m\u00e9dia de cada curso \u00e9 de cerca de seis meses, sendo que s\u00e3o ministradas uma ou duas aulas, dependendo do curso, de tr\u00eas horas por semana. O aluno deve contribuir com um valor de R$ 20 mensais e pode participar de mais de uma oficina, desde que os hor\u00e1rios n\u00e3o sejam simult\u00e2neos. As turmas s\u00e3o reduzidas e variam entre 5 e 10 alunos, de acordo com o curso escolhido, e o per\u00edodo de inscri\u00e7\u00f5es se encerrar\u00e1 assim que as vagas forem preenchidas.<\/p>\n<p>As inscri\u00e7\u00f5es podem ser realizadas, entre 8 e 18 horas, na sede da Casa do Artes\u00e3o, que est\u00e1 localizada \u00e0 rua Andradita, n\u00ba 681, no bairro de Lourdes. A Casa do Artes\u00e3o possui ainda outros cursos, como modelagem em cer\u00e2mica, por exemplo, mas que j\u00e1 est\u00e3o com suas vagas preenchidas. Mais informa\u00e7\u00f5es podem ser obtidas pelo telefone 3229-3459.<\/p>\n<p><em>(Foto: F\u00e1bio Mar\u00e7al \/ Prefeitura de Montes Claros)<\/em><\/p>\n","protected":false},"excerpt":{"rendered":"<p>A confec\u00e7\u00e3o de trabalhos artesanais, al\u00e9m de representar uma fonte de renda, pode consistir em uma forma de terapia. Desta maneira, a Casa do Artes\u00e3o da Secretaria de Cultura de Montes Claros proporciona uma oportunidade \u00fanica, oferecendo vagas aos interessados em usufruir dos benef\u00edcios do artesanato atrav\u00e9s dos cursos de patchwork (bordado com retalhos), confec\u00e7\u00e3o [&hellip;]<\/p>\n","protected":false},"author":1,"featured_media":38294,"comment_status":"open","ping_status":"closed","sticky":false,"template":"","format":"standard","meta":{"amp_status":"","footnotes":""},"categories":[1236],"tags":[14576,14575,210],"class_list":["post-38293","post","type-post","status-publish","format-standard","has-post-thumbnail","hentry","category-norte_de_minas","tag-casa-do-artesao-de-montes-claros","tag-casa-do-artesao-de-montes-claros-esta-com-inscricoes-abertas-para-varios-cursos","tag-montes-claros"],"yoast_head":"<!-- This site is optimized with the Yoast SEO plugin v28.3 - https:\/\/yoast.com\/product\/yoast-seo-wordpress\/ -->\n<title>Casa do Artes\u00e3o de Montes Claros est\u00e1 com inscri\u00e7\u00f5es abertas para v\u00e1rios cursos - Aconteceu no Vale<\/title>\n<meta name=\"robots\" content=\"index, follow, max-snippet:-1, max-image-preview:large, max-video-preview:-1\" \/>\n<link rel=\"canonical\" href=\"https:\/\/aconteceunovale.com.br\/portal\/?p=38293\" \/>\n<meta property=\"og:locale\" content=\"pt_BR\" \/>\n<meta property=\"og:type\" content=\"article\" \/>\n<meta property=\"og:title\" content=\"Casa do Artes\u00e3o de Montes Claros est\u00e1 com inscri\u00e7\u00f5es abertas para v\u00e1rios cursos - Aconteceu no Vale\" \/>\n<meta property=\"og:description\" content=\"A confec\u00e7\u00e3o de trabalhos artesanais, al\u00e9m de representar uma fonte de renda, pode consistir em uma forma de terapia. Desta maneira, a Casa do Artes\u00e3o da Secretaria de Cultura de Montes Claros proporciona uma oportunidade \u00fanica, oferecendo vagas aos interessados em usufruir dos benef\u00edcios do artesanato atrav\u00e9s dos cursos de patchwork (bordado com retalhos), confec\u00e7\u00e3o [&hellip;]\" \/>\n<meta property=\"og:url\" content=\"https:\/\/aconteceunovale.com.br\/portal\/?p=38293\" \/>\n<meta property=\"og:site_name\" content=\"Aconteceu no Vale\" \/>\n<meta property=\"article:publisher\" content=\"https:\/\/www.facebook.com\/aconteceunovale\/\" \/>\n<meta property=\"article:published_time\" content=\"2014-08-26T22:48:57+00:00\" \/>\n<meta property=\"article:modified_time\" content=\"2014-08-26T22:50:16+00:00\" \/>\n<meta property=\"og:image\" content=\"https:\/\/aconteceunovale.com.br\/portal\/wp-content\/uploads\/2014\/08\/casa_artesao_moc.jpg\" \/>\n\t<meta property=\"og:image:width\" content=\"583\" \/>\n\t<meta property=\"og:image:height\" content=\"450\" \/>\n\t<meta property=\"og:image:type\" content=\"image\/jpeg\" \/>\n<meta name=\"author\" content=\"Aconteceu no Vale\" \/>\n<meta name=\"twitter:card\" content=\"summary_large_image\" \/>\n<meta name=\"twitter:creator\" content=\"@noticiadosvales\" \/>\n<meta name=\"twitter:site\" content=\"@noticiadosvales\" \/>\n<meta name=\"twitter:label1\" content=\"Escrito por\" \/>\n\t<meta name=\"twitter:data1\" content=\"Aconteceu no Vale\" \/>\n\t<meta name=\"twitter:label2\" content=\"Est. tempo de leitura\" \/>\n\t<meta name=\"twitter:data2\" content=\"1 minuto\" \/>\n<script type=\"application\/ld+json\" class=\"yoast-schema-graph\">{\"@context\":\"https:\\\/\\\/schema.org\",\"@graph\":[{\"@type\":\"Article\",\"@id\":\"https:\\\/\\\/aconteceunovale.com.br\\\/portal\\\/?p=38293#article\",\"isPartOf\":{\"@id\":\"https:\\\/\\\/aconteceunovale.com.br\\\/portal\\\/?p=38293\"},\"author\":{\"name\":\"Aconteceu no Vale\",\"@id\":\"https:\\\/\\\/aconteceunovale.com.br\\\/portal\\\/#\\\/schema\\\/person\\\/633529146f2c94272bef50ac2953d589\"},\"headline\":\"Casa do Artes\u00e3o de Montes Claros est\u00e1 com inscri\u00e7\u00f5es abertas para v\u00e1rios cursos\",\"datePublished\":\"2014-08-26T22:48:57+00:00\",\"dateModified\":\"2014-08-26T22:50:16+00:00\",\"mainEntityOfPage\":{\"@id\":\"https:\\\/\\\/aconteceunovale.com.br\\\/portal\\\/?p=38293\"},\"wordCount\":267,\"commentCount\":0,\"image\":{\"@id\":\"https:\\\/\\\/aconteceunovale.com.br\\\/portal\\\/?p=38293#primaryimage\"},\"thumbnailUrl\":\"https:\\\/\\\/aconteceunovale.com.br\\\/portal\\\/wp-content\\\/uploads\\\/2014\\\/08\\\/casa_artesao_moc.jpg\",\"keywords\":[\"Casa do Artes\u00e3o de Montes Claros\",\"Casa do Artes\u00e3o de Montes Claros est\u00e1 com inscri\u00e7\u00f5es abertas para v\u00e1rios cursos\",\"Montes Claros\"],\"articleSection\":[\"Norte de Minas\"],\"inLanguage\":\"pt-BR\",\"potentialAction\":[{\"@type\":\"CommentAction\",\"name\":\"Comment\",\"target\":[\"https:\\\/\\\/aconteceunovale.com.br\\\/portal\\\/?p=38293#respond\"]}]},{\"@type\":\"WebPage\",\"@id\":\"https:\\\/\\\/aconteceunovale.com.br\\\/portal\\\/?p=38293\",\"url\":\"https:\\\/\\\/aconteceunovale.com.br\\\/portal\\\/?p=38293\",\"name\":\"Casa do Artes\u00e3o de Montes Claros est\u00e1 com inscri\u00e7\u00f5es abertas para v\u00e1rios cursos - Aconteceu no Vale\",\"isPartOf\":{\"@id\":\"https:\\\/\\\/aconteceunovale.com.br\\\/portal\\\/#website\"},\"primaryImageOfPage\":{\"@id\":\"https:\\\/\\\/aconteceunovale.com.br\\\/portal\\\/?p=38293#primaryimage\"},\"image\":{\"@id\":\"https:\\\/\\\/aconteceunovale.com.br\\\/portal\\\/?p=38293#primaryimage\"},\"thumbnailUrl\":\"https:\\\/\\\/aconteceunovale.com.br\\\/portal\\\/wp-content\\\/uploads\\\/2014\\\/08\\\/casa_artesao_moc.jpg\",\"datePublished\":\"2014-08-26T22:48:57+00:00\",\"dateModified\":\"2014-08-26T22:50:16+00:00\",\"author\":{\"@id\":\"https:\\\/\\\/aconteceunovale.com.br\\\/portal\\\/#\\\/schema\\\/person\\\/633529146f2c94272bef50ac2953d589\"},\"breadcrumb\":{\"@id\":\"https:\\\/\\\/aconteceunovale.com.br\\\/portal\\\/?p=38293#breadcrumb\"},\"inLanguage\":\"pt-BR\",\"potentialAction\":[{\"@type\":\"ReadAction\",\"target\":[\"https:\\\/\\\/aconteceunovale.com.br\\\/portal\\\/?p=38293\"]}]},{\"@type\":\"ImageObject\",\"inLanguage\":\"pt-BR\",\"@id\":\"https:\\\/\\\/aconteceunovale.com.br\\\/portal\\\/?p=38293#primaryimage\",\"url\":\"https:\\\/\\\/aconteceunovale.com.br\\\/portal\\\/wp-content\\\/uploads\\\/2014\\\/08\\\/casa_artesao_moc.jpg\",\"contentUrl\":\"https:\\\/\\\/aconteceunovale.com.br\\\/portal\\\/wp-content\\\/uploads\\\/2014\\\/08\\\/casa_artesao_moc.jpg\",\"width\":583,\"height\":450},{\"@type\":\"BreadcrumbList\",\"@id\":\"https:\\\/\\\/aconteceunovale.com.br\\\/portal\\\/?p=38293#breadcrumb\",\"itemListElement\":[{\"@type\":\"ListItem\",\"position\":1,\"name\":\"In\u00edcio\",\"item\":\"https:\\\/\\\/aconteceunovale.com.br\\\/portal\\\/\"},{\"@type\":\"ListItem\",\"position\":2,\"name\":\"Casa do Artes\u00e3o de Montes Claros est\u00e1 com inscri\u00e7\u00f5es abertas para v\u00e1rios cursos\"}]},{\"@type\":\"WebSite\",\"@id\":\"https:\\\/\\\/aconteceunovale.com.br\\\/portal\\\/#website\",\"url\":\"https:\\\/\\\/aconteceunovale.com.br\\\/portal\\\/\",\"name\":\"Aconteceu no Vale\",\"description\":\"Portal de Not\u00edcias\",\"potentialAction\":[{\"@type\":\"SearchAction\",\"target\":{\"@type\":\"EntryPoint\",\"urlTemplate\":\"https:\\\/\\\/aconteceunovale.com.br\\\/portal\\\/?s={search_term_string}\"},\"query-input\":{\"@type\":\"PropertyValueSpecification\",\"valueRequired\":true,\"valueName\":\"search_term_string\"}}],\"inLanguage\":\"pt-BR\"},{\"@type\":\"Person\",\"@id\":\"https:\\\/\\\/aconteceunovale.com.br\\\/portal\\\/#\\\/schema\\\/person\\\/633529146f2c94272bef50ac2953d589\",\"name\":\"Aconteceu no Vale\",\"description\":\"Equipe de reportagem do Aconteceu no Vale, portal de not\u00edcias do Vale do Jequitinhonha, em Minas Gerais. Cobrimos as 51 cidades do Vale desde 2013. Sugest\u00f5es de pauta e pedidos de corre\u00e7\u00e3o: contato@aconteceunovale.com.br\",\"sameAs\":[\"http:\\\/\\\/www.aconteceunovale.com.br\"],\"url\":\"https:\\\/\\\/aconteceunovale.com.br\\\/portal\\\/?author=1\"}]}<\/script>\n<!-- \/ Yoast SEO plugin. -->","yoast_head_json":{"title":"Casa do Artes\u00e3o de Montes Claros est\u00e1 com inscri\u00e7\u00f5es abertas para v\u00e1rios cursos - Aconteceu no Vale","robots":{"index":"index","follow":"follow","max-snippet":"max-snippet:-1","max-image-preview":"max-image-preview:large","max-video-preview":"max-video-preview:-1"},"canonical":"https:\/\/aconteceunovale.com.br\/portal\/?p=38293","og_locale":"pt_BR","og_type":"article","og_title":"Casa do Artes\u00e3o de Montes Claros est\u00e1 com inscri\u00e7\u00f5es abertas para v\u00e1rios cursos - Aconteceu no Vale","og_description":"A confec\u00e7\u00e3o de trabalhos artesanais, al\u00e9m de representar uma fonte de renda, pode consistir em uma forma de terapia. Desta maneira, a Casa do Artes\u00e3o da Secretaria de Cultura de Montes Claros proporciona uma oportunidade \u00fanica, oferecendo vagas aos interessados em usufruir dos benef\u00edcios do artesanato atrav\u00e9s dos cursos de patchwork (bordado com retalhos), confec\u00e7\u00e3o [&hellip;]","og_url":"https:\/\/aconteceunovale.com.br\/portal\/?p=38293","og_site_name":"Aconteceu no Vale","article_publisher":"https:\/\/www.facebook.com\/aconteceunovale\/","article_published_time":"2014-08-26T22:48:57+00:00","article_modified_time":"2014-08-26T22:50:16+00:00","og_image":[{"width":583,"height":450,"url":"https:\/\/aconteceunovale.com.br\/portal\/wp-content\/uploads\/2014\/08\/casa_artesao_moc.jpg","type":"image\/jpeg"}],"author":"Aconteceu no Vale","twitter_card":"summary_large_image","twitter_creator":"@noticiadosvales","twitter_site":"@noticiadosvales","twitter_misc":{"Escrito por":"Aconteceu no Vale","Est. tempo de leitura":"1 minuto"},"schema":{"@context":"https:\/\/schema.org","@graph":[{"@type":"Article","@id":"https:\/\/aconteceunovale.com.br\/portal\/?p=38293#article","isPartOf":{"@id":"https:\/\/aconteceunovale.com.br\/portal\/?p=38293"},"author":{"name":"Aconteceu no Vale","@id":"https:\/\/aconteceunovale.com.br\/portal\/#\/schema\/person\/633529146f2c94272bef50ac2953d589"},"headline":"Casa do Artes\u00e3o de Montes Claros est\u00e1 com inscri\u00e7\u00f5es abertas para v\u00e1rios cursos","datePublished":"2014-08-26T22:48:57+00:00","dateModified":"2014-08-26T22:50:16+00:00","mainEntityOfPage":{"@id":"https:\/\/aconteceunovale.com.br\/portal\/?p=38293"},"wordCount":267,"commentCount":0,"image":{"@id":"https:\/\/aconteceunovale.com.br\/portal\/?p=38293#primaryimage"},"thumbnailUrl":"https:\/\/aconteceunovale.com.br\/portal\/wp-content\/uploads\/2014\/08\/casa_artesao_moc.jpg","keywords":["Casa do Artes\u00e3o de Montes Claros","Casa do Artes\u00e3o de Montes Claros est\u00e1 com inscri\u00e7\u00f5es abertas para v\u00e1rios cursos","Montes Claros"],"articleSection":["Norte de Minas"],"inLanguage":"pt-BR","potentialAction":[{"@type":"CommentAction","name":"Comment","target":["https:\/\/aconteceunovale.com.br\/portal\/?p=38293#respond"]}]},{"@type":"WebPage","@id":"https:\/\/aconteceunovale.com.br\/portal\/?p=38293","url":"https:\/\/aconteceunovale.com.br\/portal\/?p=38293","name":"Casa do Artes\u00e3o de Montes Claros est\u00e1 com inscri\u00e7\u00f5es abertas para v\u00e1rios cursos - Aconteceu no Vale","isPartOf":{"@id":"https:\/\/aconteceunovale.com.br\/portal\/#website"},"primaryImageOfPage":{"@id":"https:\/\/aconteceunovale.com.br\/portal\/?p=38293#primaryimage"},"image":{"@id":"https:\/\/aconteceunovale.com.br\/portal\/?p=38293#primaryimage"},"thumbnailUrl":"https:\/\/aconteceunovale.com.br\/portal\/wp-content\/uploads\/2014\/08\/casa_artesao_moc.jpg","datePublished":"2014-08-26T22:48:57+00:00","dateModified":"2014-08-26T22:50:16+00:00","author":{"@id":"https:\/\/aconteceunovale.com.br\/portal\/#\/schema\/person\/633529146f2c94272bef50ac2953d589"},"breadcrumb":{"@id":"https:\/\/aconteceunovale.com.br\/portal\/?p=38293#breadcrumb"},"inLanguage":"pt-BR","potentialAction":[{"@type":"ReadAction","target":["https:\/\/aconteceunovale.com.br\/portal\/?p=38293"]}]},{"@type":"ImageObject","inLanguage":"pt-BR","@id":"https:\/\/aconteceunovale.com.br\/portal\/?p=38293#primaryimage","url":"https:\/\/aconteceunovale.com.br\/portal\/wp-content\/uploads\/2014\/08\/casa_artesao_moc.jpg","contentUrl":"https:\/\/aconteceunovale.com.br\/portal\/wp-content\/uploads\/2014\/08\/casa_artesao_moc.jpg","width":583,"height":450},{"@type":"BreadcrumbList","@id":"https:\/\/aconteceunovale.com.br\/portal\/?p=38293#breadcrumb","itemListElement":[{"@type":"ListItem","position":1,"name":"In\u00edcio","item":"https:\/\/aconteceunovale.com.br\/portal\/"},{"@type":"ListItem","position":2,"name":"Casa do Artes\u00e3o de Montes Claros est\u00e1 com inscri\u00e7\u00f5es abertas para v\u00e1rios cursos"}]},{"@type":"WebSite","@id":"https:\/\/aconteceunovale.com.br\/portal\/#website","url":"https:\/\/aconteceunovale.com.br\/portal\/","name":"Aconteceu no Vale","description":"Portal de Not\u00edcias","potentialAction":[{"@type":"SearchAction","target":{"@type":"EntryPoint","urlTemplate":"https:\/\/aconteceunovale.com.br\/portal\/?s={search_term_string}"},"query-input":{"@type":"PropertyValueSpecification","valueRequired":true,"valueName":"search_term_string"}}],"inLanguage":"pt-BR"},{"@type":"Person","@id":"https:\/\/aconteceunovale.com.br\/portal\/#\/schema\/person\/633529146f2c94272bef50ac2953d589","name":"Aconteceu no Vale","description":"Equipe de reportagem do Aconteceu no Vale, portal de not\u00edcias do Vale do Jequitinhonha, em Minas Gerais. Cobrimos as 51 cidades do Vale desde 2013. Sugest\u00f5es de pauta e pedidos de corre\u00e7\u00e3o: contato@aconteceunovale.com.br","sameAs":["http:\/\/www.aconteceunovale.com.br"],"url":"https:\/\/aconteceunovale.com.br\/portal\/?author=1"}]}},"_links":{"self":[{"href":"https:\/\/aconteceunovale.com.br\/portal\/index.php?rest_route=\/wp\/v2\/posts\/38293","targetHints":{"allow":["GET"]}}],"collection":[{"href":"https:\/\/aconteceunovale.com.br\/portal\/index.php?rest_route=\/wp\/v2\/posts"}],"about":[{"href":"https:\/\/aconteceunovale.com.br\/portal\/index.php?rest_route=\/wp\/v2\/types\/post"}],"author":[{"embeddable":true,"href":"https:\/\/aconteceunovale.com.br\/portal\/index.php?rest_route=\/wp\/v2\/users\/1"}],"replies":[{"embeddable":true,"href":"https:\/\/aconteceunovale.com.br\/portal\/index.php?rest_route=%2Fwp%2Fv2%2Fcomments&post=38293"}],"version-history":[{"count":0,"href":"https:\/\/aconteceunovale.com.br\/portal\/index.php?rest_route=\/wp\/v2\/posts\/38293\/revisions"}],"wp:featuredmedia":[{"embeddable":true,"href":"https:\/\/aconteceunovale.com.br\/portal\/index.php?rest_route=\/wp\/v2\/media\/38294"}],"wp:attachment":[{"href":"https:\/\/aconteceunovale.com.br\/portal\/index.php?rest_route=%2Fwp%2Fv2%2Fmedia&parent=38293"}],"wp:term":[{"taxonomy":"category","embeddable":true,"href":"https:\/\/aconteceunovale.com.br\/portal\/index.php?rest_route=%2Fwp%2Fv2%2Fcategories&post=38293"},{"taxonomy":"post_tag","embeddable":true,"href":"https:\/\/aconteceunovale.com.br\/portal\/index.php?rest_route=%2Fwp%2Fv2%2Ftags&post=38293"}],"curies":[{"name":"wp","href":"https:\/\/api.w.org\/{rel}","templated":true}]}}