{"id":38283,"date":"2014-08-26T19:21:55","date_gmt":"2014-08-26T22:21:55","guid":{"rendered":"http:\/\/aconteceunovale.com.br\/portal\/?p=38283"},"modified":"2014-08-26T19:22:53","modified_gmt":"2014-08-26T22:22:53","slug":"nova-pesquisa-ibope-aponta-pimentel-com-37-e-pimenta-com-23-na-disputa-ao-governo-de-minas","status":"publish","type":"post","link":"https:\/\/aconteceunovale.com.br\/portal\/?p=38283","title":{"rendered":"Nova pesquisa Ibope aponta Pimentel com 37% e Pimenta com 23% na disputa ao Governo de Minas"},"content":{"rendered":"<h4><strong><em>Instituto entrevistou 1.806 eleitores entre os dias 23 e 25 de agosto. A margem de erro \u00e9 de dois pontos percentuais para mais ou para menos.<\/em><\/strong><\/h4>\n<p>Pesquisa Ibope divulgada nesta ter\u00e7a-feira (26) aponta que, na corrida para a elei\u00e7\u00e3o ao governo de Minas Gerais neste ano, o candidato Fernando Pimentel (PT) tem 37% das inten\u00e7\u00f5es de voto e o candidato Pimenta da Veiga (PSDB), 23%. Tarc\u00edsio Delgado (PSB) aparece com 3% das inten\u00e7\u00f5es de voto. Os concorrentes Cleide Don\u00e1ria (PCO), Eduardo Ferreira (PSDC), Fid\u00e9lis (PSOL) e Professor T\u00falio Lopes (PCB), t\u00eam 1\u00ba cada.<\/p>\n<p>A pesquisa foi realizada entre os dias 23 e 25 de agosto e foi registrada no Tribunal Regional Eleitoral de Minas Gerais (TRE-MG) sob o n\u00famero 00069\/2014. Foram entrevistados 1.806 eleitores. A margem de erro \u00e9 de dois pontos percentuais, para mais ou para menos. O n\u00edvel de confian\u00e7a \u00e9 de 95%. O que quer dizer que, se levarmos em conta a margem de erro de dois pontos percentuais para mais ou para menos, a probabilidade do resultado retratar a realidade \u00e9 de 95%.<\/p>\n<h4>Segundo turno<\/h4>\n<p>O Ibope simulou o segundo turno entre os candidatos Fernando Pimentel e Pimenta da Veiga:<br \/>\n&#8211; Fernando Pimentel: 42%<br \/>\n&#8211; Pimenta da Veiga: 26%<br \/>\n&#8211; Brancos\/nulos\/nenhum: 11%<br \/>\n&#8211; N\u00e3o sabe: 21%<\/p>\n<h4>Na disputa ao senado, Anastasia tem 35% de diferen\u00e7a para o segundo colocado<\/h4>\n<p>Pesquisa Ibope divulgada nesta ter\u00e7a-feira (26) aponta que o ex-governador Antonio Anastasia (PSDB) tem 45% das inten\u00e7\u00f5es de voto para o Senado. Na sequ\u00eancia, o candidato Josu\u00e9 Alencar (PMDB) aparece com 10%. A candidata Margarida Vieira (PSB) tem 2% das inten\u00e7\u00f5es de voto. Os candidatos Edilson Nascimento  (PTdoB), Geraldo Batata (PSTU), Gra\u00e7a (PCO), Pablo Lima (PCB) e Tarc\u00edsio (PSDC) t\u00eam 1% cada.<\/p>\n<p>A pesquisa foi realizada entre os dias 23 e 25 de agosto e foi registrada no Tribunal Regional Eleitoral de Minas Gerais(TRE-MG) sob o n\u00famero 00069\/2014. A margem de erro \u00e9 de dois pontos percentuais, para mais ou para menos. O n\u00edvel de confian\u00e7a \u00e9 de 95%. O que quer dizer que, se levarmos em conta a margem de erro de dois pontos  percentuais para mais ou para menos, a probabilidade do resultado retratar a realidade \u00e9 de 95%.<\/p>\n<p><strong>(Fonte: Globo Minas\/G1)<\/strong><\/p>\n","protected":false},"excerpt":{"rendered":"<p>Instituto entrevistou 1.806 eleitores entre os dias 23 e 25 de agosto. A margem de erro \u00e9 de dois pontos percentuais para mais ou para menos. Pesquisa Ibope divulgada nesta ter\u00e7a-feira (26) aponta que, na corrida para a elei\u00e7\u00e3o ao governo de Minas Gerais neste ano, o candidato Fernando Pimentel (PT) tem 37% das inten\u00e7\u00f5es [&hellip;]<\/p>\n","protected":false},"author":1,"featured_media":32754,"comment_status":"open","ping_status":"closed","sticky":false,"template":"","format":"standard","meta":{"amp_status":"","footnotes":""},"categories":[123],"tags":[12823,12824,12825,12826,12827,12828,131,14567,13966,13967,6545,12829,13894,7882,13968,13969,758,14568,14569,12830],"class_list":["post-38283","post","type-post","status-publish","format-standard","has-post-thumbnail","hentry","category-gerais","tag-andre-alves","tag-cleide-donaria","tag-eduardo-ferreira","tag-fernando-pimentel","tag-fidelis-alcantara","tag-ibope","tag-minas-gerais","tag-nova-pesquisa-ibope-aponta-pimentel-com-37-e-pimenta-com-23-na-disputa-ao-governo-de-minas","tag-pcb","tag-pco","tag-pimenta-da-veiga","tag-professor-tulio-lopes","tag-psb","tag-psdb","tag-psdc","tag-psol","tag-pt","tag-resultado-da-pesquisa-ibope-para-o-governo-em-minas-gerais","tag-resultado-da-pesquisa-ibope-para-o-senado-em-minas-gerais","tag-tarcisio-delgado"],"yoast_head":"<!-- This site is optimized with the Yoast SEO plugin v28.3 - https:\/\/yoast.com\/product\/yoast-seo-wordpress\/ -->\n<title>Nova pesquisa Ibope aponta Pimentel com 37% e Pimenta com 23% na disputa ao Governo de Minas - Aconteceu no Vale<\/title>\n<meta name=\"robots\" content=\"index, follow, max-snippet:-1, max-image-preview:large, max-video-preview:-1\" \/>\n<link rel=\"canonical\" href=\"https:\/\/aconteceunovale.com.br\/portal\/?p=38283\" \/>\n<meta property=\"og:locale\" content=\"pt_BR\" \/>\n<meta property=\"og:type\" content=\"article\" \/>\n<meta property=\"og:title\" content=\"Nova pesquisa Ibope aponta Pimentel com 37% e Pimenta com 23% na disputa ao Governo de Minas - Aconteceu no Vale\" \/>\n<meta property=\"og:description\" content=\"Instituto entrevistou 1.806 eleitores entre os dias 23 e 25 de agosto. A margem de erro \u00e9 de dois pontos percentuais para mais ou para menos. Pesquisa Ibope divulgada nesta ter\u00e7a-feira (26) aponta que, na corrida para a elei\u00e7\u00e3o ao governo de Minas Gerais neste ano, o candidato Fernando Pimentel (PT) tem 37% das inten\u00e7\u00f5es [&hellip;]\" \/>\n<meta property=\"og:url\" content=\"https:\/\/aconteceunovale.com.br\/portal\/?p=38283\" \/>\n<meta property=\"og:site_name\" content=\"Aconteceu no Vale\" \/>\n<meta property=\"article:publisher\" content=\"https:\/\/www.facebook.com\/aconteceunovale\/\" \/>\n<meta property=\"article:published_time\" content=\"2014-08-26T22:21:55+00:00\" \/>\n<meta property=\"article:modified_time\" content=\"2014-08-26T22:22:53+00:00\" \/>\n<meta property=\"og:image\" content=\"https:\/\/aconteceunovale.com.br\/portal\/wp-content\/uploads\/2014\/06\/eleicoes_14.jpg\" \/>\n\t<meta property=\"og:image:width\" content=\"411\" \/>\n\t<meta property=\"og:image:height\" content=\"263\" \/>\n\t<meta property=\"og:image:type\" content=\"image\/jpeg\" \/>\n<meta name=\"author\" content=\"Aconteceu no Vale\" \/>\n<meta name=\"twitter:card\" content=\"summary_large_image\" \/>\n<meta name=\"twitter:creator\" content=\"@noticiadosvales\" \/>\n<meta name=\"twitter:site\" content=\"@noticiadosvales\" \/>\n<meta name=\"twitter:label1\" content=\"Escrito por\" \/>\n\t<meta name=\"twitter:data1\" content=\"Aconteceu no Vale\" \/>\n\t<meta name=\"twitter:label2\" content=\"Est. tempo de leitura\" \/>\n\t<meta name=\"twitter:data2\" content=\"2 minutos\" \/>\n<script type=\"application\/ld+json\" class=\"yoast-schema-graph\">{\"@context\":\"https:\\\/\\\/schema.org\",\"@graph\":[{\"@type\":\"Article\",\"@id\":\"https:\\\/\\\/aconteceunovale.com.br\\\/portal\\\/?p=38283#article\",\"isPartOf\":{\"@id\":\"https:\\\/\\\/aconteceunovale.com.br\\\/portal\\\/?p=38283\"},\"author\":{\"name\":\"Aconteceu no Vale\",\"@id\":\"https:\\\/\\\/aconteceunovale.com.br\\\/portal\\\/#\\\/schema\\\/person\\\/633529146f2c94272bef50ac2953d589\"},\"headline\":\"Nova pesquisa Ibope aponta Pimentel com 37% e Pimenta com 23% na disputa ao Governo de Minas\",\"datePublished\":\"2014-08-26T22:21:55+00:00\",\"dateModified\":\"2014-08-26T22:22:53+00:00\",\"mainEntityOfPage\":{\"@id\":\"https:\\\/\\\/aconteceunovale.com.br\\\/portal\\\/?p=38283\"},\"wordCount\":374,\"commentCount\":0,\"image\":{\"@id\":\"https:\\\/\\\/aconteceunovale.com.br\\\/portal\\\/?p=38283#primaryimage\"},\"thumbnailUrl\":\"https:\\\/\\\/aconteceunovale.com.br\\\/portal\\\/wp-content\\\/uploads\\\/2014\\\/06\\\/eleicoes_14.jpg\",\"keywords\":[\"Andr\u00e9 Alves\",\"Cleide Don\u00e1ria\",\"Eduardo Ferreira\",\"Fernando Pimentel\",\"Fid\u00e9lis Alc\u00e2ntara\",\"Ibope\",\"Minas Gerais\",\"Nova pesquisa Ibope aponta Pimentel com 37% e Pimenta com 23% na disputa ao Governo de Minas\",\"PCB\",\"PCO\",\"Pimenta da Veiga\",\"Professor T\u00falio Lopes\",\"PSB\",\"psdb\",\"PSDC\",\"PSOL\",\"PT\",\"resultado da pesquisa ibope para o governo em minas gerais\",\"resultado da pesquisa ibope para o senado em minas gerais\",\"Tarc\u00edsio Delgado\"],\"articleSection\":[\"Minas Gerais\"],\"inLanguage\":\"pt-BR\",\"potentialAction\":[{\"@type\":\"CommentAction\",\"name\":\"Comment\",\"target\":[\"https:\\\/\\\/aconteceunovale.com.br\\\/portal\\\/?p=38283#respond\"]}]},{\"@type\":\"WebPage\",\"@id\":\"https:\\\/\\\/aconteceunovale.com.br\\\/portal\\\/?p=38283\",\"url\":\"https:\\\/\\\/aconteceunovale.com.br\\\/portal\\\/?p=38283\",\"name\":\"Nova pesquisa Ibope aponta Pimentel com 37% e Pimenta com 23% na disputa ao Governo de Minas - Aconteceu no Vale\",\"isPartOf\":{\"@id\":\"https:\\\/\\\/aconteceunovale.com.br\\\/portal\\\/#website\"},\"primaryImageOfPage\":{\"@id\":\"https:\\\/\\\/aconteceunovale.com.br\\\/portal\\\/?p=38283#primaryimage\"},\"image\":{\"@id\":\"https:\\\/\\\/aconteceunovale.com.br\\\/portal\\\/?p=38283#primaryimage\"},\"thumbnailUrl\":\"https:\\\/\\\/aconteceunovale.com.br\\\/portal\\\/wp-content\\\/uploads\\\/2014\\\/06\\\/eleicoes_14.jpg\",\"datePublished\":\"2014-08-26T22:21:55+00:00\",\"dateModified\":\"2014-08-26T22:22:53+00:00\",\"author\":{\"@id\":\"https:\\\/\\\/aconteceunovale.com.br\\\/portal\\\/#\\\/schema\\\/person\\\/633529146f2c94272bef50ac2953d589\"},\"breadcrumb\":{\"@id\":\"https:\\\/\\\/aconteceunovale.com.br\\\/portal\\\/?p=38283#breadcrumb\"},\"inLanguage\":\"pt-BR\",\"potentialAction\":[{\"@type\":\"ReadAction\",\"target\":[\"https:\\\/\\\/aconteceunovale.com.br\\\/portal\\\/?p=38283\"]}]},{\"@type\":\"ImageObject\",\"inLanguage\":\"pt-BR\",\"@id\":\"https:\\\/\\\/aconteceunovale.com.br\\\/portal\\\/?p=38283#primaryimage\",\"url\":\"https:\\\/\\\/aconteceunovale.com.br\\\/portal\\\/wp-content\\\/uploads\\\/2014\\\/06\\\/eleicoes_14.jpg\",\"contentUrl\":\"https:\\\/\\\/aconteceunovale.com.br\\\/portal\\\/wp-content\\\/uploads\\\/2014\\\/06\\\/eleicoes_14.jpg\",\"width\":411,\"height\":263},{\"@type\":\"BreadcrumbList\",\"@id\":\"https:\\\/\\\/aconteceunovale.com.br\\\/portal\\\/?p=38283#breadcrumb\",\"itemListElement\":[{\"@type\":\"ListItem\",\"position\":1,\"name\":\"In\u00edcio\",\"item\":\"https:\\\/\\\/aconteceunovale.com.br\\\/portal\\\/\"},{\"@type\":\"ListItem\",\"position\":2,\"name\":\"Nova pesquisa Ibope aponta Pimentel com 37% e Pimenta com 23% na disputa ao Governo de Minas\"}]},{\"@type\":\"WebSite\",\"@id\":\"https:\\\/\\\/aconteceunovale.com.br\\\/portal\\\/#website\",\"url\":\"https:\\\/\\\/aconteceunovale.com.br\\\/portal\\\/\",\"name\":\"Aconteceu no Vale\",\"description\":\"Portal de Not\u00edcias\",\"potentialAction\":[{\"@type\":\"SearchAction\",\"target\":{\"@type\":\"EntryPoint\",\"urlTemplate\":\"https:\\\/\\\/aconteceunovale.com.br\\\/portal\\\/?s={search_term_string}\"},\"query-input\":{\"@type\":\"PropertyValueSpecification\",\"valueRequired\":true,\"valueName\":\"search_term_string\"}}],\"inLanguage\":\"pt-BR\"},{\"@type\":\"Person\",\"@id\":\"https:\\\/\\\/aconteceunovale.com.br\\\/portal\\\/#\\\/schema\\\/person\\\/633529146f2c94272bef50ac2953d589\",\"name\":\"Aconteceu no Vale\",\"description\":\"Equipe de reportagem do Aconteceu no Vale, portal de not\u00edcias do Vale do Jequitinhonha, em Minas Gerais. Cobrimos as 51 cidades do Vale desde 2013. Sugest\u00f5es de pauta e pedidos de corre\u00e7\u00e3o: contato@aconteceunovale.com.br\",\"sameAs\":[\"http:\\\/\\\/www.aconteceunovale.com.br\"],\"url\":\"https:\\\/\\\/aconteceunovale.com.br\\\/portal\\\/?author=1\"}]}<\/script>\n<!-- \/ Yoast SEO plugin. -->","yoast_head_json":{"title":"Nova pesquisa Ibope aponta Pimentel com 37% e Pimenta com 23% na disputa ao Governo de Minas - Aconteceu no Vale","robots":{"index":"index","follow":"follow","max-snippet":"max-snippet:-1","max-image-preview":"max-image-preview:large","max-video-preview":"max-video-preview:-1"},"canonical":"https:\/\/aconteceunovale.com.br\/portal\/?p=38283","og_locale":"pt_BR","og_type":"article","og_title":"Nova pesquisa Ibope aponta Pimentel com 37% e Pimenta com 23% na disputa ao Governo de Minas - Aconteceu no Vale","og_description":"Instituto entrevistou 1.806 eleitores entre os dias 23 e 25 de agosto. A margem de erro \u00e9 de dois pontos percentuais para mais ou para menos. Pesquisa Ibope divulgada nesta ter\u00e7a-feira (26) aponta que, na corrida para a elei\u00e7\u00e3o ao governo de Minas Gerais neste ano, o candidato Fernando Pimentel (PT) tem 37% das inten\u00e7\u00f5es [&hellip;]","og_url":"https:\/\/aconteceunovale.com.br\/portal\/?p=38283","og_site_name":"Aconteceu no Vale","article_publisher":"https:\/\/www.facebook.com\/aconteceunovale\/","article_published_time":"2014-08-26T22:21:55+00:00","article_modified_time":"2014-08-26T22:22:53+00:00","og_image":[{"width":411,"height":263,"url":"https:\/\/aconteceunovale.com.br\/portal\/wp-content\/uploads\/2014\/06\/eleicoes_14.jpg","type":"image\/jpeg"}],"author":"Aconteceu no Vale","twitter_card":"summary_large_image","twitter_creator":"@noticiadosvales","twitter_site":"@noticiadosvales","twitter_misc":{"Escrito por":"Aconteceu no Vale","Est. tempo de leitura":"2 minutos"},"schema":{"@context":"https:\/\/schema.org","@graph":[{"@type":"Article","@id":"https:\/\/aconteceunovale.com.br\/portal\/?p=38283#article","isPartOf":{"@id":"https:\/\/aconteceunovale.com.br\/portal\/?p=38283"},"author":{"name":"Aconteceu no Vale","@id":"https:\/\/aconteceunovale.com.br\/portal\/#\/schema\/person\/633529146f2c94272bef50ac2953d589"},"headline":"Nova pesquisa Ibope aponta Pimentel com 37% e Pimenta com 23% na disputa ao Governo de Minas","datePublished":"2014-08-26T22:21:55+00:00","dateModified":"2014-08-26T22:22:53+00:00","mainEntityOfPage":{"@id":"https:\/\/aconteceunovale.com.br\/portal\/?p=38283"},"wordCount":374,"commentCount":0,"image":{"@id":"https:\/\/aconteceunovale.com.br\/portal\/?p=38283#primaryimage"},"thumbnailUrl":"https:\/\/aconteceunovale.com.br\/portal\/wp-content\/uploads\/2014\/06\/eleicoes_14.jpg","keywords":["Andr\u00e9 Alves","Cleide Don\u00e1ria","Eduardo Ferreira","Fernando Pimentel","Fid\u00e9lis Alc\u00e2ntara","Ibope","Minas Gerais","Nova pesquisa Ibope aponta Pimentel com 37% e Pimenta com 23% na disputa ao Governo de Minas","PCB","PCO","Pimenta da Veiga","Professor T\u00falio Lopes","PSB","psdb","PSDC","PSOL","PT","resultado da pesquisa ibope para o governo em minas gerais","resultado da pesquisa ibope para o senado em minas gerais","Tarc\u00edsio Delgado"],"articleSection":["Minas Gerais"],"inLanguage":"pt-BR","potentialAction":[{"@type":"CommentAction","name":"Comment","target":["https:\/\/aconteceunovale.com.br\/portal\/?p=38283#respond"]}]},{"@type":"WebPage","@id":"https:\/\/aconteceunovale.com.br\/portal\/?p=38283","url":"https:\/\/aconteceunovale.com.br\/portal\/?p=38283","name":"Nova pesquisa Ibope aponta Pimentel com 37% e Pimenta com 23% na disputa ao Governo de Minas - Aconteceu no Vale","isPartOf":{"@id":"https:\/\/aconteceunovale.com.br\/portal\/#website"},"primaryImageOfPage":{"@id":"https:\/\/aconteceunovale.com.br\/portal\/?p=38283#primaryimage"},"image":{"@id":"https:\/\/aconteceunovale.com.br\/portal\/?p=38283#primaryimage"},"thumbnailUrl":"https:\/\/aconteceunovale.com.br\/portal\/wp-content\/uploads\/2014\/06\/eleicoes_14.jpg","datePublished":"2014-08-26T22:21:55+00:00","dateModified":"2014-08-26T22:22:53+00:00","author":{"@id":"https:\/\/aconteceunovale.com.br\/portal\/#\/schema\/person\/633529146f2c94272bef50ac2953d589"},"breadcrumb":{"@id":"https:\/\/aconteceunovale.com.br\/portal\/?p=38283#breadcrumb"},"inLanguage":"pt-BR","potentialAction":[{"@type":"ReadAction","target":["https:\/\/aconteceunovale.com.br\/portal\/?p=38283"]}]},{"@type":"ImageObject","inLanguage":"pt-BR","@id":"https:\/\/aconteceunovale.com.br\/portal\/?p=38283#primaryimage","url":"https:\/\/aconteceunovale.com.br\/portal\/wp-content\/uploads\/2014\/06\/eleicoes_14.jpg","contentUrl":"https:\/\/aconteceunovale.com.br\/portal\/wp-content\/uploads\/2014\/06\/eleicoes_14.jpg","width":411,"height":263},{"@type":"BreadcrumbList","@id":"https:\/\/aconteceunovale.com.br\/portal\/?p=38283#breadcrumb","itemListElement":[{"@type":"ListItem","position":1,"name":"In\u00edcio","item":"https:\/\/aconteceunovale.com.br\/portal\/"},{"@type":"ListItem","position":2,"name":"Nova pesquisa Ibope aponta Pimentel com 37% e Pimenta com 23% na disputa ao Governo de Minas"}]},{"@type":"WebSite","@id":"https:\/\/aconteceunovale.com.br\/portal\/#website","url":"https:\/\/aconteceunovale.com.br\/portal\/","name":"Aconteceu no Vale","description":"Portal de Not\u00edcias","potentialAction":[{"@type":"SearchAction","target":{"@type":"EntryPoint","urlTemplate":"https:\/\/aconteceunovale.com.br\/portal\/?s={search_term_string}"},"query-input":{"@type":"PropertyValueSpecification","valueRequired":true,"valueName":"search_term_string"}}],"inLanguage":"pt-BR"},{"@type":"Person","@id":"https:\/\/aconteceunovale.com.br\/portal\/#\/schema\/person\/633529146f2c94272bef50ac2953d589","name":"Aconteceu no Vale","description":"Equipe de reportagem do Aconteceu no Vale, portal de not\u00edcias do Vale do Jequitinhonha, em Minas Gerais. Cobrimos as 51 cidades do Vale desde 2013. Sugest\u00f5es de pauta e pedidos de corre\u00e7\u00e3o: contato@aconteceunovale.com.br","sameAs":["http:\/\/www.aconteceunovale.com.br"],"url":"https:\/\/aconteceunovale.com.br\/portal\/?author=1"}]}},"_links":{"self":[{"href":"https:\/\/aconteceunovale.com.br\/portal\/index.php?rest_route=\/wp\/v2\/posts\/38283","targetHints":{"allow":["GET"]}}],"collection":[{"href":"https:\/\/aconteceunovale.com.br\/portal\/index.php?rest_route=\/wp\/v2\/posts"}],"about":[{"href":"https:\/\/aconteceunovale.com.br\/portal\/index.php?rest_route=\/wp\/v2\/types\/post"}],"author":[{"embeddable":true,"href":"https:\/\/aconteceunovale.com.br\/portal\/index.php?rest_route=\/wp\/v2\/users\/1"}],"replies":[{"embeddable":true,"href":"https:\/\/aconteceunovale.com.br\/portal\/index.php?rest_route=%2Fwp%2Fv2%2Fcomments&post=38283"}],"version-history":[{"count":0,"href":"https:\/\/aconteceunovale.com.br\/portal\/index.php?rest_route=\/wp\/v2\/posts\/38283\/revisions"}],"wp:featuredmedia":[{"embeddable":true,"href":"https:\/\/aconteceunovale.com.br\/portal\/index.php?rest_route=\/wp\/v2\/media\/32754"}],"wp:attachment":[{"href":"https:\/\/aconteceunovale.com.br\/portal\/index.php?rest_route=%2Fwp%2Fv2%2Fmedia&parent=38283"}],"wp:term":[{"taxonomy":"category","embeddable":true,"href":"https:\/\/aconteceunovale.com.br\/portal\/index.php?rest_route=%2Fwp%2Fv2%2Fcategories&post=38283"},{"taxonomy":"post_tag","embeddable":true,"href":"https:\/\/aconteceunovale.com.br\/portal\/index.php?rest_route=%2Fwp%2Fv2%2Ftags&post=38283"}],"curies":[{"name":"wp","href":"https:\/\/api.w.org\/{rel}","templated":true}]}}