{"id":38260,"date":"2014-08-26T18:13:49","date_gmt":"2014-08-26T21:13:49","guid":{"rendered":"http:\/\/aconteceunovale.com.br\/portal\/?p=38260"},"modified":"2014-08-26T22:43:13","modified_gmt":"2014-08-27T01:43:13","slug":"ultrapassagem-indevida-provoca-acidente-entre-quatro-veiculos-e-deixa-dois-feridos-na-br-116","status":"publish","type":"post","link":"https:\/\/aconteceunovale.com.br\/portal\/?p=38260","title":{"rendered":"Ultrapassagem indevida provoca acidente entre quatro ve\u00edculos e deixa dois feridos na BR-116"},"content":{"rendered":"<h4><em><strong>Acidente aconteceu pr\u00f3ximo a Frei Inoc\u00eancio. Estado de sa\u00fade das duas v\u00edtimas \u00e9 grave.<\/strong><\/em><\/h4>\n<p>Um acidente envolvendo quatro ve\u00edculos deixou dois homens gravemente feridos por volta das 12h35 da tarde desta ter\u00e7a-feira, 26 de agosto, na altura do quil\u00f4metro 368 da BR-116, pr\u00f3ximo ao munic\u00edpio de Frei Inoc\u00eancio, no Leste de Minas Gerais. <\/p>\n<p>De acordo com a Pol\u00edcia Rodovi\u00e1ria Federal, o condutor da caminhonete em que estavam as duas v\u00edtimas estava tentou uma ultrapassagem indevida, em pista com faixa cont\u00ednua, resultando no acidente. \u201cO motorista tentou ultrapassar uma carreta quando se deparou com o \u00f4nibus vindo em sentido contr\u00e1rio. O \u00f4nibus ainda tentou jogar no acostamento, mas o ve\u00edculo tocou na lateral da carreta e colidiu tamb\u00e9m na lateral do \u00f4nibus. Com a colis\u00e3o, o \u00f4nibus teve o pneu estourado, atingiu a contram\u00e3o e bateu de frente com outro ve\u00edculo\u201d, esclarece o inspetor da PRF, Walter Daniel Rosa.<\/p>\n<p><img decoding=\"async\" src=\"http:\/\/aconteceunovale.com.br\/portal\/wp-content\/uploads\/2014\/08\/acidente_116_26_8_1.jpg\" alt=\"\" \/><em>Carro de passeio ficou destru\u00eddo (Foto: Diego Souza \/ G1)<\/em><br \/>\n<\/br><\/p>\n<p>O \u00f4nibus da Via\u00e7\u00e3o Itapemirim seguia de Te\u00f3filo Otoni, no Vale do Mucuri, para S\u00e3o Paulo com 10 passageiros e o motorista. O segundo ve\u00edculo de passeio envolvido no acidente saiu de Belo Horizonte para Te\u00f3filo Otoni apenas com o motorista. A carreta levava 31 toneladas de ferro de Ouro Branco (MG) para Aracaju (SE). Nenhum ocupante dos outros tr\u00eas ve\u00edculos tive ferimentos.<\/p>\n<p>O Corpo de Bombeiros esteve no local e fez o resgate das duas v\u00edtimas do carro com placas de Governador Valadares. Elas foram encaminhadas ao Hospital Municipal da cidade e, de acordo com a assessoria de imprensa, o estado de sa\u00fade \u00e9 grave, por\u00e9m est\u00e1vel.<\/p>\n<p>Ap\u00f3s o acidente, o tr\u00e2nsito ficou lento no local e o tr\u00e1fego ocorria apenas em uma pista. Um congestionamento de quase dois quil\u00f4metros se formou nos dois sentidos. Os bombeiros tiveram que jogar p\u00f3 de serra na pista devido ao vazamento de \u00f3leo diesel da carreta.<\/p>\n<p>A empresa de \u00f4nibus enviou outro ve\u00edculo que seguiu viagem com os passageiros para S\u00e3o Paulo.<\/p>\n<p><img decoding=\"async\" src=\"http:\/\/aconteceunovale.com.br\/portal\/wp-content\/uploads\/2014\/08\/acidente_116_26_8_2.jpg\" alt=\"\" \/><em>\u00d4nibus seguia de Te\u00f3filo Otoni para S\u00e3o Paulo (Foto: Diego Souza \/ G1)<\/em><br \/>\n<\/br><\/p>\n<p><strong>(Inter TV dos Vales)<\/strong><\/p>\n","protected":false},"excerpt":{"rendered":"<p>Acidente aconteceu pr\u00f3ximo a Frei Inoc\u00eancio. Estado de sa\u00fade das duas v\u00edtimas \u00e9 grave. Um acidente envolvendo quatro ve\u00edculos deixou dois homens gravemente feridos por volta das 12h35 da tarde desta ter\u00e7a-feira, 26 de agosto, na altura do quil\u00f4metro 368 da BR-116, pr\u00f3ximo ao munic\u00edpio de Frei Inoc\u00eancio, no Leste de Minas Gerais. De acordo [&hellip;]<\/p>\n","protected":false},"author":1,"featured_media":38262,"comment_status":"open","ping_status":"closed","sticky":false,"template":"","format":"standard","meta":{"amp_status":"","footnotes":""},"categories":[121],"tags":[14549,14548,14550,14553,14551,14547,14546,14545,14552,194,1018,247,1529,14543,14544],"class_list":["post-38260","post","type-post","status-publish","format-standard","has-post-thumbnail","hentry","category-leste","tag-acidente-com-onibus-da-viacao-itapemirim-seguia-de-teofilo-otoni-para-sao-paulo","tag-acidente-com-onibus-viacao-itapemirim","tag-acidente-com-veiculo-de-belo-horizonte-na-br-116","tag-acidente-com-veiculo-de-governador-valadares","tag-acidente-com-veiculo-de-teofilo-otoni-proximo-a-frei-inocencio","tag-acidente-na-br-116-proximo-a-frei-inocencio","tag-acidente-proximo-a-frei-inocencio","tag-acidente-proximo-ao-municipio-de-frei-inocencio","tag-aracaju","tag-belo-horizonte","tag-destaque","tag-governador-valadares","tag-ouro-branco","tag-ultrapassagem-indevida-provoca-acidente-entre-quatro-veiculos-e-deixa-dois-feridos-na-br-116","tag-ultrapassagem-indevida-provoca-acidente-entre-quatro-veiculos-e-deixa-dois-feridos-na-br-116-em-frei-inocencio"],"yoast_head":"<!-- This site is optimized with the Yoast SEO plugin v28.3 - https:\/\/yoast.com\/product\/yoast-seo-wordpress\/ -->\n<title>Ultrapassagem indevida provoca acidente entre quatro ve\u00edculos e deixa dois feridos na BR-116 - Aconteceu no Vale<\/title>\n<meta name=\"robots\" content=\"index, follow, max-snippet:-1, max-image-preview:large, max-video-preview:-1\" \/>\n<link rel=\"canonical\" href=\"https:\/\/aconteceunovale.com.br\/portal\/?p=38260\" \/>\n<meta property=\"og:locale\" content=\"pt_BR\" \/>\n<meta property=\"og:type\" content=\"article\" \/>\n<meta property=\"og:title\" content=\"Ultrapassagem indevida provoca acidente entre quatro ve\u00edculos e deixa dois feridos na BR-116 - Aconteceu no Vale\" \/>\n<meta property=\"og:description\" content=\"Acidente aconteceu pr\u00f3ximo a Frei Inoc\u00eancio. Estado de sa\u00fade das duas v\u00edtimas \u00e9 grave. Um acidente envolvendo quatro ve\u00edculos deixou dois homens gravemente feridos por volta das 12h35 da tarde desta ter\u00e7a-feira, 26 de agosto, na altura do quil\u00f4metro 368 da BR-116, pr\u00f3ximo ao munic\u00edpio de Frei Inoc\u00eancio, no Leste de Minas Gerais. De acordo [&hellip;]\" \/>\n<meta property=\"og:url\" content=\"https:\/\/aconteceunovale.com.br\/portal\/?p=38260\" \/>\n<meta property=\"og:site_name\" content=\"Aconteceu no Vale\" \/>\n<meta property=\"article:publisher\" content=\"https:\/\/www.facebook.com\/aconteceunovale\/\" \/>\n<meta property=\"article:published_time\" content=\"2014-08-26T21:13:49+00:00\" \/>\n<meta property=\"article:modified_time\" content=\"2014-08-27T01:43:13+00:00\" \/>\n<meta property=\"og:image\" content=\"https:\/\/aconteceunovale.com.br\/portal\/wp-content\/uploads\/2014\/08\/acidente_116_26_8_2.jpg\" \/>\n\t<meta property=\"og:image:width\" content=\"620\" \/>\n\t<meta property=\"og:image:height\" content=\"440\" \/>\n\t<meta property=\"og:image:type\" content=\"image\/jpeg\" \/>\n<meta name=\"author\" content=\"Aconteceu no Vale\" \/>\n<meta name=\"twitter:card\" content=\"summary_large_image\" \/>\n<meta name=\"twitter:creator\" content=\"@noticiadosvales\" \/>\n<meta name=\"twitter:site\" content=\"@noticiadosvales\" \/>\n<meta name=\"twitter:label1\" content=\"Escrito por\" \/>\n\t<meta name=\"twitter:data1\" content=\"Aconteceu no Vale\" \/>\n\t<meta name=\"twitter:label2\" content=\"Est. tempo de leitura\" \/>\n\t<meta name=\"twitter:data2\" content=\"2 minutos\" \/>\n<script type=\"application\/ld+json\" class=\"yoast-schema-graph\">{\"@context\":\"https:\\\/\\\/schema.org\",\"@graph\":[{\"@type\":\"Article\",\"@id\":\"https:\\\/\\\/aconteceunovale.com.br\\\/portal\\\/?p=38260#article\",\"isPartOf\":{\"@id\":\"https:\\\/\\\/aconteceunovale.com.br\\\/portal\\\/?p=38260\"},\"author\":{\"name\":\"Aconteceu no Vale\",\"@id\":\"https:\\\/\\\/aconteceunovale.com.br\\\/portal\\\/#\\\/schema\\\/person\\\/633529146f2c94272bef50ac2953d589\"},\"headline\":\"Ultrapassagem indevida provoca acidente entre quatro ve\u00edculos e deixa dois feridos na BR-116\",\"datePublished\":\"2014-08-26T21:13:49+00:00\",\"dateModified\":\"2014-08-27T01:43:13+00:00\",\"mainEntityOfPage\":{\"@id\":\"https:\\\/\\\/aconteceunovale.com.br\\\/portal\\\/?p=38260\"},\"wordCount\":391,\"commentCount\":0,\"image\":{\"@id\":\"https:\\\/\\\/aconteceunovale.com.br\\\/portal\\\/?p=38260#primaryimage\"},\"thumbnailUrl\":\"https:\\\/\\\/aconteceunovale.com.br\\\/portal\\\/wp-content\\\/uploads\\\/2014\\\/08\\\/acidente_116_26_8_2.jpg\",\"keywords\":[\"acidente com \u00f4nibus da Via\u00e7\u00e3o Itapemirim seguia de Te\u00f3filo Otoni para s\u00e3o paulo\",\"acidente com \u00f4nibus Via\u00e7\u00e3o Itapemirim\",\"acidente com ve\u00edculo de belo horizonte na br 116\",\"acidente com ve\u00edculo de governador valadares\",\"acidente com ve\u00edculo de te\u00f3filo otoni proximo a frei inoc\u00eancio\",\"acidente na br 116 proximo a frei inoc\u00eancio\",\"acidente pr\u00f3ximo a Frei Inoc\u00eancio\",\"acidente pr\u00f3ximo ao munic\u00edpio de Frei Inoc\u00eancio\",\"Aracaju\",\"Belo Horizonte\",\"destaque\",\"Governador Valadares\",\"Ouro Branco\",\"Ultrapassagem indevida provoca acidente entre quatro ve\u00edculos e deixa dois feridos na BR-116\",\"Ultrapassagem indevida provoca acidente entre quatro ve\u00edculos e deixa dois feridos na BR-116 em Frei Inoc\u00eancio\"],\"articleSection\":[\"Leste de Minas\"],\"inLanguage\":\"pt-BR\",\"potentialAction\":[{\"@type\":\"CommentAction\",\"name\":\"Comment\",\"target\":[\"https:\\\/\\\/aconteceunovale.com.br\\\/portal\\\/?p=38260#respond\"]}]},{\"@type\":\"WebPage\",\"@id\":\"https:\\\/\\\/aconteceunovale.com.br\\\/portal\\\/?p=38260\",\"url\":\"https:\\\/\\\/aconteceunovale.com.br\\\/portal\\\/?p=38260\",\"name\":\"Ultrapassagem indevida provoca acidente entre quatro ve\u00edculos e deixa dois feridos na BR-116 - Aconteceu no Vale\",\"isPartOf\":{\"@id\":\"https:\\\/\\\/aconteceunovale.com.br\\\/portal\\\/#website\"},\"primaryImageOfPage\":{\"@id\":\"https:\\\/\\\/aconteceunovale.com.br\\\/portal\\\/?p=38260#primaryimage\"},\"image\":{\"@id\":\"https:\\\/\\\/aconteceunovale.com.br\\\/portal\\\/?p=38260#primaryimage\"},\"thumbnailUrl\":\"https:\\\/\\\/aconteceunovale.com.br\\\/portal\\\/wp-content\\\/uploads\\\/2014\\\/08\\\/acidente_116_26_8_2.jpg\",\"datePublished\":\"2014-08-26T21:13:49+00:00\",\"dateModified\":\"2014-08-27T01:43:13+00:00\",\"author\":{\"@id\":\"https:\\\/\\\/aconteceunovale.com.br\\\/portal\\\/#\\\/schema\\\/person\\\/633529146f2c94272bef50ac2953d589\"},\"breadcrumb\":{\"@id\":\"https:\\\/\\\/aconteceunovale.com.br\\\/portal\\\/?p=38260#breadcrumb\"},\"inLanguage\":\"pt-BR\",\"potentialAction\":[{\"@type\":\"ReadAction\",\"target\":[\"https:\\\/\\\/aconteceunovale.com.br\\\/portal\\\/?p=38260\"]}]},{\"@type\":\"ImageObject\",\"inLanguage\":\"pt-BR\",\"@id\":\"https:\\\/\\\/aconteceunovale.com.br\\\/portal\\\/?p=38260#primaryimage\",\"url\":\"https:\\\/\\\/aconteceunovale.com.br\\\/portal\\\/wp-content\\\/uploads\\\/2014\\\/08\\\/acidente_116_26_8_2.jpg\",\"contentUrl\":\"https:\\\/\\\/aconteceunovale.com.br\\\/portal\\\/wp-content\\\/uploads\\\/2014\\\/08\\\/acidente_116_26_8_2.jpg\",\"width\":620,\"height\":440},{\"@type\":\"BreadcrumbList\",\"@id\":\"https:\\\/\\\/aconteceunovale.com.br\\\/portal\\\/?p=38260#breadcrumb\",\"itemListElement\":[{\"@type\":\"ListItem\",\"position\":1,\"name\":\"In\u00edcio\",\"item\":\"https:\\\/\\\/aconteceunovale.com.br\\\/portal\\\/\"},{\"@type\":\"ListItem\",\"position\":2,\"name\":\"Ultrapassagem indevida provoca acidente entre quatro ve\u00edculos e deixa dois feridos na BR-116\"}]},{\"@type\":\"WebSite\",\"@id\":\"https:\\\/\\\/aconteceunovale.com.br\\\/portal\\\/#website\",\"url\":\"https:\\\/\\\/aconteceunovale.com.br\\\/portal\\\/\",\"name\":\"Aconteceu no Vale\",\"description\":\"Portal de Not\u00edcias\",\"potentialAction\":[{\"@type\":\"SearchAction\",\"target\":{\"@type\":\"EntryPoint\",\"urlTemplate\":\"https:\\\/\\\/aconteceunovale.com.br\\\/portal\\\/?s={search_term_string}\"},\"query-input\":{\"@type\":\"PropertyValueSpecification\",\"valueRequired\":true,\"valueName\":\"search_term_string\"}}],\"inLanguage\":\"pt-BR\"},{\"@type\":\"Person\",\"@id\":\"https:\\\/\\\/aconteceunovale.com.br\\\/portal\\\/#\\\/schema\\\/person\\\/633529146f2c94272bef50ac2953d589\",\"name\":\"Aconteceu no Vale\",\"description\":\"Equipe de reportagem do Aconteceu no Vale, portal de not\u00edcias do Vale do Jequitinhonha, em Minas Gerais. Cobrimos as 51 cidades do Vale desde 2013. Sugest\u00f5es de pauta e pedidos de corre\u00e7\u00e3o: contato@aconteceunovale.com.br\",\"sameAs\":[\"http:\\\/\\\/www.aconteceunovale.com.br\"],\"url\":\"https:\\\/\\\/aconteceunovale.com.br\\\/portal\\\/?author=1\"}]}<\/script>\n<!-- \/ Yoast SEO plugin. -->","yoast_head_json":{"title":"Ultrapassagem indevida provoca acidente entre quatro ve\u00edculos e deixa dois feridos na BR-116 - Aconteceu no Vale","robots":{"index":"index","follow":"follow","max-snippet":"max-snippet:-1","max-image-preview":"max-image-preview:large","max-video-preview":"max-video-preview:-1"},"canonical":"https:\/\/aconteceunovale.com.br\/portal\/?p=38260","og_locale":"pt_BR","og_type":"article","og_title":"Ultrapassagem indevida provoca acidente entre quatro ve\u00edculos e deixa dois feridos na BR-116 - Aconteceu no Vale","og_description":"Acidente aconteceu pr\u00f3ximo a Frei Inoc\u00eancio. Estado de sa\u00fade das duas v\u00edtimas \u00e9 grave. Um acidente envolvendo quatro ve\u00edculos deixou dois homens gravemente feridos por volta das 12h35 da tarde desta ter\u00e7a-feira, 26 de agosto, na altura do quil\u00f4metro 368 da BR-116, pr\u00f3ximo ao munic\u00edpio de Frei Inoc\u00eancio, no Leste de Minas Gerais. De acordo [&hellip;]","og_url":"https:\/\/aconteceunovale.com.br\/portal\/?p=38260","og_site_name":"Aconteceu no Vale","article_publisher":"https:\/\/www.facebook.com\/aconteceunovale\/","article_published_time":"2014-08-26T21:13:49+00:00","article_modified_time":"2014-08-27T01:43:13+00:00","og_image":[{"width":620,"height":440,"url":"https:\/\/aconteceunovale.com.br\/portal\/wp-content\/uploads\/2014\/08\/acidente_116_26_8_2.jpg","type":"image\/jpeg"}],"author":"Aconteceu no Vale","twitter_card":"summary_large_image","twitter_creator":"@noticiadosvales","twitter_site":"@noticiadosvales","twitter_misc":{"Escrito por":"Aconteceu no Vale","Est. tempo de leitura":"2 minutos"},"schema":{"@context":"https:\/\/schema.org","@graph":[{"@type":"Article","@id":"https:\/\/aconteceunovale.com.br\/portal\/?p=38260#article","isPartOf":{"@id":"https:\/\/aconteceunovale.com.br\/portal\/?p=38260"},"author":{"name":"Aconteceu no Vale","@id":"https:\/\/aconteceunovale.com.br\/portal\/#\/schema\/person\/633529146f2c94272bef50ac2953d589"},"headline":"Ultrapassagem indevida provoca acidente entre quatro ve\u00edculos e deixa dois feridos na BR-116","datePublished":"2014-08-26T21:13:49+00:00","dateModified":"2014-08-27T01:43:13+00:00","mainEntityOfPage":{"@id":"https:\/\/aconteceunovale.com.br\/portal\/?p=38260"},"wordCount":391,"commentCount":0,"image":{"@id":"https:\/\/aconteceunovale.com.br\/portal\/?p=38260#primaryimage"},"thumbnailUrl":"https:\/\/aconteceunovale.com.br\/portal\/wp-content\/uploads\/2014\/08\/acidente_116_26_8_2.jpg","keywords":["acidente com \u00f4nibus da Via\u00e7\u00e3o Itapemirim seguia de Te\u00f3filo Otoni para s\u00e3o paulo","acidente com \u00f4nibus Via\u00e7\u00e3o Itapemirim","acidente com ve\u00edculo de belo horizonte na br 116","acidente com ve\u00edculo de governador valadares","acidente com ve\u00edculo de te\u00f3filo otoni proximo a frei inoc\u00eancio","acidente na br 116 proximo a frei inoc\u00eancio","acidente pr\u00f3ximo a Frei Inoc\u00eancio","acidente pr\u00f3ximo ao munic\u00edpio de Frei Inoc\u00eancio","Aracaju","Belo Horizonte","destaque","Governador Valadares","Ouro Branco","Ultrapassagem indevida provoca acidente entre quatro ve\u00edculos e deixa dois feridos na BR-116","Ultrapassagem indevida provoca acidente entre quatro ve\u00edculos e deixa dois feridos na BR-116 em Frei Inoc\u00eancio"],"articleSection":["Leste de Minas"],"inLanguage":"pt-BR","potentialAction":[{"@type":"CommentAction","name":"Comment","target":["https:\/\/aconteceunovale.com.br\/portal\/?p=38260#respond"]}]},{"@type":"WebPage","@id":"https:\/\/aconteceunovale.com.br\/portal\/?p=38260","url":"https:\/\/aconteceunovale.com.br\/portal\/?p=38260","name":"Ultrapassagem indevida provoca acidente entre quatro ve\u00edculos e deixa dois feridos na BR-116 - Aconteceu no Vale","isPartOf":{"@id":"https:\/\/aconteceunovale.com.br\/portal\/#website"},"primaryImageOfPage":{"@id":"https:\/\/aconteceunovale.com.br\/portal\/?p=38260#primaryimage"},"image":{"@id":"https:\/\/aconteceunovale.com.br\/portal\/?p=38260#primaryimage"},"thumbnailUrl":"https:\/\/aconteceunovale.com.br\/portal\/wp-content\/uploads\/2014\/08\/acidente_116_26_8_2.jpg","datePublished":"2014-08-26T21:13:49+00:00","dateModified":"2014-08-27T01:43:13+00:00","author":{"@id":"https:\/\/aconteceunovale.com.br\/portal\/#\/schema\/person\/633529146f2c94272bef50ac2953d589"},"breadcrumb":{"@id":"https:\/\/aconteceunovale.com.br\/portal\/?p=38260#breadcrumb"},"inLanguage":"pt-BR","potentialAction":[{"@type":"ReadAction","target":["https:\/\/aconteceunovale.com.br\/portal\/?p=38260"]}]},{"@type":"ImageObject","inLanguage":"pt-BR","@id":"https:\/\/aconteceunovale.com.br\/portal\/?p=38260#primaryimage","url":"https:\/\/aconteceunovale.com.br\/portal\/wp-content\/uploads\/2014\/08\/acidente_116_26_8_2.jpg","contentUrl":"https:\/\/aconteceunovale.com.br\/portal\/wp-content\/uploads\/2014\/08\/acidente_116_26_8_2.jpg","width":620,"height":440},{"@type":"BreadcrumbList","@id":"https:\/\/aconteceunovale.com.br\/portal\/?p=38260#breadcrumb","itemListElement":[{"@type":"ListItem","position":1,"name":"In\u00edcio","item":"https:\/\/aconteceunovale.com.br\/portal\/"},{"@type":"ListItem","position":2,"name":"Ultrapassagem indevida provoca acidente entre quatro ve\u00edculos e deixa dois feridos na BR-116"}]},{"@type":"WebSite","@id":"https:\/\/aconteceunovale.com.br\/portal\/#website","url":"https:\/\/aconteceunovale.com.br\/portal\/","name":"Aconteceu no Vale","description":"Portal de Not\u00edcias","potentialAction":[{"@type":"SearchAction","target":{"@type":"EntryPoint","urlTemplate":"https:\/\/aconteceunovale.com.br\/portal\/?s={search_term_string}"},"query-input":{"@type":"PropertyValueSpecification","valueRequired":true,"valueName":"search_term_string"}}],"inLanguage":"pt-BR"},{"@type":"Person","@id":"https:\/\/aconteceunovale.com.br\/portal\/#\/schema\/person\/633529146f2c94272bef50ac2953d589","name":"Aconteceu no Vale","description":"Equipe de reportagem do Aconteceu no Vale, portal de not\u00edcias do Vale do Jequitinhonha, em Minas Gerais. Cobrimos as 51 cidades do Vale desde 2013. Sugest\u00f5es de pauta e pedidos de corre\u00e7\u00e3o: contato@aconteceunovale.com.br","sameAs":["http:\/\/www.aconteceunovale.com.br"],"url":"https:\/\/aconteceunovale.com.br\/portal\/?author=1"}]}},"_links":{"self":[{"href":"https:\/\/aconteceunovale.com.br\/portal\/index.php?rest_route=\/wp\/v2\/posts\/38260","targetHints":{"allow":["GET"]}}],"collection":[{"href":"https:\/\/aconteceunovale.com.br\/portal\/index.php?rest_route=\/wp\/v2\/posts"}],"about":[{"href":"https:\/\/aconteceunovale.com.br\/portal\/index.php?rest_route=\/wp\/v2\/types\/post"}],"author":[{"embeddable":true,"href":"https:\/\/aconteceunovale.com.br\/portal\/index.php?rest_route=\/wp\/v2\/users\/1"}],"replies":[{"embeddable":true,"href":"https:\/\/aconteceunovale.com.br\/portal\/index.php?rest_route=%2Fwp%2Fv2%2Fcomments&post=38260"}],"version-history":[{"count":0,"href":"https:\/\/aconteceunovale.com.br\/portal\/index.php?rest_route=\/wp\/v2\/posts\/38260\/revisions"}],"wp:featuredmedia":[{"embeddable":true,"href":"https:\/\/aconteceunovale.com.br\/portal\/index.php?rest_route=\/wp\/v2\/media\/38262"}],"wp:attachment":[{"href":"https:\/\/aconteceunovale.com.br\/portal\/index.php?rest_route=%2Fwp%2Fv2%2Fmedia&parent=38260"}],"wp:term":[{"taxonomy":"category","embeddable":true,"href":"https:\/\/aconteceunovale.com.br\/portal\/index.php?rest_route=%2Fwp%2Fv2%2Fcategories&post=38260"},{"taxonomy":"post_tag","embeddable":true,"href":"https:\/\/aconteceunovale.com.br\/portal\/index.php?rest_route=%2Fwp%2Fv2%2Ftags&post=38260"}],"curies":[{"name":"wp","href":"https:\/\/api.w.org\/{rel}","templated":true}]}}