{"id":38253,"date":"2014-08-26T17:43:03","date_gmt":"2014-08-26T20:43:03","guid":{"rendered":"http:\/\/aconteceunovale.com.br\/portal\/?p=38253"},"modified":"2014-08-26T17:43:03","modified_gmt":"2014-08-26T20:43:03","slug":"atleta-do-norte-de-minas-gerais-e-medalha-de-ouro-nos-jogos-olimpicos-da-juventude","status":"publish","type":"post","link":"https:\/\/aconteceunovale.com.br\/portal\/?p=38253","title":{"rendered":"Atleta do Norte de Minas Gerais \u00e9 medalha de ouro nos Jogos Ol\u00edmpicos da Juventude"},"content":{"rendered":"<p>O Time Brasil conquistou mais duas medalhas no pen\u00faltimo dia de competi\u00e7\u00f5es dos Jogos Ol\u00edmpicos da Juventude Nanquim 2014. A dupla feminina de v\u00f4lei de praia formada por Duda Lisboa e Ana Patr\u00edcia conquistou a medalha de ouro, enquanto Marcus Vinicius D&#8217;Almeida foi prata no tiro com arco, nesta ter\u00e7a-feira, dia 26. Com essas conquistas, o Brasil chegou a 15 medalhas em Nanquim, mais do que o dobro de Cingapura 2010, primeira edi\u00e7\u00e3o do evento, quando o pa\u00eds alcan\u00e7ou sete medalhas.<\/p>\n<p>Na estreia do v\u00f4lei de praia no programa esportivo dos Jogos Ol\u00edmpicos da Juventude, o ouro do torneio feminino ficou com o Brasil. Em partida dif\u00edcil, a sergipana Duda Lisboa e a mineira, natural de Espinosa, Ana Patricia Ramos, a Paty, sagraram-se campe\u00e3s ol\u00edmpicas ao derrotaram de virada as g\u00eameas canadenses Megan e Nicole McNamara por 2 sets a 1 (17\/21; 21\/13 e 16\/14). O jogo foi tenso, com as brasileiras cometendo muitos erros no primeiro set. No segundo, a dupla verde e amarela assumiu o controle. J\u00e1 no tie break, a emo\u00e7\u00e3o foi at\u00e9 o \u00faltimo ponto, quando Duda colocou a bola no ch\u00e3o para confirmar o Brasil no lugar mais alto do p\u00f3dio.<\/p>\n<p><img decoding=\"async\" src=\"http:\/\/aconteceunovale.com.br\/portal\/wp-content\/uploads\/2014\/08\/norte_mineira_nanquin_14.jpg\" alt=\"\" \/><em>Pa\u00eds chega ao \u00faltimo dia de competi\u00e7\u00f5es com 15 medalhas em oito modalidades nos Jogos Ol\u00edmpicos da Juventude (Foto: Wander Roberto\/Inovafoto\/COB)<\/em><br \/>\n<\/br><\/p>\n<p>\u201cPoder realizar esse sonho ol\u00edmpico sendo t\u00e3o jovem \u00e9 realmente maravilhoso\u201d, disse Paty, que come\u00e7ou a carreira no handebol e est\u00e1 no v\u00f4lei de praia h\u00e1 pouco menos de dois anos. \u201cNo primeiro set, tivemos um pouco de dificuldades de encaixar o nosso jogo. Mas, no segundo e terceiro, a gente se acertou\u201d, explicou a atleta mineira.<\/p>\n<p>A medalha de ouro nos Jogos Ol\u00edmpicos da Juventude comprova o dom\u00ednio do pa\u00eds nas categorias de base mundiais. Nas \u00faltimas 31 principais competi\u00e7\u00f5es da juventude desde 2000, o Brasil ganhou 16. O resultado confirma ainda a boa fase de Duda, que, no \u00faltimo m\u00eas, conquistou o bicampeonato mundial Sub-19, atuando ao lado de Andressa. A atleta de 16 anos ainda \u00e9 vice-campe\u00e3 mundial Sub-23 e j\u00e1 surge como um grande talento para a modalidade para os pr\u00f3ximos anos. \u201cO gosto da vit\u00f3ria \u00e9 sempre igual, mas ganhar os Jogos Ol\u00edmpicos n\u00e3o se compara a nada. Com certeza \u00e9 o campeonato mais importante da minha vida. \u00c9 inexplic\u00e1vel\u201d, comemorou Duda, de 16 anos.<\/p>\n<p>No tiro com arco, Marcus Vinicius D&#8217;Almeida, nono melhor do mundo na categoria adulta, conquistou a medalha de prata na prova de recurvo 60m. Em uma final de excelente n\u00edvel t\u00e9cnico, o brasileiro de 16 anos foi superado pelo coreano Woo Seok Lee por 7 a 3, mas saiu satisfeito em alcan\u00e7ar o resultado mais importante de sua promissora carreira e in\u00e9dito para o tiro com arco nacional. A medalha de bronze ficou com o indiano Atul Verma, da \u00cdndia.<\/p>\n<p>Marcus Vinicius chegou a Nanquim credenciado como um dos grandes nomes da delega\u00e7\u00e3o brasileira. Seus \u00faltimos resultados j\u00e1 o colocam como o maior nome da hist\u00f3ria do tiro com arco nacional. Agora, com sua primeira medalha ol\u00edmpica, o carioca quer acertar alvos cada vez mais certeiros para continuar fazendo hist\u00f3ria na modalidade. \u201c\u00c9 uma realiza\u00e7\u00e3o para mim, para o meu esporte e para todos que me apoiaram sempre. S\u00f3 tenho a agradecer. Este \u00e9 o resultado mais importante da minha carreira\u201d, celebrou o emocionado Marcus Vinicius, que foi porta-bandeira da delega\u00e7\u00e3o brasileira na Cerim\u00f4nia de Abertura do evento.<\/p>\n<p>A primeira medalha do Brasil em uma competi\u00e7\u00e3o ol\u00edmpica de tiro com arco veio em ap\u00f3s disputa acirrada com o sul-coreano Woo Seok Lee. Na soma das flechas, o equil\u00edbrio fica evidente, com o placar de 148 a 146 para o coreano. \u201cFoi uma grande final ol\u00edmpica e o ouro n\u00e3o veio por pouco. Ele chegou perto da perfei\u00e7\u00e3o e eu n\u00e3o consegui acompanhar. Eu n\u00e3o perdi, ele que ganhou. A esperan\u00e7a da medalha de ouro me fez manter o foco durante toda a prova. Vim para o outro lado do mundo, busquei uma medalha, fui vice-campe\u00e3o ol\u00edmpico. \u00c9 uma sensa\u00e7\u00e3o de orgulho, dif\u00edcil descrever\u201d, explicou Marcus, que agora parte para mais um objetivo importante em sua carreira. O brasileiro sai da China diretamente para a Su\u00ed\u00e7a, onde disputar\u00e1 a final da Copa do Mundo. Esta \u00e9 a primeira vez que um brasileiro participa da competi\u00e7\u00e3o.<\/p>\n<p>S\u00e3o muitos resultados importantes, mas o grande alvo de Marcus est\u00e1 a dois anos de dist\u00e2ncia: os Jogos Ol\u00edmpicos Rio 2016. \u201cAcho que posso buscar uma medalha em 2016. O time inteiro est\u00e1 forte. As chances s\u00e3o triplas, no individual, equipe masculina e mista. A gente vai em busca de uma medalha. O trabalho feito \u00e9 o grande incentivo\u201d, projetou Marcus.<\/p>\n<p>Nesta quarta-feira, dia 27, ser\u00e3o realizadas as \u00faltimas provas dos Jogos Ol\u00edmpicos da Juventude. O Brasil disputar\u00e1 apenas as competi\u00e7\u00f5es de lutas associadas, com Rafael Crystello. Na quinta-feira ser\u00e1 realizada a Cerim\u00f4nia de Encerramento dos Jogos, no Est\u00e1dio Ol\u00edmpico de Nanquim, a partir das 9hs (hor\u00e1rio de Bras\u00edlia), 20hs (hor\u00e1rio de Nanquim). (UIPI)<\/p>\n","protected":false},"excerpt":{"rendered":"<p>O Time Brasil conquistou mais duas medalhas no pen\u00faltimo dia de competi\u00e7\u00f5es dos Jogos Ol\u00edmpicos da Juventude Nanquim 2014. A dupla feminina de v\u00f4lei de praia formada por Duda Lisboa e Ana Patr\u00edcia conquistou a medalha de ouro, enquanto Marcus Vinicius D&#8217;Almeida foi prata no tiro com arco, nesta ter\u00e7a-feira, dia 26. Com essas conquistas, [&hellip;]<\/p>\n","protected":false},"author":1,"featured_media":38254,"comment_status":"open","ping_status":"closed","sticky":false,"template":"","format":"standard","meta":{"amp_status":"","footnotes":""},"categories":[59],"tags":[14522,1018,1278,14523,14524,14526,14528,14525,14527],"class_list":["post-38253","post","type-post","status-publish","format-standard","has-post-thumbnail","hentry","category-esportes","tag-atleta-do-norte-de-minas-gerais-e-medalha-de-ouro-nos-jogos-olimpicos-da-juventude","tag-destaque","tag-espinosa","tag-jogos-olimpicos-da-juventude","tag-jogos-olimpicos-da-juventude-nanquim-2014","tag-marcus-vinicius-dalmeida","tag-megan-mcnamara","tag-nanquim-2014","tag-nicole-mcnamara"],"yoast_head":"<!-- This site is optimized with the Yoast SEO plugin v28.3 - https:\/\/yoast.com\/product\/yoast-seo-wordpress\/ -->\n<title>Atleta do Norte de Minas Gerais \u00e9 medalha de ouro nos Jogos Ol\u00edmpicos da Juventude - Aconteceu no Vale<\/title>\n<meta name=\"robots\" content=\"index, follow, max-snippet:-1, max-image-preview:large, max-video-preview:-1\" \/>\n<link rel=\"canonical\" href=\"https:\/\/aconteceunovale.com.br\/portal\/?p=38253\" \/>\n<meta property=\"og:locale\" content=\"pt_BR\" \/>\n<meta property=\"og:type\" content=\"article\" \/>\n<meta property=\"og:title\" content=\"Atleta do Norte de Minas Gerais \u00e9 medalha de ouro nos Jogos Ol\u00edmpicos da Juventude - Aconteceu no Vale\" \/>\n<meta property=\"og:description\" content=\"O Time Brasil conquistou mais duas medalhas no pen\u00faltimo dia de competi\u00e7\u00f5es dos Jogos Ol\u00edmpicos da Juventude Nanquim 2014. A dupla feminina de v\u00f4lei de praia formada por Duda Lisboa e Ana Patr\u00edcia conquistou a medalha de ouro, enquanto Marcus Vinicius D&#8217;Almeida foi prata no tiro com arco, nesta ter\u00e7a-feira, dia 26. Com essas conquistas, [&hellip;]\" \/>\n<meta property=\"og:url\" content=\"https:\/\/aconteceunovale.com.br\/portal\/?p=38253\" \/>\n<meta property=\"og:site_name\" content=\"Aconteceu no Vale\" \/>\n<meta property=\"article:publisher\" content=\"https:\/\/www.facebook.com\/aconteceunovale\/\" \/>\n<meta property=\"article:published_time\" content=\"2014-08-26T20:43:03+00:00\" \/>\n<meta property=\"og:image\" content=\"https:\/\/aconteceunovale.com.br\/portal\/wp-content\/uploads\/2014\/08\/norte_mineira_nanquin_14.jpg\" \/>\n\t<meta property=\"og:image:width\" content=\"667\" \/>\n\t<meta property=\"og:image:height\" content=\"428\" \/>\n\t<meta property=\"og:image:type\" content=\"image\/jpeg\" \/>\n<meta name=\"author\" content=\"Aconteceu no Vale\" \/>\n<meta name=\"twitter:card\" content=\"summary_large_image\" \/>\n<meta name=\"twitter:creator\" content=\"@noticiadosvales\" \/>\n<meta name=\"twitter:site\" content=\"@noticiadosvales\" \/>\n<meta name=\"twitter:label1\" content=\"Escrito por\" \/>\n\t<meta name=\"twitter:data1\" content=\"Aconteceu no Vale\" \/>\n\t<meta name=\"twitter:label2\" content=\"Est. tempo de leitura\" \/>\n\t<meta name=\"twitter:data2\" content=\"4 minutos\" \/>\n<script type=\"application\/ld+json\" class=\"yoast-schema-graph\">{\"@context\":\"https:\\\/\\\/schema.org\",\"@graph\":[{\"@type\":\"Article\",\"@id\":\"https:\\\/\\\/aconteceunovale.com.br\\\/portal\\\/?p=38253#article\",\"isPartOf\":{\"@id\":\"https:\\\/\\\/aconteceunovale.com.br\\\/portal\\\/?p=38253\"},\"author\":{\"name\":\"Aconteceu no Vale\",\"@id\":\"https:\\\/\\\/aconteceunovale.com.br\\\/portal\\\/#\\\/schema\\\/person\\\/633529146f2c94272bef50ac2953d589\"},\"headline\":\"Atleta do Norte de Minas Gerais \u00e9 medalha de ouro nos Jogos Ol\u00edmpicos da Juventude\",\"datePublished\":\"2014-08-26T20:43:03+00:00\",\"mainEntityOfPage\":{\"@id\":\"https:\\\/\\\/aconteceunovale.com.br\\\/portal\\\/?p=38253\"},\"wordCount\":884,\"commentCount\":0,\"image\":{\"@id\":\"https:\\\/\\\/aconteceunovale.com.br\\\/portal\\\/?p=38253#primaryimage\"},\"thumbnailUrl\":\"https:\\\/\\\/aconteceunovale.com.br\\\/portal\\\/wp-content\\\/uploads\\\/2014\\\/08\\\/norte_mineira_nanquin_14.jpg\",\"keywords\":[\"Atleta do Norte de Minas Gerais \u00e9 medalha de ouro nos Jogos Ol\u00edmpicos da Juventude\",\"destaque\",\"espinosa\",\"Jogos Ol\u00edmpicos da Juventude\",\"Jogos Ol\u00edmpicos da Juventude Nanquim 2014\",\"Marcus Vinicius D'Almeida\",\"Megan McNamara\",\"Nanquim 2014\",\"Nicole McNamara\"],\"articleSection\":[\"Esportes\"],\"inLanguage\":\"pt-BR\",\"potentialAction\":[{\"@type\":\"CommentAction\",\"name\":\"Comment\",\"target\":[\"https:\\\/\\\/aconteceunovale.com.br\\\/portal\\\/?p=38253#respond\"]}]},{\"@type\":\"WebPage\",\"@id\":\"https:\\\/\\\/aconteceunovale.com.br\\\/portal\\\/?p=38253\",\"url\":\"https:\\\/\\\/aconteceunovale.com.br\\\/portal\\\/?p=38253\",\"name\":\"Atleta do Norte de Minas Gerais \u00e9 medalha de ouro nos Jogos Ol\u00edmpicos da Juventude - Aconteceu no Vale\",\"isPartOf\":{\"@id\":\"https:\\\/\\\/aconteceunovale.com.br\\\/portal\\\/#website\"},\"primaryImageOfPage\":{\"@id\":\"https:\\\/\\\/aconteceunovale.com.br\\\/portal\\\/?p=38253#primaryimage\"},\"image\":{\"@id\":\"https:\\\/\\\/aconteceunovale.com.br\\\/portal\\\/?p=38253#primaryimage\"},\"thumbnailUrl\":\"https:\\\/\\\/aconteceunovale.com.br\\\/portal\\\/wp-content\\\/uploads\\\/2014\\\/08\\\/norte_mineira_nanquin_14.jpg\",\"datePublished\":\"2014-08-26T20:43:03+00:00\",\"author\":{\"@id\":\"https:\\\/\\\/aconteceunovale.com.br\\\/portal\\\/#\\\/schema\\\/person\\\/633529146f2c94272bef50ac2953d589\"},\"breadcrumb\":{\"@id\":\"https:\\\/\\\/aconteceunovale.com.br\\\/portal\\\/?p=38253#breadcrumb\"},\"inLanguage\":\"pt-BR\",\"potentialAction\":[{\"@type\":\"ReadAction\",\"target\":[\"https:\\\/\\\/aconteceunovale.com.br\\\/portal\\\/?p=38253\"]}]},{\"@type\":\"ImageObject\",\"inLanguage\":\"pt-BR\",\"@id\":\"https:\\\/\\\/aconteceunovale.com.br\\\/portal\\\/?p=38253#primaryimage\",\"url\":\"https:\\\/\\\/aconteceunovale.com.br\\\/portal\\\/wp-content\\\/uploads\\\/2014\\\/08\\\/norte_mineira_nanquin_14.jpg\",\"contentUrl\":\"https:\\\/\\\/aconteceunovale.com.br\\\/portal\\\/wp-content\\\/uploads\\\/2014\\\/08\\\/norte_mineira_nanquin_14.jpg\",\"width\":667,\"height\":428},{\"@type\":\"BreadcrumbList\",\"@id\":\"https:\\\/\\\/aconteceunovale.com.br\\\/portal\\\/?p=38253#breadcrumb\",\"itemListElement\":[{\"@type\":\"ListItem\",\"position\":1,\"name\":\"In\u00edcio\",\"item\":\"https:\\\/\\\/aconteceunovale.com.br\\\/portal\\\/\"},{\"@type\":\"ListItem\",\"position\":2,\"name\":\"Atleta do Norte de Minas Gerais \u00e9 medalha de ouro nos Jogos Ol\u00edmpicos da Juventude\"}]},{\"@type\":\"WebSite\",\"@id\":\"https:\\\/\\\/aconteceunovale.com.br\\\/portal\\\/#website\",\"url\":\"https:\\\/\\\/aconteceunovale.com.br\\\/portal\\\/\",\"name\":\"Aconteceu no Vale\",\"description\":\"Portal de Not\u00edcias\",\"potentialAction\":[{\"@type\":\"SearchAction\",\"target\":{\"@type\":\"EntryPoint\",\"urlTemplate\":\"https:\\\/\\\/aconteceunovale.com.br\\\/portal\\\/?s={search_term_string}\"},\"query-input\":{\"@type\":\"PropertyValueSpecification\",\"valueRequired\":true,\"valueName\":\"search_term_string\"}}],\"inLanguage\":\"pt-BR\"},{\"@type\":\"Person\",\"@id\":\"https:\\\/\\\/aconteceunovale.com.br\\\/portal\\\/#\\\/schema\\\/person\\\/633529146f2c94272bef50ac2953d589\",\"name\":\"Aconteceu no Vale\",\"description\":\"Equipe de reportagem do Aconteceu no Vale, portal de not\u00edcias do Vale do Jequitinhonha, em Minas Gerais. Cobrimos as 51 cidades do Vale desde 2013. Sugest\u00f5es de pauta e pedidos de corre\u00e7\u00e3o: contato@aconteceunovale.com.br\",\"sameAs\":[\"http:\\\/\\\/www.aconteceunovale.com.br\"],\"url\":\"https:\\\/\\\/aconteceunovale.com.br\\\/portal\\\/?author=1\"}]}<\/script>\n<!-- \/ Yoast SEO plugin. -->","yoast_head_json":{"title":"Atleta do Norte de Minas Gerais \u00e9 medalha de ouro nos Jogos Ol\u00edmpicos da Juventude - Aconteceu no Vale","robots":{"index":"index","follow":"follow","max-snippet":"max-snippet:-1","max-image-preview":"max-image-preview:large","max-video-preview":"max-video-preview:-1"},"canonical":"https:\/\/aconteceunovale.com.br\/portal\/?p=38253","og_locale":"pt_BR","og_type":"article","og_title":"Atleta do Norte de Minas Gerais \u00e9 medalha de ouro nos Jogos Ol\u00edmpicos da Juventude - Aconteceu no Vale","og_description":"O Time Brasil conquistou mais duas medalhas no pen\u00faltimo dia de competi\u00e7\u00f5es dos Jogos Ol\u00edmpicos da Juventude Nanquim 2014. A dupla feminina de v\u00f4lei de praia formada por Duda Lisboa e Ana Patr\u00edcia conquistou a medalha de ouro, enquanto Marcus Vinicius D&#8217;Almeida foi prata no tiro com arco, nesta ter\u00e7a-feira, dia 26. Com essas conquistas, [&hellip;]","og_url":"https:\/\/aconteceunovale.com.br\/portal\/?p=38253","og_site_name":"Aconteceu no Vale","article_publisher":"https:\/\/www.facebook.com\/aconteceunovale\/","article_published_time":"2014-08-26T20:43:03+00:00","og_image":[{"width":667,"height":428,"url":"https:\/\/aconteceunovale.com.br\/portal\/wp-content\/uploads\/2014\/08\/norte_mineira_nanquin_14.jpg","type":"image\/jpeg"}],"author":"Aconteceu no Vale","twitter_card":"summary_large_image","twitter_creator":"@noticiadosvales","twitter_site":"@noticiadosvales","twitter_misc":{"Escrito por":"Aconteceu no Vale","Est. tempo de leitura":"4 minutos"},"schema":{"@context":"https:\/\/schema.org","@graph":[{"@type":"Article","@id":"https:\/\/aconteceunovale.com.br\/portal\/?p=38253#article","isPartOf":{"@id":"https:\/\/aconteceunovale.com.br\/portal\/?p=38253"},"author":{"name":"Aconteceu no Vale","@id":"https:\/\/aconteceunovale.com.br\/portal\/#\/schema\/person\/633529146f2c94272bef50ac2953d589"},"headline":"Atleta do Norte de Minas Gerais \u00e9 medalha de ouro nos Jogos Ol\u00edmpicos da Juventude","datePublished":"2014-08-26T20:43:03+00:00","mainEntityOfPage":{"@id":"https:\/\/aconteceunovale.com.br\/portal\/?p=38253"},"wordCount":884,"commentCount":0,"image":{"@id":"https:\/\/aconteceunovale.com.br\/portal\/?p=38253#primaryimage"},"thumbnailUrl":"https:\/\/aconteceunovale.com.br\/portal\/wp-content\/uploads\/2014\/08\/norte_mineira_nanquin_14.jpg","keywords":["Atleta do Norte de Minas Gerais \u00e9 medalha de ouro nos Jogos Ol\u00edmpicos da Juventude","destaque","espinosa","Jogos Ol\u00edmpicos da Juventude","Jogos Ol\u00edmpicos da Juventude Nanquim 2014","Marcus Vinicius D'Almeida","Megan McNamara","Nanquim 2014","Nicole McNamara"],"articleSection":["Esportes"],"inLanguage":"pt-BR","potentialAction":[{"@type":"CommentAction","name":"Comment","target":["https:\/\/aconteceunovale.com.br\/portal\/?p=38253#respond"]}]},{"@type":"WebPage","@id":"https:\/\/aconteceunovale.com.br\/portal\/?p=38253","url":"https:\/\/aconteceunovale.com.br\/portal\/?p=38253","name":"Atleta do Norte de Minas Gerais \u00e9 medalha de ouro nos Jogos Ol\u00edmpicos da Juventude - Aconteceu no Vale","isPartOf":{"@id":"https:\/\/aconteceunovale.com.br\/portal\/#website"},"primaryImageOfPage":{"@id":"https:\/\/aconteceunovale.com.br\/portal\/?p=38253#primaryimage"},"image":{"@id":"https:\/\/aconteceunovale.com.br\/portal\/?p=38253#primaryimage"},"thumbnailUrl":"https:\/\/aconteceunovale.com.br\/portal\/wp-content\/uploads\/2014\/08\/norte_mineira_nanquin_14.jpg","datePublished":"2014-08-26T20:43:03+00:00","author":{"@id":"https:\/\/aconteceunovale.com.br\/portal\/#\/schema\/person\/633529146f2c94272bef50ac2953d589"},"breadcrumb":{"@id":"https:\/\/aconteceunovale.com.br\/portal\/?p=38253#breadcrumb"},"inLanguage":"pt-BR","potentialAction":[{"@type":"ReadAction","target":["https:\/\/aconteceunovale.com.br\/portal\/?p=38253"]}]},{"@type":"ImageObject","inLanguage":"pt-BR","@id":"https:\/\/aconteceunovale.com.br\/portal\/?p=38253#primaryimage","url":"https:\/\/aconteceunovale.com.br\/portal\/wp-content\/uploads\/2014\/08\/norte_mineira_nanquin_14.jpg","contentUrl":"https:\/\/aconteceunovale.com.br\/portal\/wp-content\/uploads\/2014\/08\/norte_mineira_nanquin_14.jpg","width":667,"height":428},{"@type":"BreadcrumbList","@id":"https:\/\/aconteceunovale.com.br\/portal\/?p=38253#breadcrumb","itemListElement":[{"@type":"ListItem","position":1,"name":"In\u00edcio","item":"https:\/\/aconteceunovale.com.br\/portal\/"},{"@type":"ListItem","position":2,"name":"Atleta do Norte de Minas Gerais \u00e9 medalha de ouro nos Jogos Ol\u00edmpicos da Juventude"}]},{"@type":"WebSite","@id":"https:\/\/aconteceunovale.com.br\/portal\/#website","url":"https:\/\/aconteceunovale.com.br\/portal\/","name":"Aconteceu no Vale","description":"Portal de Not\u00edcias","potentialAction":[{"@type":"SearchAction","target":{"@type":"EntryPoint","urlTemplate":"https:\/\/aconteceunovale.com.br\/portal\/?s={search_term_string}"},"query-input":{"@type":"PropertyValueSpecification","valueRequired":true,"valueName":"search_term_string"}}],"inLanguage":"pt-BR"},{"@type":"Person","@id":"https:\/\/aconteceunovale.com.br\/portal\/#\/schema\/person\/633529146f2c94272bef50ac2953d589","name":"Aconteceu no Vale","description":"Equipe de reportagem do Aconteceu no Vale, portal de not\u00edcias do Vale do Jequitinhonha, em Minas Gerais. Cobrimos as 51 cidades do Vale desde 2013. Sugest\u00f5es de pauta e pedidos de corre\u00e7\u00e3o: contato@aconteceunovale.com.br","sameAs":["http:\/\/www.aconteceunovale.com.br"],"url":"https:\/\/aconteceunovale.com.br\/portal\/?author=1"}]}},"_links":{"self":[{"href":"https:\/\/aconteceunovale.com.br\/portal\/index.php?rest_route=\/wp\/v2\/posts\/38253","targetHints":{"allow":["GET"]}}],"collection":[{"href":"https:\/\/aconteceunovale.com.br\/portal\/index.php?rest_route=\/wp\/v2\/posts"}],"about":[{"href":"https:\/\/aconteceunovale.com.br\/portal\/index.php?rest_route=\/wp\/v2\/types\/post"}],"author":[{"embeddable":true,"href":"https:\/\/aconteceunovale.com.br\/portal\/index.php?rest_route=\/wp\/v2\/users\/1"}],"replies":[{"embeddable":true,"href":"https:\/\/aconteceunovale.com.br\/portal\/index.php?rest_route=%2Fwp%2Fv2%2Fcomments&post=38253"}],"version-history":[{"count":0,"href":"https:\/\/aconteceunovale.com.br\/portal\/index.php?rest_route=\/wp\/v2\/posts\/38253\/revisions"}],"wp:featuredmedia":[{"embeddable":true,"href":"https:\/\/aconteceunovale.com.br\/portal\/index.php?rest_route=\/wp\/v2\/media\/38254"}],"wp:attachment":[{"href":"https:\/\/aconteceunovale.com.br\/portal\/index.php?rest_route=%2Fwp%2Fv2%2Fmedia&parent=38253"}],"wp:term":[{"taxonomy":"category","embeddable":true,"href":"https:\/\/aconteceunovale.com.br\/portal\/index.php?rest_route=%2Fwp%2Fv2%2Fcategories&post=38253"},{"taxonomy":"post_tag","embeddable":true,"href":"https:\/\/aconteceunovale.com.br\/portal\/index.php?rest_route=%2Fwp%2Fv2%2Ftags&post=38253"}],"curies":[{"name":"wp","href":"https:\/\/api.w.org\/{rel}","templated":true}]}}