{"id":38227,"date":"2014-08-26T13:38:03","date_gmt":"2014-08-26T16:38:03","guid":{"rendered":"http:\/\/aconteceunovale.com.br\/portal\/?p=38227"},"modified":"2014-08-26T13:38:03","modified_gmt":"2014-08-26T16:38:03","slug":"homem-e-preso-suspeito-de-estuprar-jovem-com-problemas-mentais-em-itambacuri","status":"publish","type":"post","link":"https:\/\/aconteceunovale.com.br\/portal\/?p=38227","title":{"rendered":"Homem \u00e9 preso suspeito de estuprar jovem com problemas mentais em Itambacuri"},"content":{"rendered":"<h4><em><strong>V\u00edtima contou que estava em casa assistindo filme, quando foi levado para um quarto e teve a roupa retirada. Suspeito, de 38 anos, foi localizado e preso<\/strong><\/em><\/h4>\n<p>Um jovem de 19 anos, com problemas mentais, afirma ter sido estuprado, nessa segunda-feira (25), dentro de casa, em Itambacuri, na regi\u00e3o do Vale do Rio Doce. Um suspeito foi preso.<\/p>\n<p>A m\u00e3e de cria\u00e7\u00e3o do rapaz denunciou o crime \u00e0 Pol\u00edcia Militar (PM). Ela contou que teria sa\u00eddo de casa para ir visitar uma cunhada, que mora em uma resid\u00eancia pr\u00f3xima, e que quando voltou para casa, na rua \u00c1urea Machado Nascimento, no bairro V\u00e1rzea, o filho contou a ela que teria sido estuprado.<\/p>\n<p>\u00c0 PM, o jovem contou que estava assistindo um filme, quando A.A.C., 38, chegou e o levou para um quarto. L\u00e1, teria tirado a roupa da v\u00edtima e penetrado o seu \u00e2nus. O rapaz foi encaminhado para um hospital da cidade. A PM n\u00e3o soube explicar se suspeito e v\u00edtima se conheciam.<\/p>\n<p>Um rastreamento foi feito e o suspeito foi localizado, preso e encaminhado para uma delegacia em Te\u00f3filo Otoni, na mesma regi\u00e3o.   <\/p>\n<p>De acordo com a assessoria Pol\u00edcia Civil, n\u00e3o foi confirmada a materialidade do crime pelo auto de corpo de delito. Sendo assim, o suspeito foi ouvido e liberado. Agora, a delegacia de Itambacuri ir\u00e1 investigar o caso para verificar se houve ato libidinoso.<\/p>\n","protected":false},"excerpt":{"rendered":"<p>V\u00edtima contou que estava em casa assistindo filme, quando foi levado para um quarto e teve a roupa retirada. Suspeito, de 38 anos, foi localizado e preso Um jovem de 19 anos, com problemas mentais, afirma ter sido estuprado, nessa segunda-feira (25), dentro de casa, em Itambacuri, na regi\u00e3o do Vale do Rio Doce. Um [&hellip;]<\/p>\n","protected":false},"author":1,"featured_media":28427,"comment_status":"open","ping_status":"closed","sticky":false,"template":"","format":"standard","meta":{"amp_status":"","footnotes":""},"categories":[121],"tags":[14500,14501,14502,188,14499],"class_list":["post-38227","post","type-post","status-publish","format-standard","has-post-thumbnail","hentry","category-leste","tag-estupro-de-deficiente-mental-em-itambacuri","tag-homem-e-preso-suspeito-de-estuprar-deficiente-mental-em-itambacuri","tag-homem-e-preso-suspeito-de-estuprar-jovem-com-problemas-mentais-em-itambacuri","tag-itambacuri","tag-jovem-com-deficiencia-mental-e-estuprado-dentro-de-casa-em-itambacuri"],"yoast_head":"<!-- This site is optimized with the Yoast SEO plugin v28.3 - https:\/\/yoast.com\/product\/yoast-seo-wordpress\/ -->\n<title>Homem \u00e9 preso suspeito de estuprar jovem com problemas mentais em Itambacuri - Aconteceu no Vale<\/title>\n<meta name=\"robots\" content=\"index, follow, max-snippet:-1, max-image-preview:large, max-video-preview:-1\" \/>\n<link rel=\"canonical\" href=\"https:\/\/aconteceunovale.com.br\/portal\/?p=38227\" \/>\n<meta property=\"og:locale\" content=\"pt_BR\" \/>\n<meta property=\"og:type\" content=\"article\" \/>\n<meta property=\"og:title\" content=\"Homem \u00e9 preso suspeito de estuprar jovem com problemas mentais em Itambacuri - Aconteceu no Vale\" \/>\n<meta property=\"og:description\" content=\"V\u00edtima contou que estava em casa assistindo filme, quando foi levado para um quarto e teve a roupa retirada. Suspeito, de 38 anos, foi localizado e preso Um jovem de 19 anos, com problemas mentais, afirma ter sido estuprado, nessa segunda-feira (25), dentro de casa, em Itambacuri, na regi\u00e3o do Vale do Rio Doce. Um [&hellip;]\" \/>\n<meta property=\"og:url\" content=\"https:\/\/aconteceunovale.com.br\/portal\/?p=38227\" \/>\n<meta property=\"og:site_name\" content=\"Aconteceu no Vale\" \/>\n<meta property=\"article:publisher\" content=\"https:\/\/www.facebook.com\/aconteceunovale\/\" \/>\n<meta property=\"article:published_time\" content=\"2014-08-26T16:38:03+00:00\" \/>\n<meta property=\"og:image\" content=\"https:\/\/aconteceunovale.com.br\/portal\/wp-content\/uploads\/2014\/05\/traficante_preso_nc_09_05.jpg\" \/>\n\t<meta property=\"og:image:width\" content=\"600\" \/>\n\t<meta property=\"og:image:height\" content=\"450\" \/>\n\t<meta property=\"og:image:type\" content=\"image\/jpeg\" \/>\n<meta name=\"author\" content=\"Aconteceu no Vale\" \/>\n<meta name=\"twitter:card\" content=\"summary_large_image\" \/>\n<meta name=\"twitter:creator\" content=\"@noticiadosvales\" \/>\n<meta name=\"twitter:site\" content=\"@noticiadosvales\" \/>\n<meta name=\"twitter:label1\" content=\"Escrito por\" \/>\n\t<meta name=\"twitter:data1\" content=\"Aconteceu no Vale\" \/>\n\t<meta name=\"twitter:label2\" content=\"Est. tempo de leitura\" \/>\n\t<meta name=\"twitter:data2\" content=\"1 minuto\" \/>\n<script type=\"application\/ld+json\" class=\"yoast-schema-graph\">{\"@context\":\"https:\\\/\\\/schema.org\",\"@graph\":[{\"@type\":\"Article\",\"@id\":\"https:\\\/\\\/aconteceunovale.com.br\\\/portal\\\/?p=38227#article\",\"isPartOf\":{\"@id\":\"https:\\\/\\\/aconteceunovale.com.br\\\/portal\\\/?p=38227\"},\"author\":{\"name\":\"Aconteceu no Vale\",\"@id\":\"https:\\\/\\\/aconteceunovale.com.br\\\/portal\\\/#\\\/schema\\\/person\\\/633529146f2c94272bef50ac2953d589\"},\"headline\":\"Homem \u00e9 preso suspeito de estuprar jovem com problemas mentais em Itambacuri\",\"datePublished\":\"2014-08-26T16:38:03+00:00\",\"mainEntityOfPage\":{\"@id\":\"https:\\\/\\\/aconteceunovale.com.br\\\/portal\\\/?p=38227\"},\"wordCount\":251,\"commentCount\":0,\"image\":{\"@id\":\"https:\\\/\\\/aconteceunovale.com.br\\\/portal\\\/?p=38227#primaryimage\"},\"thumbnailUrl\":\"https:\\\/\\\/aconteceunovale.com.br\\\/portal\\\/wp-content\\\/uploads\\\/2014\\\/05\\\/traficante_preso_nc_09_05.jpg\",\"keywords\":[\"estupro de deficiente mental em itambacuri\",\"Homem \u00e9 preso suspeito de estuprar deficiente mental em Itambacuri\",\"Homem \u00e9 preso suspeito de estuprar jovem com problemas mentais em Itambacuri\",\"Itambacuri\",\"Jovem com defici\u00eancia mental \u00e9 estuprado dentro de casa em Itambacuri\"],\"articleSection\":[\"Leste de Minas\"],\"inLanguage\":\"pt-BR\",\"potentialAction\":[{\"@type\":\"CommentAction\",\"name\":\"Comment\",\"target\":[\"https:\\\/\\\/aconteceunovale.com.br\\\/portal\\\/?p=38227#respond\"]}]},{\"@type\":\"WebPage\",\"@id\":\"https:\\\/\\\/aconteceunovale.com.br\\\/portal\\\/?p=38227\",\"url\":\"https:\\\/\\\/aconteceunovale.com.br\\\/portal\\\/?p=38227\",\"name\":\"Homem \u00e9 preso suspeito de estuprar jovem com problemas mentais em Itambacuri - Aconteceu no Vale\",\"isPartOf\":{\"@id\":\"https:\\\/\\\/aconteceunovale.com.br\\\/portal\\\/#website\"},\"primaryImageOfPage\":{\"@id\":\"https:\\\/\\\/aconteceunovale.com.br\\\/portal\\\/?p=38227#primaryimage\"},\"image\":{\"@id\":\"https:\\\/\\\/aconteceunovale.com.br\\\/portal\\\/?p=38227#primaryimage\"},\"thumbnailUrl\":\"https:\\\/\\\/aconteceunovale.com.br\\\/portal\\\/wp-content\\\/uploads\\\/2014\\\/05\\\/traficante_preso_nc_09_05.jpg\",\"datePublished\":\"2014-08-26T16:38:03+00:00\",\"author\":{\"@id\":\"https:\\\/\\\/aconteceunovale.com.br\\\/portal\\\/#\\\/schema\\\/person\\\/633529146f2c94272bef50ac2953d589\"},\"breadcrumb\":{\"@id\":\"https:\\\/\\\/aconteceunovale.com.br\\\/portal\\\/?p=38227#breadcrumb\"},\"inLanguage\":\"pt-BR\",\"potentialAction\":[{\"@type\":\"ReadAction\",\"target\":[\"https:\\\/\\\/aconteceunovale.com.br\\\/portal\\\/?p=38227\"]}]},{\"@type\":\"ImageObject\",\"inLanguage\":\"pt-BR\",\"@id\":\"https:\\\/\\\/aconteceunovale.com.br\\\/portal\\\/?p=38227#primaryimage\",\"url\":\"https:\\\/\\\/aconteceunovale.com.br\\\/portal\\\/wp-content\\\/uploads\\\/2014\\\/05\\\/traficante_preso_nc_09_05.jpg\",\"contentUrl\":\"https:\\\/\\\/aconteceunovale.com.br\\\/portal\\\/wp-content\\\/uploads\\\/2014\\\/05\\\/traficante_preso_nc_09_05.jpg\",\"width\":600,\"height\":450},{\"@type\":\"BreadcrumbList\",\"@id\":\"https:\\\/\\\/aconteceunovale.com.br\\\/portal\\\/?p=38227#breadcrumb\",\"itemListElement\":[{\"@type\":\"ListItem\",\"position\":1,\"name\":\"In\u00edcio\",\"item\":\"https:\\\/\\\/aconteceunovale.com.br\\\/portal\\\/\"},{\"@type\":\"ListItem\",\"position\":2,\"name\":\"Homem \u00e9 preso suspeito de estuprar jovem com problemas mentais em Itambacuri\"}]},{\"@type\":\"WebSite\",\"@id\":\"https:\\\/\\\/aconteceunovale.com.br\\\/portal\\\/#website\",\"url\":\"https:\\\/\\\/aconteceunovale.com.br\\\/portal\\\/\",\"name\":\"Aconteceu no Vale\",\"description\":\"Portal de Not\u00edcias\",\"potentialAction\":[{\"@type\":\"SearchAction\",\"target\":{\"@type\":\"EntryPoint\",\"urlTemplate\":\"https:\\\/\\\/aconteceunovale.com.br\\\/portal\\\/?s={search_term_string}\"},\"query-input\":{\"@type\":\"PropertyValueSpecification\",\"valueRequired\":true,\"valueName\":\"search_term_string\"}}],\"inLanguage\":\"pt-BR\"},{\"@type\":\"Person\",\"@id\":\"https:\\\/\\\/aconteceunovale.com.br\\\/portal\\\/#\\\/schema\\\/person\\\/633529146f2c94272bef50ac2953d589\",\"name\":\"Aconteceu no Vale\",\"description\":\"Equipe de reportagem do Aconteceu no Vale, portal de not\u00edcias do Vale do Jequitinhonha, em Minas Gerais. Cobrimos as 51 cidades do Vale desde 2013. Sugest\u00f5es de pauta e pedidos de corre\u00e7\u00e3o: contato@aconteceunovale.com.br\",\"sameAs\":[\"http:\\\/\\\/www.aconteceunovale.com.br\"],\"url\":\"https:\\\/\\\/aconteceunovale.com.br\\\/portal\\\/?author=1\"}]}<\/script>\n<!-- \/ Yoast SEO plugin. -->","yoast_head_json":{"title":"Homem \u00e9 preso suspeito de estuprar jovem com problemas mentais em Itambacuri - Aconteceu no Vale","robots":{"index":"index","follow":"follow","max-snippet":"max-snippet:-1","max-image-preview":"max-image-preview:large","max-video-preview":"max-video-preview:-1"},"canonical":"https:\/\/aconteceunovale.com.br\/portal\/?p=38227","og_locale":"pt_BR","og_type":"article","og_title":"Homem \u00e9 preso suspeito de estuprar jovem com problemas mentais em Itambacuri - Aconteceu no Vale","og_description":"V\u00edtima contou que estava em casa assistindo filme, quando foi levado para um quarto e teve a roupa retirada. Suspeito, de 38 anos, foi localizado e preso Um jovem de 19 anos, com problemas mentais, afirma ter sido estuprado, nessa segunda-feira (25), dentro de casa, em Itambacuri, na regi\u00e3o do Vale do Rio Doce. Um [&hellip;]","og_url":"https:\/\/aconteceunovale.com.br\/portal\/?p=38227","og_site_name":"Aconteceu no Vale","article_publisher":"https:\/\/www.facebook.com\/aconteceunovale\/","article_published_time":"2014-08-26T16:38:03+00:00","og_image":[{"width":600,"height":450,"url":"https:\/\/aconteceunovale.com.br\/portal\/wp-content\/uploads\/2014\/05\/traficante_preso_nc_09_05.jpg","type":"image\/jpeg"}],"author":"Aconteceu no Vale","twitter_card":"summary_large_image","twitter_creator":"@noticiadosvales","twitter_site":"@noticiadosvales","twitter_misc":{"Escrito por":"Aconteceu no Vale","Est. tempo de leitura":"1 minuto"},"schema":{"@context":"https:\/\/schema.org","@graph":[{"@type":"Article","@id":"https:\/\/aconteceunovale.com.br\/portal\/?p=38227#article","isPartOf":{"@id":"https:\/\/aconteceunovale.com.br\/portal\/?p=38227"},"author":{"name":"Aconteceu no Vale","@id":"https:\/\/aconteceunovale.com.br\/portal\/#\/schema\/person\/633529146f2c94272bef50ac2953d589"},"headline":"Homem \u00e9 preso suspeito de estuprar jovem com problemas mentais em Itambacuri","datePublished":"2014-08-26T16:38:03+00:00","mainEntityOfPage":{"@id":"https:\/\/aconteceunovale.com.br\/portal\/?p=38227"},"wordCount":251,"commentCount":0,"image":{"@id":"https:\/\/aconteceunovale.com.br\/portal\/?p=38227#primaryimage"},"thumbnailUrl":"https:\/\/aconteceunovale.com.br\/portal\/wp-content\/uploads\/2014\/05\/traficante_preso_nc_09_05.jpg","keywords":["estupro de deficiente mental em itambacuri","Homem \u00e9 preso suspeito de estuprar deficiente mental em Itambacuri","Homem \u00e9 preso suspeito de estuprar jovem com problemas mentais em Itambacuri","Itambacuri","Jovem com defici\u00eancia mental \u00e9 estuprado dentro de casa em Itambacuri"],"articleSection":["Leste de Minas"],"inLanguage":"pt-BR","potentialAction":[{"@type":"CommentAction","name":"Comment","target":["https:\/\/aconteceunovale.com.br\/portal\/?p=38227#respond"]}]},{"@type":"WebPage","@id":"https:\/\/aconteceunovale.com.br\/portal\/?p=38227","url":"https:\/\/aconteceunovale.com.br\/portal\/?p=38227","name":"Homem \u00e9 preso suspeito de estuprar jovem com problemas mentais em Itambacuri - Aconteceu no Vale","isPartOf":{"@id":"https:\/\/aconteceunovale.com.br\/portal\/#website"},"primaryImageOfPage":{"@id":"https:\/\/aconteceunovale.com.br\/portal\/?p=38227#primaryimage"},"image":{"@id":"https:\/\/aconteceunovale.com.br\/portal\/?p=38227#primaryimage"},"thumbnailUrl":"https:\/\/aconteceunovale.com.br\/portal\/wp-content\/uploads\/2014\/05\/traficante_preso_nc_09_05.jpg","datePublished":"2014-08-26T16:38:03+00:00","author":{"@id":"https:\/\/aconteceunovale.com.br\/portal\/#\/schema\/person\/633529146f2c94272bef50ac2953d589"},"breadcrumb":{"@id":"https:\/\/aconteceunovale.com.br\/portal\/?p=38227#breadcrumb"},"inLanguage":"pt-BR","potentialAction":[{"@type":"ReadAction","target":["https:\/\/aconteceunovale.com.br\/portal\/?p=38227"]}]},{"@type":"ImageObject","inLanguage":"pt-BR","@id":"https:\/\/aconteceunovale.com.br\/portal\/?p=38227#primaryimage","url":"https:\/\/aconteceunovale.com.br\/portal\/wp-content\/uploads\/2014\/05\/traficante_preso_nc_09_05.jpg","contentUrl":"https:\/\/aconteceunovale.com.br\/portal\/wp-content\/uploads\/2014\/05\/traficante_preso_nc_09_05.jpg","width":600,"height":450},{"@type":"BreadcrumbList","@id":"https:\/\/aconteceunovale.com.br\/portal\/?p=38227#breadcrumb","itemListElement":[{"@type":"ListItem","position":1,"name":"In\u00edcio","item":"https:\/\/aconteceunovale.com.br\/portal\/"},{"@type":"ListItem","position":2,"name":"Homem \u00e9 preso suspeito de estuprar jovem com problemas mentais em Itambacuri"}]},{"@type":"WebSite","@id":"https:\/\/aconteceunovale.com.br\/portal\/#website","url":"https:\/\/aconteceunovale.com.br\/portal\/","name":"Aconteceu no Vale","description":"Portal de Not\u00edcias","potentialAction":[{"@type":"SearchAction","target":{"@type":"EntryPoint","urlTemplate":"https:\/\/aconteceunovale.com.br\/portal\/?s={search_term_string}"},"query-input":{"@type":"PropertyValueSpecification","valueRequired":true,"valueName":"search_term_string"}}],"inLanguage":"pt-BR"},{"@type":"Person","@id":"https:\/\/aconteceunovale.com.br\/portal\/#\/schema\/person\/633529146f2c94272bef50ac2953d589","name":"Aconteceu no Vale","description":"Equipe de reportagem do Aconteceu no Vale, portal de not\u00edcias do Vale do Jequitinhonha, em Minas Gerais. Cobrimos as 51 cidades do Vale desde 2013. Sugest\u00f5es de pauta e pedidos de corre\u00e7\u00e3o: contato@aconteceunovale.com.br","sameAs":["http:\/\/www.aconteceunovale.com.br"],"url":"https:\/\/aconteceunovale.com.br\/portal\/?author=1"}]}},"_links":{"self":[{"href":"https:\/\/aconteceunovale.com.br\/portal\/index.php?rest_route=\/wp\/v2\/posts\/38227","targetHints":{"allow":["GET"]}}],"collection":[{"href":"https:\/\/aconteceunovale.com.br\/portal\/index.php?rest_route=\/wp\/v2\/posts"}],"about":[{"href":"https:\/\/aconteceunovale.com.br\/portal\/index.php?rest_route=\/wp\/v2\/types\/post"}],"author":[{"embeddable":true,"href":"https:\/\/aconteceunovale.com.br\/portal\/index.php?rest_route=\/wp\/v2\/users\/1"}],"replies":[{"embeddable":true,"href":"https:\/\/aconteceunovale.com.br\/portal\/index.php?rest_route=%2Fwp%2Fv2%2Fcomments&post=38227"}],"version-history":[{"count":0,"href":"https:\/\/aconteceunovale.com.br\/portal\/index.php?rest_route=\/wp\/v2\/posts\/38227\/revisions"}],"wp:featuredmedia":[{"embeddable":true,"href":"https:\/\/aconteceunovale.com.br\/portal\/index.php?rest_route=\/wp\/v2\/media\/28427"}],"wp:attachment":[{"href":"https:\/\/aconteceunovale.com.br\/portal\/index.php?rest_route=%2Fwp%2Fv2%2Fmedia&parent=38227"}],"wp:term":[{"taxonomy":"category","embeddable":true,"href":"https:\/\/aconteceunovale.com.br\/portal\/index.php?rest_route=%2Fwp%2Fv2%2Fcategories&post=38227"},{"taxonomy":"post_tag","embeddable":true,"href":"https:\/\/aconteceunovale.com.br\/portal\/index.php?rest_route=%2Fwp%2Fv2%2Ftags&post=38227"}],"curies":[{"name":"wp","href":"https:\/\/api.w.org\/{rel}","templated":true}]}}