{"id":38219,"date":"2014-08-26T08:28:23","date_gmt":"2014-08-26T11:28:23","guid":{"rendered":"http:\/\/aconteceunovale.com.br\/portal\/?p=38219"},"modified":"2014-08-26T08:31:57","modified_gmt":"2014-08-26T11:31:57","slug":"operacao-do-ministerio-publico-pretende-garantir-a-desativacao-de-todos-os-lixoes-em-minas-gerais","status":"publish","type":"post","link":"https:\/\/aconteceunovale.com.br\/portal\/?p=38219","title":{"rendered":"Minist\u00e9rio P\u00fablico pretende garantir a desativa\u00e7\u00e3o de todos os lix\u00f5es em Minas Gerais"},"content":{"rendered":"<p>Uma for\u00e7a-tarefa do Minist\u00e9rio P\u00fablico Estadual (MPE) pretende garantir a imediata destina\u00e7\u00e3o dos res\u00edduos s\u00f3lidos para reciclagem, al\u00e9m da disposi\u00e7\u00e3o dos materiais n\u00e3o reaproveit\u00e1veis em aterros sanit\u00e1rios. A determina\u00e7\u00e3o \u00e9 de toler\u00e2ncia zero com os infratores que n\u00e3o derem tratamento adequado ao lixo, o que \u00e9 considerado crime ambiental.<\/p>\n<p>Equipe t\u00e9cnica do MPE e promotores de justi\u00e7a verificar\u00e3o as a\u00e7\u00f5es em cada comarca, para exigir o cumprimento da lei e eventual puni\u00e7\u00e3o dos respons\u00e1veis.<\/p>\n<p>Eles v\u00e3o identificar pr\u00e1ticas irregulares e responsabilizar os prefeitos que mantiverem lix\u00f5es e n\u00e3o implantarem os planos municipais de gerenciamento de res\u00edduos s\u00f3lidos.<\/p>\n<p><img decoding=\"async\" src=\"http:\/\/aconteceunovale.com.br\/portal\/wp-content\/uploads\/2014\/08\/lixoes_minas_zero.jpg\" alt=\"\" \/><em>Lixo de dois ter\u00e7os das cidades mineiras \u00e9 depositado em lix\u00f5es &#8211; Foto: Fl\u00e1vio Tavares\/ Hoje em Dia<\/em><br \/>\n<\/br><\/p>\n<p>Coordenador do Centro de Apoio Operacional das Promotorias de Meio Ambiente, o promotor Carlos Eduardo Ferreira Pinto defende a atua\u00e7\u00e3o rigorosa do MPE para que 264 lix\u00f5es e 280 aterros controlados no Estado sejam imediatamente paralisados e recuperados.<\/p>\n<p>\u201cN\u00e3o temos ferramentas legais que permitam a disposi\u00e7\u00e3o dos res\u00edduos s\u00f3lidos em lix\u00f5es. N\u00e3o existe alternativa para concess\u00e3o de prazos para uso do lix\u00e3o em confronto com a lei\u201d, disse.<\/p>\n<p>Ele acrescentou que aterro controlado \u00e9 fic\u00e7\u00e3o, n\u00e3o existe juridicamente. \u201c\u00c9 lix\u00e3o com fita e adere\u00e7o, faz um controle m\u00ednimo, inadequado\u201d. Segundo ele, os lix\u00f5es t\u00eam consequ\u00eancias perversas, mesmo para cidades menores, com a contamina\u00e7\u00e3o dos mananciais e dos len\u00e7\u00f3is subterr\u00e2neos, comprometendo o abastecimento de \u00e1gua para consumo humano.<\/p>\n<p>A Associa\u00e7\u00e3o Mineira de Munic\u00edpios informou que dois ter\u00e7os das cidades fazem o manejo inadequado do lixo e que 78% delas teriam de participar de cons\u00f3rcios intermunicipais para destina\u00e7\u00e3o final do lixo, por falta de capacidade para resolver sozinhas a quest\u00e3o legal.<\/p>\n<p>Respons\u00e1vel por autuar e multar os munic\u00edpios que t\u00eam lix\u00f5es, a Secretaria Estadual de Meio Ambiente, informou que os trabalhos de fiscaliza\u00e7\u00e3o ser\u00e3o feitos por 79 fiscais da Subsecretaria de Controle e Fiscaliza\u00e7\u00e3o Ambiental, com apoio de 1.200 policiais militares.<\/p>\n<p>\u201cA indica\u00e7\u00e3o de um Termo de Ajuste de Conduta com as prefeituras que ainda t\u00eam lix\u00f5es \u00e9 postura que o Minist\u00e9rio P\u00fablico n\u00e3o vai admitir. Desde 2001, com as delibera\u00e7\u00f5es normativas, os munic\u00edpios foram convocados para cumprir a lei\u201d, afirmou o promotor. \u201cSe n\u00e3o em 100% dos munic\u00edpios, na quase totalidade deles j\u00e1 existe atua\u00e7\u00e3o do MP no sentido de garantir a disposi\u00e7\u00e3o adequada\u201d.<\/p>\n<p>Segundo ele, muitas a\u00e7\u00f5es judiciais contra os prefeitos j\u00e1 foram feitas. \u201cNas promotorias existem a\u00e7\u00f5es antigas, algumas est\u00e3o paradas, dependem do Judici\u00e1rio. Nosso papel \u00e9 reduzido\u201d, disse.<\/p>\n<h4>Novo prazo<\/h4>\n<p>O promotor se diz pessimista com a tentativa no Congresso de dar mais prazo para o cumprimento da lei. Isso p\u00f5e em xeque o pr\u00f3prio Poder Legislativo. \u201cPor ser ano eleitoral, cresce a mobiliza\u00e7\u00e3o dos prefeitos para pressionar deputados e senadores, o que \u00e9 lament\u00e1vel\u201d.<\/p>\n<p>Por\u00e9m, mesmo que se prorrogue a data, isso n\u00e3o impede a atua\u00e7\u00e3o do MP. \u201cNenhuma lei pode autorizar dano ou degrada\u00e7\u00e3o ambiental\u201d.<\/p>\n<h4>Diretrizes para desativa\u00e7\u00e3o<\/h4>\n<p>O governo de Minas definiu diretrizes e procedimentos para atua\u00e7\u00e3o do Estado quanto ao fechamento dos lix\u00f5es e um cronograma para cumprimento da penalidade.<\/p>\n<p>Criado no \u00faltimo dia 21, o grupo de trabalho \u00e9 formado por t\u00e9cnicos da Semad, Feam, Secretaria de Desenvolvimento Regional, Pol\u00edtica Urbana e Gest\u00e3o Metropolitana , Minist\u00e9rio P\u00fablico e Associa\u00e7\u00e3o Mineira de Munic\u00edpios.<\/p>\n<p>O grupo ter\u00e1 prazo de 180 dias, prorrog\u00e1vel por uma \u00fanica vez, para apresentar resultados. A primeira reuni\u00e3o est\u00e1 prevista para a pr\u00f3xima semana.<\/p>\n<p><strong>(Hoje em Dia)<\/strong><\/p>\n","protected":false},"excerpt":{"rendered":"<p>Uma for\u00e7a-tarefa do Minist\u00e9rio P\u00fablico Estadual (MPE) pretende garantir a imediata destina\u00e7\u00e3o dos res\u00edduos s\u00f3lidos para reciclagem, al\u00e9m da disposi\u00e7\u00e3o dos materiais n\u00e3o reaproveit\u00e1veis em aterros sanit\u00e1rios. A determina\u00e7\u00e3o \u00e9 de toler\u00e2ncia zero com os infratores que n\u00e3o derem tratamento adequado ao lixo, o que \u00e9 considerado crime ambiental. Equipe t\u00e9cnica do MPE e promotores [&hellip;]<\/p>\n","protected":false},"author":1,"featured_media":38220,"comment_status":"open","ping_status":"closed","sticky":false,"template":"","format":"standard","meta":{"amp_status":"","footnotes":""},"categories":[123],"tags":[14496,1018,14495,14497,14494],"class_list":["post-38219","post","type-post","status-publish","format-standard","has-post-thumbnail","hentry","category-gerais","tag-depositos-de-lixo-irregulares","tag-destaque","tag-lixoes","tag-ministerio-publico-pretende-garantir-a-desativacao-de-todos-os-lixoes-em-minas-gerais","tag-operacao-do-ministerio-publico-pretende-garantir-a-desativacao-de-todos-os-lixoes-em-minas-gerais"],"yoast_head":"<!-- This site is optimized with the Yoast SEO plugin v28.3 - https:\/\/yoast.com\/product\/yoast-seo-wordpress\/ -->\n<title>Minist\u00e9rio P\u00fablico pretende garantir a desativa\u00e7\u00e3o de todos os lix\u00f5es em Minas Gerais - Aconteceu no Vale<\/title>\n<meta name=\"robots\" content=\"index, follow, max-snippet:-1, max-image-preview:large, max-video-preview:-1\" \/>\n<link rel=\"canonical\" href=\"https:\/\/aconteceunovale.com.br\/portal\/?p=38219\" \/>\n<meta property=\"og:locale\" content=\"pt_BR\" \/>\n<meta property=\"og:type\" content=\"article\" \/>\n<meta property=\"og:title\" content=\"Minist\u00e9rio P\u00fablico pretende garantir a desativa\u00e7\u00e3o de todos os lix\u00f5es em Minas Gerais - Aconteceu no Vale\" \/>\n<meta property=\"og:description\" content=\"Uma for\u00e7a-tarefa do Minist\u00e9rio P\u00fablico Estadual (MPE) pretende garantir a imediata destina\u00e7\u00e3o dos res\u00edduos s\u00f3lidos para reciclagem, al\u00e9m da disposi\u00e7\u00e3o dos materiais n\u00e3o reaproveit\u00e1veis em aterros sanit\u00e1rios. A determina\u00e7\u00e3o \u00e9 de toler\u00e2ncia zero com os infratores que n\u00e3o derem tratamento adequado ao lixo, o que \u00e9 considerado crime ambiental. Equipe t\u00e9cnica do MPE e promotores [&hellip;]\" \/>\n<meta property=\"og:url\" content=\"https:\/\/aconteceunovale.com.br\/portal\/?p=38219\" \/>\n<meta property=\"og:site_name\" content=\"Aconteceu no Vale\" \/>\n<meta property=\"article:publisher\" content=\"https:\/\/www.facebook.com\/aconteceunovale\/\" \/>\n<meta property=\"article:published_time\" content=\"2014-08-26T11:28:23+00:00\" \/>\n<meta property=\"article:modified_time\" content=\"2014-08-26T11:31:57+00:00\" \/>\n<meta property=\"og:image\" content=\"https:\/\/aconteceunovale.com.br\/portal\/wp-content\/uploads\/2014\/08\/lixoes_minas_zero.jpg\" \/>\n\t<meta property=\"og:image:width\" content=\"678\" \/>\n\t<meta property=\"og:image:height\" content=\"419\" \/>\n\t<meta property=\"og:image:type\" content=\"image\/jpeg\" \/>\n<meta name=\"author\" content=\"Aconteceu no Vale\" \/>\n<meta name=\"twitter:card\" content=\"summary_large_image\" \/>\n<meta name=\"twitter:creator\" content=\"@noticiadosvales\" \/>\n<meta name=\"twitter:site\" content=\"@noticiadosvales\" \/>\n<meta name=\"twitter:label1\" content=\"Escrito por\" \/>\n\t<meta name=\"twitter:data1\" content=\"Aconteceu no Vale\" \/>\n\t<meta name=\"twitter:label2\" content=\"Est. tempo de leitura\" \/>\n\t<meta name=\"twitter:data2\" content=\"3 minutos\" \/>\n<script type=\"application\/ld+json\" class=\"yoast-schema-graph\">{\"@context\":\"https:\\\/\\\/schema.org\",\"@graph\":[{\"@type\":\"Article\",\"@id\":\"https:\\\/\\\/aconteceunovale.com.br\\\/portal\\\/?p=38219#article\",\"isPartOf\":{\"@id\":\"https:\\\/\\\/aconteceunovale.com.br\\\/portal\\\/?p=38219\"},\"author\":{\"name\":\"Aconteceu no Vale\",\"@id\":\"https:\\\/\\\/aconteceunovale.com.br\\\/portal\\\/#\\\/schema\\\/person\\\/633529146f2c94272bef50ac2953d589\"},\"headline\":\"Minist\u00e9rio P\u00fablico pretende garantir a desativa\u00e7\u00e3o de todos os lix\u00f5es em Minas Gerais\",\"datePublished\":\"2014-08-26T11:28:23+00:00\",\"dateModified\":\"2014-08-26T11:31:57+00:00\",\"mainEntityOfPage\":{\"@id\":\"https:\\\/\\\/aconteceunovale.com.br\\\/portal\\\/?p=38219\"},\"wordCount\":659,\"commentCount\":0,\"image\":{\"@id\":\"https:\\\/\\\/aconteceunovale.com.br\\\/portal\\\/?p=38219#primaryimage\"},\"thumbnailUrl\":\"https:\\\/\\\/aconteceunovale.com.br\\\/portal\\\/wp-content\\\/uploads\\\/2014\\\/08\\\/lixoes_minas_zero.jpg\",\"keywords\":[\"dep\u00f3sitos de lixo irregulares\",\"destaque\",\"lix\u00f5es\",\"Minist\u00e9rio P\u00fablico pretende garantir a desativa\u00e7\u00e3o de todos os lix\u00f5es em Minas Gerais\",\"Opera\u00e7\u00e3o do Minist\u00e9rio P\u00fablico pretende garantir a desativa\u00e7\u00e3o de todos os lix\u00f5es em Minas Gerais\"],\"articleSection\":[\"Minas Gerais\"],\"inLanguage\":\"pt-BR\",\"potentialAction\":[{\"@type\":\"CommentAction\",\"name\":\"Comment\",\"target\":[\"https:\\\/\\\/aconteceunovale.com.br\\\/portal\\\/?p=38219#respond\"]}]},{\"@type\":\"WebPage\",\"@id\":\"https:\\\/\\\/aconteceunovale.com.br\\\/portal\\\/?p=38219\",\"url\":\"https:\\\/\\\/aconteceunovale.com.br\\\/portal\\\/?p=38219\",\"name\":\"Minist\u00e9rio P\u00fablico pretende garantir a desativa\u00e7\u00e3o de todos os lix\u00f5es em Minas Gerais - Aconteceu no Vale\",\"isPartOf\":{\"@id\":\"https:\\\/\\\/aconteceunovale.com.br\\\/portal\\\/#website\"},\"primaryImageOfPage\":{\"@id\":\"https:\\\/\\\/aconteceunovale.com.br\\\/portal\\\/?p=38219#primaryimage\"},\"image\":{\"@id\":\"https:\\\/\\\/aconteceunovale.com.br\\\/portal\\\/?p=38219#primaryimage\"},\"thumbnailUrl\":\"https:\\\/\\\/aconteceunovale.com.br\\\/portal\\\/wp-content\\\/uploads\\\/2014\\\/08\\\/lixoes_minas_zero.jpg\",\"datePublished\":\"2014-08-26T11:28:23+00:00\",\"dateModified\":\"2014-08-26T11:31:57+00:00\",\"author\":{\"@id\":\"https:\\\/\\\/aconteceunovale.com.br\\\/portal\\\/#\\\/schema\\\/person\\\/633529146f2c94272bef50ac2953d589\"},\"breadcrumb\":{\"@id\":\"https:\\\/\\\/aconteceunovale.com.br\\\/portal\\\/?p=38219#breadcrumb\"},\"inLanguage\":\"pt-BR\",\"potentialAction\":[{\"@type\":\"ReadAction\",\"target\":[\"https:\\\/\\\/aconteceunovale.com.br\\\/portal\\\/?p=38219\"]}]},{\"@type\":\"ImageObject\",\"inLanguage\":\"pt-BR\",\"@id\":\"https:\\\/\\\/aconteceunovale.com.br\\\/portal\\\/?p=38219#primaryimage\",\"url\":\"https:\\\/\\\/aconteceunovale.com.br\\\/portal\\\/wp-content\\\/uploads\\\/2014\\\/08\\\/lixoes_minas_zero.jpg\",\"contentUrl\":\"https:\\\/\\\/aconteceunovale.com.br\\\/portal\\\/wp-content\\\/uploads\\\/2014\\\/08\\\/lixoes_minas_zero.jpg\",\"width\":678,\"height\":419},{\"@type\":\"BreadcrumbList\",\"@id\":\"https:\\\/\\\/aconteceunovale.com.br\\\/portal\\\/?p=38219#breadcrumb\",\"itemListElement\":[{\"@type\":\"ListItem\",\"position\":1,\"name\":\"In\u00edcio\",\"item\":\"https:\\\/\\\/aconteceunovale.com.br\\\/portal\\\/\"},{\"@type\":\"ListItem\",\"position\":2,\"name\":\"Minist\u00e9rio P\u00fablico pretende garantir a desativa\u00e7\u00e3o de todos os lix\u00f5es em Minas Gerais\"}]},{\"@type\":\"WebSite\",\"@id\":\"https:\\\/\\\/aconteceunovale.com.br\\\/portal\\\/#website\",\"url\":\"https:\\\/\\\/aconteceunovale.com.br\\\/portal\\\/\",\"name\":\"Aconteceu no Vale\",\"description\":\"Portal de Not\u00edcias\",\"potentialAction\":[{\"@type\":\"SearchAction\",\"target\":{\"@type\":\"EntryPoint\",\"urlTemplate\":\"https:\\\/\\\/aconteceunovale.com.br\\\/portal\\\/?s={search_term_string}\"},\"query-input\":{\"@type\":\"PropertyValueSpecification\",\"valueRequired\":true,\"valueName\":\"search_term_string\"}}],\"inLanguage\":\"pt-BR\"},{\"@type\":\"Person\",\"@id\":\"https:\\\/\\\/aconteceunovale.com.br\\\/portal\\\/#\\\/schema\\\/person\\\/633529146f2c94272bef50ac2953d589\",\"name\":\"Aconteceu no Vale\",\"description\":\"Equipe de reportagem do Aconteceu no Vale, portal de not\u00edcias do Vale do Jequitinhonha, em Minas Gerais. Cobrimos as 51 cidades do Vale desde 2013. Sugest\u00f5es de pauta e pedidos de corre\u00e7\u00e3o: contato@aconteceunovale.com.br\",\"sameAs\":[\"http:\\\/\\\/www.aconteceunovale.com.br\"],\"url\":\"https:\\\/\\\/aconteceunovale.com.br\\\/portal\\\/?author=1\"}]}<\/script>\n<!-- \/ Yoast SEO plugin. -->","yoast_head_json":{"title":"Minist\u00e9rio P\u00fablico pretende garantir a desativa\u00e7\u00e3o de todos os lix\u00f5es em Minas Gerais - Aconteceu no Vale","robots":{"index":"index","follow":"follow","max-snippet":"max-snippet:-1","max-image-preview":"max-image-preview:large","max-video-preview":"max-video-preview:-1"},"canonical":"https:\/\/aconteceunovale.com.br\/portal\/?p=38219","og_locale":"pt_BR","og_type":"article","og_title":"Minist\u00e9rio P\u00fablico pretende garantir a desativa\u00e7\u00e3o de todos os lix\u00f5es em Minas Gerais - Aconteceu no Vale","og_description":"Uma for\u00e7a-tarefa do Minist\u00e9rio P\u00fablico Estadual (MPE) pretende garantir a imediata destina\u00e7\u00e3o dos res\u00edduos s\u00f3lidos para reciclagem, al\u00e9m da disposi\u00e7\u00e3o dos materiais n\u00e3o reaproveit\u00e1veis em aterros sanit\u00e1rios. A determina\u00e7\u00e3o \u00e9 de toler\u00e2ncia zero com os infratores que n\u00e3o derem tratamento adequado ao lixo, o que \u00e9 considerado crime ambiental. Equipe t\u00e9cnica do MPE e promotores [&hellip;]","og_url":"https:\/\/aconteceunovale.com.br\/portal\/?p=38219","og_site_name":"Aconteceu no Vale","article_publisher":"https:\/\/www.facebook.com\/aconteceunovale\/","article_published_time":"2014-08-26T11:28:23+00:00","article_modified_time":"2014-08-26T11:31:57+00:00","og_image":[{"width":678,"height":419,"url":"https:\/\/aconteceunovale.com.br\/portal\/wp-content\/uploads\/2014\/08\/lixoes_minas_zero.jpg","type":"image\/jpeg"}],"author":"Aconteceu no Vale","twitter_card":"summary_large_image","twitter_creator":"@noticiadosvales","twitter_site":"@noticiadosvales","twitter_misc":{"Escrito por":"Aconteceu no Vale","Est. tempo de leitura":"3 minutos"},"schema":{"@context":"https:\/\/schema.org","@graph":[{"@type":"Article","@id":"https:\/\/aconteceunovale.com.br\/portal\/?p=38219#article","isPartOf":{"@id":"https:\/\/aconteceunovale.com.br\/portal\/?p=38219"},"author":{"name":"Aconteceu no Vale","@id":"https:\/\/aconteceunovale.com.br\/portal\/#\/schema\/person\/633529146f2c94272bef50ac2953d589"},"headline":"Minist\u00e9rio P\u00fablico pretende garantir a desativa\u00e7\u00e3o de todos os lix\u00f5es em Minas Gerais","datePublished":"2014-08-26T11:28:23+00:00","dateModified":"2014-08-26T11:31:57+00:00","mainEntityOfPage":{"@id":"https:\/\/aconteceunovale.com.br\/portal\/?p=38219"},"wordCount":659,"commentCount":0,"image":{"@id":"https:\/\/aconteceunovale.com.br\/portal\/?p=38219#primaryimage"},"thumbnailUrl":"https:\/\/aconteceunovale.com.br\/portal\/wp-content\/uploads\/2014\/08\/lixoes_minas_zero.jpg","keywords":["dep\u00f3sitos de lixo irregulares","destaque","lix\u00f5es","Minist\u00e9rio P\u00fablico pretende garantir a desativa\u00e7\u00e3o de todos os lix\u00f5es em Minas Gerais","Opera\u00e7\u00e3o do Minist\u00e9rio P\u00fablico pretende garantir a desativa\u00e7\u00e3o de todos os lix\u00f5es em Minas Gerais"],"articleSection":["Minas Gerais"],"inLanguage":"pt-BR","potentialAction":[{"@type":"CommentAction","name":"Comment","target":["https:\/\/aconteceunovale.com.br\/portal\/?p=38219#respond"]}]},{"@type":"WebPage","@id":"https:\/\/aconteceunovale.com.br\/portal\/?p=38219","url":"https:\/\/aconteceunovale.com.br\/portal\/?p=38219","name":"Minist\u00e9rio P\u00fablico pretende garantir a desativa\u00e7\u00e3o de todos os lix\u00f5es em Minas Gerais - Aconteceu no Vale","isPartOf":{"@id":"https:\/\/aconteceunovale.com.br\/portal\/#website"},"primaryImageOfPage":{"@id":"https:\/\/aconteceunovale.com.br\/portal\/?p=38219#primaryimage"},"image":{"@id":"https:\/\/aconteceunovale.com.br\/portal\/?p=38219#primaryimage"},"thumbnailUrl":"https:\/\/aconteceunovale.com.br\/portal\/wp-content\/uploads\/2014\/08\/lixoes_minas_zero.jpg","datePublished":"2014-08-26T11:28:23+00:00","dateModified":"2014-08-26T11:31:57+00:00","author":{"@id":"https:\/\/aconteceunovale.com.br\/portal\/#\/schema\/person\/633529146f2c94272bef50ac2953d589"},"breadcrumb":{"@id":"https:\/\/aconteceunovale.com.br\/portal\/?p=38219#breadcrumb"},"inLanguage":"pt-BR","potentialAction":[{"@type":"ReadAction","target":["https:\/\/aconteceunovale.com.br\/portal\/?p=38219"]}]},{"@type":"ImageObject","inLanguage":"pt-BR","@id":"https:\/\/aconteceunovale.com.br\/portal\/?p=38219#primaryimage","url":"https:\/\/aconteceunovale.com.br\/portal\/wp-content\/uploads\/2014\/08\/lixoes_minas_zero.jpg","contentUrl":"https:\/\/aconteceunovale.com.br\/portal\/wp-content\/uploads\/2014\/08\/lixoes_minas_zero.jpg","width":678,"height":419},{"@type":"BreadcrumbList","@id":"https:\/\/aconteceunovale.com.br\/portal\/?p=38219#breadcrumb","itemListElement":[{"@type":"ListItem","position":1,"name":"In\u00edcio","item":"https:\/\/aconteceunovale.com.br\/portal\/"},{"@type":"ListItem","position":2,"name":"Minist\u00e9rio P\u00fablico pretende garantir a desativa\u00e7\u00e3o de todos os lix\u00f5es em Minas Gerais"}]},{"@type":"WebSite","@id":"https:\/\/aconteceunovale.com.br\/portal\/#website","url":"https:\/\/aconteceunovale.com.br\/portal\/","name":"Aconteceu no Vale","description":"Portal de Not\u00edcias","potentialAction":[{"@type":"SearchAction","target":{"@type":"EntryPoint","urlTemplate":"https:\/\/aconteceunovale.com.br\/portal\/?s={search_term_string}"},"query-input":{"@type":"PropertyValueSpecification","valueRequired":true,"valueName":"search_term_string"}}],"inLanguage":"pt-BR"},{"@type":"Person","@id":"https:\/\/aconteceunovale.com.br\/portal\/#\/schema\/person\/633529146f2c94272bef50ac2953d589","name":"Aconteceu no Vale","description":"Equipe de reportagem do Aconteceu no Vale, portal de not\u00edcias do Vale do Jequitinhonha, em Minas Gerais. Cobrimos as 51 cidades do Vale desde 2013. Sugest\u00f5es de pauta e pedidos de corre\u00e7\u00e3o: contato@aconteceunovale.com.br","sameAs":["http:\/\/www.aconteceunovale.com.br"],"url":"https:\/\/aconteceunovale.com.br\/portal\/?author=1"}]}},"_links":{"self":[{"href":"https:\/\/aconteceunovale.com.br\/portal\/index.php?rest_route=\/wp\/v2\/posts\/38219","targetHints":{"allow":["GET"]}}],"collection":[{"href":"https:\/\/aconteceunovale.com.br\/portal\/index.php?rest_route=\/wp\/v2\/posts"}],"about":[{"href":"https:\/\/aconteceunovale.com.br\/portal\/index.php?rest_route=\/wp\/v2\/types\/post"}],"author":[{"embeddable":true,"href":"https:\/\/aconteceunovale.com.br\/portal\/index.php?rest_route=\/wp\/v2\/users\/1"}],"replies":[{"embeddable":true,"href":"https:\/\/aconteceunovale.com.br\/portal\/index.php?rest_route=%2Fwp%2Fv2%2Fcomments&post=38219"}],"version-history":[{"count":0,"href":"https:\/\/aconteceunovale.com.br\/portal\/index.php?rest_route=\/wp\/v2\/posts\/38219\/revisions"}],"wp:featuredmedia":[{"embeddable":true,"href":"https:\/\/aconteceunovale.com.br\/portal\/index.php?rest_route=\/wp\/v2\/media\/38220"}],"wp:attachment":[{"href":"https:\/\/aconteceunovale.com.br\/portal\/index.php?rest_route=%2Fwp%2Fv2%2Fmedia&parent=38219"}],"wp:term":[{"taxonomy":"category","embeddable":true,"href":"https:\/\/aconteceunovale.com.br\/portal\/index.php?rest_route=%2Fwp%2Fv2%2Fcategories&post=38219"},{"taxonomy":"post_tag","embeddable":true,"href":"https:\/\/aconteceunovale.com.br\/portal\/index.php?rest_route=%2Fwp%2Fv2%2Ftags&post=38219"}],"curies":[{"name":"wp","href":"https:\/\/api.w.org\/{rel}","templated":true}]}}