{"id":38201,"date":"2014-08-25T22:31:22","date_gmt":"2014-08-26T01:31:22","guid":{"rendered":"http:\/\/aconteceunovale.com.br\/portal\/?p=38201"},"modified":"2014-08-25T22:31:22","modified_gmt":"2014-08-26T01:31:22","slug":"google-tera-que-esclarecer-sobre-propaganda-negativa-contra-candidato-ao-governo-de-minas","status":"publish","type":"post","link":"https:\/\/aconteceunovale.com.br\/portal\/?p=38201","title":{"rendered":"Google ter\u00e1 que esclarecer sobre propaganda negativa contra candidato ao governo de Minas"},"content":{"rendered":"<p>O juiz Virg\u00edlio Barreto, do TRE, determinou, em liminar concedida nesse domingo (24), que a empresa Google Brasil Internet esclare\u00e7a, no prazo de 15 dias, se h\u00e1 algum tipo de pagamento pelos servi\u00e7os de veicula\u00e7\u00e3o do conte\u00fado com propaganda eleitoral negativa contra o candidato ao Governo de Minas Fernando Pimentel (PT).<\/p>\n<p>A a\u00e7\u00e3o cautelar foi apresentada pela coliga\u00e7\u00e3o \u201cMinas Pra Voc\u00ea\u201d (PT \/ PMDB \/ PCdoB \/ PROS \/ PRB) com a informa\u00e7\u00e3o de que, por meio de servi\u00e7o de an\u00fancio do Youtube, est\u00e1 sendo divulgado v\u00eddeo de conte\u00fado eleitoral pago. De acordo com o processo, para assistir a determinados v\u00eddeos no site \u00e9 necess\u00e1rio ver antes a um an\u00fancio pago, publicado por anunciante com o codinome &#8220;Coala Mineiro&#8221;, sem identifica\u00e7\u00e3o.<\/p>\n<p>Na decis\u00e3o, o magistrado salienta que a legisla\u00e7\u00e3o eleitoral pro\u00edbe qualquer tipo de veicula\u00e7\u00e3o de propaganda eleitoral paga na internet, sob pena de viola\u00e7\u00e3o ao art. 21 da Resolu\u00e7\u00e3o TSE n\u00b0 21.404\/2014. Ele determina ainda que, em caso de pagamento pelos servi\u00e7os de veicula\u00e7\u00e3o do conte\u00fado, a empresa suspenda a exibi\u00e7\u00e3o e forne\u00e7a dados suficientes \u00e0 identifica\u00e7\u00e3o do respons\u00e1vel &#8220;Coala Mineiro&#8221;. <em>(TRE\/MG)<\/em><\/p>\n","protected":false},"excerpt":{"rendered":"<p>O juiz Virg\u00edlio Barreto, do TRE, determinou, em liminar concedida nesse domingo (24), que a empresa Google Brasil Internet esclare\u00e7a, no prazo de 15 dias, se h\u00e1 algum tipo de pagamento pelos servi\u00e7os de veicula\u00e7\u00e3o do conte\u00fado com propaganda eleitoral negativa contra o candidato ao Governo de Minas Fernando Pimentel (PT). A a\u00e7\u00e3o cautelar foi [&hellip;]<\/p>\n","protected":false},"author":1,"featured_media":32754,"comment_status":"open","ping_status":"closed","sticky":false,"template":"","format":"standard","meta":{"amp_status":"","footnotes":""},"categories":[123],"tags":[14485,12826,14484],"class_list":["post-38201","post","type-post","status-publish","format-standard","has-post-thumbnail","hentry","category-gerais","tag-coala-mineiro","tag-fernando-pimentel","tag-google-tera-que-esclarecer-sobre-propaganda-negativa-contra-candidato-ao-governo-de-minas"],"yoast_head":"<!-- This site is optimized with the Yoast SEO plugin v28.3 - https:\/\/yoast.com\/product\/yoast-seo-wordpress\/ -->\n<title>Google ter\u00e1 que esclarecer sobre propaganda negativa contra candidato ao governo de Minas - Aconteceu no Vale<\/title>\n<meta name=\"robots\" content=\"index, follow, max-snippet:-1, max-image-preview:large, max-video-preview:-1\" \/>\n<link rel=\"canonical\" href=\"https:\/\/aconteceunovale.com.br\/portal\/?p=38201\" \/>\n<meta property=\"og:locale\" content=\"pt_BR\" \/>\n<meta property=\"og:type\" content=\"article\" \/>\n<meta property=\"og:title\" content=\"Google ter\u00e1 que esclarecer sobre propaganda negativa contra candidato ao governo de Minas - Aconteceu no Vale\" \/>\n<meta property=\"og:description\" content=\"O juiz Virg\u00edlio Barreto, do TRE, determinou, em liminar concedida nesse domingo (24), que a empresa Google Brasil Internet esclare\u00e7a, no prazo de 15 dias, se h\u00e1 algum tipo de pagamento pelos servi\u00e7os de veicula\u00e7\u00e3o do conte\u00fado com propaganda eleitoral negativa contra o candidato ao Governo de Minas Fernando Pimentel (PT). A a\u00e7\u00e3o cautelar foi [&hellip;]\" \/>\n<meta property=\"og:url\" content=\"https:\/\/aconteceunovale.com.br\/portal\/?p=38201\" \/>\n<meta property=\"og:site_name\" content=\"Aconteceu no Vale\" \/>\n<meta property=\"article:publisher\" content=\"https:\/\/www.facebook.com\/aconteceunovale\/\" \/>\n<meta property=\"article:published_time\" content=\"2014-08-26T01:31:22+00:00\" \/>\n<meta property=\"og:image\" content=\"https:\/\/aconteceunovale.com.br\/portal\/wp-content\/uploads\/2014\/06\/eleicoes_14.jpg\" \/>\n\t<meta property=\"og:image:width\" content=\"411\" \/>\n\t<meta property=\"og:image:height\" content=\"263\" \/>\n\t<meta property=\"og:image:type\" content=\"image\/jpeg\" \/>\n<meta name=\"author\" content=\"Aconteceu no Vale\" \/>\n<meta name=\"twitter:card\" content=\"summary_large_image\" \/>\n<meta name=\"twitter:creator\" content=\"@noticiadosvales\" \/>\n<meta name=\"twitter:site\" content=\"@noticiadosvales\" \/>\n<meta name=\"twitter:label1\" content=\"Escrito por\" \/>\n\t<meta name=\"twitter:data1\" content=\"Aconteceu no Vale\" \/>\n\t<meta name=\"twitter:label2\" content=\"Est. tempo de leitura\" \/>\n\t<meta name=\"twitter:data2\" content=\"1 minuto\" \/>\n<script type=\"application\/ld+json\" class=\"yoast-schema-graph\">{\"@context\":\"https:\\\/\\\/schema.org\",\"@graph\":[{\"@type\":\"Article\",\"@id\":\"https:\\\/\\\/aconteceunovale.com.br\\\/portal\\\/?p=38201#article\",\"isPartOf\":{\"@id\":\"https:\\\/\\\/aconteceunovale.com.br\\\/portal\\\/?p=38201\"},\"author\":{\"name\":\"Aconteceu no Vale\",\"@id\":\"https:\\\/\\\/aconteceunovale.com.br\\\/portal\\\/#\\\/schema\\\/person\\\/633529146f2c94272bef50ac2953d589\"},\"headline\":\"Google ter\u00e1 que esclarecer sobre propaganda negativa contra candidato ao governo de Minas\",\"datePublished\":\"2014-08-26T01:31:22+00:00\",\"mainEntityOfPage\":{\"@id\":\"https:\\\/\\\/aconteceunovale.com.br\\\/portal\\\/?p=38201\"},\"wordCount\":216,\"commentCount\":0,\"image\":{\"@id\":\"https:\\\/\\\/aconteceunovale.com.br\\\/portal\\\/?p=38201#primaryimage\"},\"thumbnailUrl\":\"https:\\\/\\\/aconteceunovale.com.br\\\/portal\\\/wp-content\\\/uploads\\\/2014\\\/06\\\/eleicoes_14.jpg\",\"keywords\":[\"Coala Mineiro\",\"Fernando Pimentel\",\"Google ter\u00e1 que esclarecer sobre propaganda negativa contra candidato ao governo de Minas\"],\"articleSection\":[\"Minas Gerais\"],\"inLanguage\":\"pt-BR\",\"potentialAction\":[{\"@type\":\"CommentAction\",\"name\":\"Comment\",\"target\":[\"https:\\\/\\\/aconteceunovale.com.br\\\/portal\\\/?p=38201#respond\"]}]},{\"@type\":\"WebPage\",\"@id\":\"https:\\\/\\\/aconteceunovale.com.br\\\/portal\\\/?p=38201\",\"url\":\"https:\\\/\\\/aconteceunovale.com.br\\\/portal\\\/?p=38201\",\"name\":\"Google ter\u00e1 que esclarecer sobre propaganda negativa contra candidato ao governo de Minas - Aconteceu no Vale\",\"isPartOf\":{\"@id\":\"https:\\\/\\\/aconteceunovale.com.br\\\/portal\\\/#website\"},\"primaryImageOfPage\":{\"@id\":\"https:\\\/\\\/aconteceunovale.com.br\\\/portal\\\/?p=38201#primaryimage\"},\"image\":{\"@id\":\"https:\\\/\\\/aconteceunovale.com.br\\\/portal\\\/?p=38201#primaryimage\"},\"thumbnailUrl\":\"https:\\\/\\\/aconteceunovale.com.br\\\/portal\\\/wp-content\\\/uploads\\\/2014\\\/06\\\/eleicoes_14.jpg\",\"datePublished\":\"2014-08-26T01:31:22+00:00\",\"author\":{\"@id\":\"https:\\\/\\\/aconteceunovale.com.br\\\/portal\\\/#\\\/schema\\\/person\\\/633529146f2c94272bef50ac2953d589\"},\"breadcrumb\":{\"@id\":\"https:\\\/\\\/aconteceunovale.com.br\\\/portal\\\/?p=38201#breadcrumb\"},\"inLanguage\":\"pt-BR\",\"potentialAction\":[{\"@type\":\"ReadAction\",\"target\":[\"https:\\\/\\\/aconteceunovale.com.br\\\/portal\\\/?p=38201\"]}]},{\"@type\":\"ImageObject\",\"inLanguage\":\"pt-BR\",\"@id\":\"https:\\\/\\\/aconteceunovale.com.br\\\/portal\\\/?p=38201#primaryimage\",\"url\":\"https:\\\/\\\/aconteceunovale.com.br\\\/portal\\\/wp-content\\\/uploads\\\/2014\\\/06\\\/eleicoes_14.jpg\",\"contentUrl\":\"https:\\\/\\\/aconteceunovale.com.br\\\/portal\\\/wp-content\\\/uploads\\\/2014\\\/06\\\/eleicoes_14.jpg\",\"width\":411,\"height\":263},{\"@type\":\"BreadcrumbList\",\"@id\":\"https:\\\/\\\/aconteceunovale.com.br\\\/portal\\\/?p=38201#breadcrumb\",\"itemListElement\":[{\"@type\":\"ListItem\",\"position\":1,\"name\":\"In\u00edcio\",\"item\":\"https:\\\/\\\/aconteceunovale.com.br\\\/portal\\\/\"},{\"@type\":\"ListItem\",\"position\":2,\"name\":\"Google ter\u00e1 que esclarecer sobre propaganda negativa contra candidato ao governo de Minas\"}]},{\"@type\":\"WebSite\",\"@id\":\"https:\\\/\\\/aconteceunovale.com.br\\\/portal\\\/#website\",\"url\":\"https:\\\/\\\/aconteceunovale.com.br\\\/portal\\\/\",\"name\":\"Aconteceu no Vale\",\"description\":\"Portal de Not\u00edcias\",\"potentialAction\":[{\"@type\":\"SearchAction\",\"target\":{\"@type\":\"EntryPoint\",\"urlTemplate\":\"https:\\\/\\\/aconteceunovale.com.br\\\/portal\\\/?s={search_term_string}\"},\"query-input\":{\"@type\":\"PropertyValueSpecification\",\"valueRequired\":true,\"valueName\":\"search_term_string\"}}],\"inLanguage\":\"pt-BR\"},{\"@type\":\"Person\",\"@id\":\"https:\\\/\\\/aconteceunovale.com.br\\\/portal\\\/#\\\/schema\\\/person\\\/633529146f2c94272bef50ac2953d589\",\"name\":\"Aconteceu no Vale\",\"description\":\"Equipe de reportagem do Aconteceu no Vale, portal de not\u00edcias do Vale do Jequitinhonha, em Minas Gerais. Cobrimos as 51 cidades do Vale desde 2013. Sugest\u00f5es de pauta e pedidos de corre\u00e7\u00e3o: contato@aconteceunovale.com.br\",\"sameAs\":[\"http:\\\/\\\/www.aconteceunovale.com.br\"],\"url\":\"https:\\\/\\\/aconteceunovale.com.br\\\/portal\\\/?author=1\"}]}<\/script>\n<!-- \/ Yoast SEO plugin. -->","yoast_head_json":{"title":"Google ter\u00e1 que esclarecer sobre propaganda negativa contra candidato ao governo de Minas - Aconteceu no Vale","robots":{"index":"index","follow":"follow","max-snippet":"max-snippet:-1","max-image-preview":"max-image-preview:large","max-video-preview":"max-video-preview:-1"},"canonical":"https:\/\/aconteceunovale.com.br\/portal\/?p=38201","og_locale":"pt_BR","og_type":"article","og_title":"Google ter\u00e1 que esclarecer sobre propaganda negativa contra candidato ao governo de Minas - Aconteceu no Vale","og_description":"O juiz Virg\u00edlio Barreto, do TRE, determinou, em liminar concedida nesse domingo (24), que a empresa Google Brasil Internet esclare\u00e7a, no prazo de 15 dias, se h\u00e1 algum tipo de pagamento pelos servi\u00e7os de veicula\u00e7\u00e3o do conte\u00fado com propaganda eleitoral negativa contra o candidato ao Governo de Minas Fernando Pimentel (PT). A a\u00e7\u00e3o cautelar foi [&hellip;]","og_url":"https:\/\/aconteceunovale.com.br\/portal\/?p=38201","og_site_name":"Aconteceu no Vale","article_publisher":"https:\/\/www.facebook.com\/aconteceunovale\/","article_published_time":"2014-08-26T01:31:22+00:00","og_image":[{"width":411,"height":263,"url":"https:\/\/aconteceunovale.com.br\/portal\/wp-content\/uploads\/2014\/06\/eleicoes_14.jpg","type":"image\/jpeg"}],"author":"Aconteceu no Vale","twitter_card":"summary_large_image","twitter_creator":"@noticiadosvales","twitter_site":"@noticiadosvales","twitter_misc":{"Escrito por":"Aconteceu no Vale","Est. tempo de leitura":"1 minuto"},"schema":{"@context":"https:\/\/schema.org","@graph":[{"@type":"Article","@id":"https:\/\/aconteceunovale.com.br\/portal\/?p=38201#article","isPartOf":{"@id":"https:\/\/aconteceunovale.com.br\/portal\/?p=38201"},"author":{"name":"Aconteceu no Vale","@id":"https:\/\/aconteceunovale.com.br\/portal\/#\/schema\/person\/633529146f2c94272bef50ac2953d589"},"headline":"Google ter\u00e1 que esclarecer sobre propaganda negativa contra candidato ao governo de Minas","datePublished":"2014-08-26T01:31:22+00:00","mainEntityOfPage":{"@id":"https:\/\/aconteceunovale.com.br\/portal\/?p=38201"},"wordCount":216,"commentCount":0,"image":{"@id":"https:\/\/aconteceunovale.com.br\/portal\/?p=38201#primaryimage"},"thumbnailUrl":"https:\/\/aconteceunovale.com.br\/portal\/wp-content\/uploads\/2014\/06\/eleicoes_14.jpg","keywords":["Coala Mineiro","Fernando Pimentel","Google ter\u00e1 que esclarecer sobre propaganda negativa contra candidato ao governo de Minas"],"articleSection":["Minas Gerais"],"inLanguage":"pt-BR","potentialAction":[{"@type":"CommentAction","name":"Comment","target":["https:\/\/aconteceunovale.com.br\/portal\/?p=38201#respond"]}]},{"@type":"WebPage","@id":"https:\/\/aconteceunovale.com.br\/portal\/?p=38201","url":"https:\/\/aconteceunovale.com.br\/portal\/?p=38201","name":"Google ter\u00e1 que esclarecer sobre propaganda negativa contra candidato ao governo de Minas - Aconteceu no Vale","isPartOf":{"@id":"https:\/\/aconteceunovale.com.br\/portal\/#website"},"primaryImageOfPage":{"@id":"https:\/\/aconteceunovale.com.br\/portal\/?p=38201#primaryimage"},"image":{"@id":"https:\/\/aconteceunovale.com.br\/portal\/?p=38201#primaryimage"},"thumbnailUrl":"https:\/\/aconteceunovale.com.br\/portal\/wp-content\/uploads\/2014\/06\/eleicoes_14.jpg","datePublished":"2014-08-26T01:31:22+00:00","author":{"@id":"https:\/\/aconteceunovale.com.br\/portal\/#\/schema\/person\/633529146f2c94272bef50ac2953d589"},"breadcrumb":{"@id":"https:\/\/aconteceunovale.com.br\/portal\/?p=38201#breadcrumb"},"inLanguage":"pt-BR","potentialAction":[{"@type":"ReadAction","target":["https:\/\/aconteceunovale.com.br\/portal\/?p=38201"]}]},{"@type":"ImageObject","inLanguage":"pt-BR","@id":"https:\/\/aconteceunovale.com.br\/portal\/?p=38201#primaryimage","url":"https:\/\/aconteceunovale.com.br\/portal\/wp-content\/uploads\/2014\/06\/eleicoes_14.jpg","contentUrl":"https:\/\/aconteceunovale.com.br\/portal\/wp-content\/uploads\/2014\/06\/eleicoes_14.jpg","width":411,"height":263},{"@type":"BreadcrumbList","@id":"https:\/\/aconteceunovale.com.br\/portal\/?p=38201#breadcrumb","itemListElement":[{"@type":"ListItem","position":1,"name":"In\u00edcio","item":"https:\/\/aconteceunovale.com.br\/portal\/"},{"@type":"ListItem","position":2,"name":"Google ter\u00e1 que esclarecer sobre propaganda negativa contra candidato ao governo de Minas"}]},{"@type":"WebSite","@id":"https:\/\/aconteceunovale.com.br\/portal\/#website","url":"https:\/\/aconteceunovale.com.br\/portal\/","name":"Aconteceu no Vale","description":"Portal de Not\u00edcias","potentialAction":[{"@type":"SearchAction","target":{"@type":"EntryPoint","urlTemplate":"https:\/\/aconteceunovale.com.br\/portal\/?s={search_term_string}"},"query-input":{"@type":"PropertyValueSpecification","valueRequired":true,"valueName":"search_term_string"}}],"inLanguage":"pt-BR"},{"@type":"Person","@id":"https:\/\/aconteceunovale.com.br\/portal\/#\/schema\/person\/633529146f2c94272bef50ac2953d589","name":"Aconteceu no Vale","description":"Equipe de reportagem do Aconteceu no Vale, portal de not\u00edcias do Vale do Jequitinhonha, em Minas Gerais. Cobrimos as 51 cidades do Vale desde 2013. Sugest\u00f5es de pauta e pedidos de corre\u00e7\u00e3o: contato@aconteceunovale.com.br","sameAs":["http:\/\/www.aconteceunovale.com.br"],"url":"https:\/\/aconteceunovale.com.br\/portal\/?author=1"}]}},"_links":{"self":[{"href":"https:\/\/aconteceunovale.com.br\/portal\/index.php?rest_route=\/wp\/v2\/posts\/38201","targetHints":{"allow":["GET"]}}],"collection":[{"href":"https:\/\/aconteceunovale.com.br\/portal\/index.php?rest_route=\/wp\/v2\/posts"}],"about":[{"href":"https:\/\/aconteceunovale.com.br\/portal\/index.php?rest_route=\/wp\/v2\/types\/post"}],"author":[{"embeddable":true,"href":"https:\/\/aconteceunovale.com.br\/portal\/index.php?rest_route=\/wp\/v2\/users\/1"}],"replies":[{"embeddable":true,"href":"https:\/\/aconteceunovale.com.br\/portal\/index.php?rest_route=%2Fwp%2Fv2%2Fcomments&post=38201"}],"version-history":[{"count":0,"href":"https:\/\/aconteceunovale.com.br\/portal\/index.php?rest_route=\/wp\/v2\/posts\/38201\/revisions"}],"wp:featuredmedia":[{"embeddable":true,"href":"https:\/\/aconteceunovale.com.br\/portal\/index.php?rest_route=\/wp\/v2\/media\/32754"}],"wp:attachment":[{"href":"https:\/\/aconteceunovale.com.br\/portal\/index.php?rest_route=%2Fwp%2Fv2%2Fmedia&parent=38201"}],"wp:term":[{"taxonomy":"category","embeddable":true,"href":"https:\/\/aconteceunovale.com.br\/portal\/index.php?rest_route=%2Fwp%2Fv2%2Fcategories&post=38201"},{"taxonomy":"post_tag","embeddable":true,"href":"https:\/\/aconteceunovale.com.br\/portal\/index.php?rest_route=%2Fwp%2Fv2%2Ftags&post=38201"}],"curies":[{"name":"wp","href":"https:\/\/api.w.org\/{rel}","templated":true}]}}