{"id":38193,"date":"2014-08-25T22:17:13","date_gmt":"2014-08-26T01:17:13","guid":{"rendered":"http:\/\/aconteceunovale.com.br\/portal\/?p=38193"},"modified":"2014-08-25T22:17:53","modified_gmt":"2014-08-26T01:17:53","slug":"ex-prefeito-de-cidade-mineira-e-condenado-por-incendio-que-matou-dois-adolescentes","status":"publish","type":"post","link":"https:\/\/aconteceunovale.com.br\/portal\/?p=38193","title":{"rendered":"Ex-prefeito de cidade mineira \u00e9 condenado por inc\u00eandio que matou dois adolescentes"},"content":{"rendered":"<p>[image src=&#8221;http:\/\/aconteceunovale.com.br\/portal\/wp-content\/uploads\/2014\/08\/anderson_adauto_uberaba.jpg&#8221; width=&#8221;253&#8243; height=&#8221;200&#8243; lightbox=&#8221;yes&#8221; align=&#8221;left&#8221; float=&#8221;left&#8221;]O Minist\u00e9rio P\u00fablico de Minas Gerais (MPMG), por meio da Promotoria de Justi\u00e7a de Defesa da Inf\u00e2ncia e da Juventude de Uberaba, no Tri\u00e2ngulo, moveu uma A\u00e7\u00e3o Civil P\u00fablica (ACP) contra o munic\u00edpio e contra o ent\u00e3o prefeito, Anderson Adauto, em raz\u00e3o de um inc\u00eandio no Centro de Atendimento e Reeduca\u00e7\u00e3o de Menores Infratores (Caresami) em julho de 2007, no qual morreram dois adolescentes.<\/p>\n<p>A pedido do MPMG, a Justi\u00e7a condenou o munic\u00edpio a providenciar todos os reparos necess\u00e1rios no Caresami, bem como elaborar e executar Plano de Preven\u00e7\u00e3o Contra Inc\u00eandio e P\u00e2nico (PPCIP). Segundo o promotor de Justi\u00e7a Andr\u00e9 Tuma Delbim Ferreira, o munic\u00edpio permaneceu inerte quanto a providenciar o Auto de Vistoria do Corpo de Bombeiros (AVCB), que somente foi emitido em setembro de 2010.<\/p>\n<p>Na mesma decis\u00e3o, o juiz Nilson de P\u00e1dua Ribeiro J\u00fanior reconheceu a improbidade administrativa cometida pelo ent\u00e3o prefeito de Uberaba, Anderson Adauto,condenando-o \u00e0 perda do cargo p\u00fablico, pagamento de multa no valor de uma remunera\u00e7\u00e3o a ser revertida ao Fumdicau, suspens\u00e3o dos direitos pol\u00edticos por tr\u00eas anos e proibi\u00e7\u00e3o de contratar com o poder p\u00fablico, tamb\u00e9m por tr\u00eas anos. (MPMG)<\/p>\n","protected":false},"excerpt":{"rendered":"<p>[image src=&#8221;http:\/\/aconteceunovale.com.br\/portal\/wp-content\/uploads\/2014\/08\/anderson_adauto_uberaba.jpg&#8221; width=&#8221;253&#8243; height=&#8221;200&#8243; lightbox=&#8221;yes&#8221; align=&#8221;left&#8221; float=&#8221;left&#8221;]O Minist\u00e9rio P\u00fablico de Minas Gerais (MPMG), por meio da Promotoria de Justi\u00e7a de Defesa da Inf\u00e2ncia e da Juventude de Uberaba, no Tri\u00e2ngulo, moveu uma A\u00e7\u00e3o Civil P\u00fablica (ACP) contra o munic\u00edpio e contra o ent\u00e3o prefeito, Anderson Adauto, em raz\u00e3o de um inc\u00eandio no Centro de Atendimento [&hellip;]<\/p>\n","protected":false},"author":1,"featured_media":38194,"comment_status":"open","ping_status":"closed","sticky":false,"template":"","format":"standard","meta":{"amp_status":"","footnotes":""},"categories":[123],"tags":[14480,14481,14482,220],"class_list":["post-38193","post","type-post","status-publish","format-standard","has-post-thumbnail","hentry","category-gerais","tag-anderson-adauto","tag-ex-prefeito-de-cidade-mineira-e-condenado-por-incendio-que-matou-dois-adolescentes","tag-ex-prefeito-de-uberaba-e-condenado-por-incendio-que-matou-dois-adolescentes","tag-uberaba"],"_links":{"self":[{"href":"https:\/\/aconteceunovale.com.br\/portal\/index.php?rest_route=\/wp\/v2\/posts\/38193","targetHints":{"allow":["GET"]}}],"collection":[{"href":"https:\/\/aconteceunovale.com.br\/portal\/index.php?rest_route=\/wp\/v2\/posts"}],"about":[{"href":"https:\/\/aconteceunovale.com.br\/portal\/index.php?rest_route=\/wp\/v2\/types\/post"}],"author":[{"embeddable":true,"href":"https:\/\/aconteceunovale.com.br\/portal\/index.php?rest_route=\/wp\/v2\/users\/1"}],"replies":[{"embeddable":true,"href":"https:\/\/aconteceunovale.com.br\/portal\/index.php?rest_route=%2Fwp%2Fv2%2Fcomments&post=38193"}],"version-history":[{"count":0,"href":"https:\/\/aconteceunovale.com.br\/portal\/index.php?rest_route=\/wp\/v2\/posts\/38193\/revisions"}],"wp:featuredmedia":[{"embeddable":true,"href":"https:\/\/aconteceunovale.com.br\/portal\/index.php?rest_route=\/wp\/v2\/media\/38194"}],"wp:attachment":[{"href":"https:\/\/aconteceunovale.com.br\/portal\/index.php?rest_route=%2Fwp%2Fv2%2Fmedia&parent=38193"}],"wp:term":[{"taxonomy":"category","embeddable":true,"href":"https:\/\/aconteceunovale.com.br\/portal\/index.php?rest_route=%2Fwp%2Fv2%2Fcategories&post=38193"},{"taxonomy":"post_tag","embeddable":true,"href":"https:\/\/aconteceunovale.com.br\/portal\/index.php?rest_route=%2Fwp%2Fv2%2Ftags&post=38193"}],"curies":[{"name":"wp","href":"https:\/\/api.w.org\/{rel}","templated":true}]}}