{"id":38180,"date":"2014-08-25T20:53:34","date_gmt":"2014-08-25T23:53:34","guid":{"rendered":"http:\/\/aconteceunovale.com.br\/portal\/?p=38180"},"modified":"2014-08-25T20:53:34","modified_gmt":"2014-08-25T23:53:34","slug":"policia-militar-executa-reintegracao-de-posse-de-imovel-em-sao-joao-do-paraiso","status":"publish","type":"post","link":"https:\/\/aconteceunovale.com.br\/portal\/?p=38180","title":{"rendered":"Pol\u00edcia Militar executa reintegra\u00e7\u00e3o de posse de im\u00f3vel em S\u00e3o Jo\u00e3o do Para\u00edso"},"content":{"rendered":"<p>Na tarde de ontem, dia 24 de agosto, uma equipe composta por 48 policiais militares, das Unidades da cidade de Taiobeiras, e da Companhia de Miss\u00f5es Especiais da cidade de Montes Claros, executaram de maneira pac\u00edfica a reintegra\u00e7\u00e3o de posse de um im\u00f3vel no centro da cidade de S\u00e3o Jo\u00e3o do Para\u00edso. O im\u00f3vel \u00e9 de propriedade da igreja cat\u00f3lica e estava invadido h\u00e1 quase 20 anos.<\/p>\n<p>Com a chegada dos policiais militares que tinham a miss\u00e3o de dar cobertura aos oficiais de justi\u00e7a para o fiel cumprimento da ordem judicial de desocupa\u00e7\u00e3o do im\u00f3vel pelos invasores, os moradores que estavam na casa o fizeram de maneira pac\u00edfica e tiveram seus pertences encaminhados para outra moradia. N\u00e3o houve resist\u00eancia, nem confronto.<\/p>\n<p>Imediatamente ap\u00f3s a sa\u00edda dos invasores, o im\u00f3vel foi demolido com a autoriza\u00e7\u00e3o do representante da igreja para evitar novas invas\u00f5es.<\/p>\n<p><img decoding=\"async\" src=\"http:\/\/aconteceunovale.com.br\/portal\/wp-content\/uploads\/2014\/08\/reintegracao_posse_sjp.jpg\" alt=\"\" \/><em>(Foto e informa\u00e7\u00f5es da Pol\u00edcia Militar de Taiobeiras)<\/em><\/p>\n","protected":false},"excerpt":{"rendered":"<p>Na tarde de ontem, dia 24 de agosto, uma equipe composta por 48 policiais militares, das Unidades da cidade de Taiobeiras, e da Companhia de Miss\u00f5es Especiais da cidade de Montes Claros, executaram de maneira pac\u00edfica a reintegra\u00e7\u00e3o de posse de um im\u00f3vel no centro da cidade de S\u00e3o Jo\u00e3o do Para\u00edso. O im\u00f3vel \u00e9 [&hellip;]<\/p>\n","protected":false},"author":1,"featured_media":38182,"comment_status":"open","ping_status":"closed","sticky":false,"template":"","format":"standard","meta":{"amp_status":"","footnotes":""},"categories":[1236],"tags":[14473,1403,419],"class_list":["post-38180","post","type-post","status-publish","format-standard","has-post-thumbnail","hentry","category-norte_de_minas","tag-policia-militar-executa-reintegracao-de-posse-de-imovel-em-sao-joao-do-paraiso","tag-sao-joao-do-paraiso","tag-taiobeiras"],"_links":{"self":[{"href":"https:\/\/aconteceunovale.com.br\/portal\/index.php?rest_route=\/wp\/v2\/posts\/38180","targetHints":{"allow":["GET"]}}],"collection":[{"href":"https:\/\/aconteceunovale.com.br\/portal\/index.php?rest_route=\/wp\/v2\/posts"}],"about":[{"href":"https:\/\/aconteceunovale.com.br\/portal\/index.php?rest_route=\/wp\/v2\/types\/post"}],"author":[{"embeddable":true,"href":"https:\/\/aconteceunovale.com.br\/portal\/index.php?rest_route=\/wp\/v2\/users\/1"}],"replies":[{"embeddable":true,"href":"https:\/\/aconteceunovale.com.br\/portal\/index.php?rest_route=%2Fwp%2Fv2%2Fcomments&post=38180"}],"version-history":[{"count":0,"href":"https:\/\/aconteceunovale.com.br\/portal\/index.php?rest_route=\/wp\/v2\/posts\/38180\/revisions"}],"wp:featuredmedia":[{"embeddable":true,"href":"https:\/\/aconteceunovale.com.br\/portal\/index.php?rest_route=\/wp\/v2\/media\/38182"}],"wp:attachment":[{"href":"https:\/\/aconteceunovale.com.br\/portal\/index.php?rest_route=%2Fwp%2Fv2%2Fmedia&parent=38180"}],"wp:term":[{"taxonomy":"category","embeddable":true,"href":"https:\/\/aconteceunovale.com.br\/portal\/index.php?rest_route=%2Fwp%2Fv2%2Fcategories&post=38180"},{"taxonomy":"post_tag","embeddable":true,"href":"https:\/\/aconteceunovale.com.br\/portal\/index.php?rest_route=%2Fwp%2Fv2%2Ftags&post=38180"}],"curies":[{"name":"wp","href":"https:\/\/api.w.org\/{rel}","templated":true}]}}