{"id":38176,"date":"2014-08-25T20:18:19","date_gmt":"2014-08-25T23:18:19","guid":{"rendered":"http:\/\/aconteceunovale.com.br\/portal\/?p=38176"},"modified":"2014-08-25T20:18:19","modified_gmt":"2014-08-25T23:18:19","slug":"idoso-de-93-anos-tenta-tomar-a-mulher-do-filho-de-73-e-e-agredido-a-pauladas-em-almenara","status":"publish","type":"post","link":"https:\/\/aconteceunovale.com.br\/portal\/?p=38176","title":{"rendered":"Idoso de 93 anos tenta tomar a mulher do filho de 73 e \u00e9 agredido a pauladas em Almenara"},"content":{"rendered":"<h4><strong><em>Ci\u00fame por causa de uma mulher provocou o desentendimento entre pai e filho. V\u00edtima foi hospitalizada com ferimentos graves na cabe\u00e7a.<\/em><\/strong><\/h4>\n<p>Um desentendimento por causa de uma mulher acabou provocando a briga entre um idoso de 73 anos e o seu pai de 93 anos na tarde deste domingo, 24 de agosto, no Bairro Adelita Torres, em Almenara, no Vale do Jequitinhonha.<\/p>\n<p>Vizinhos dos idosos perceberam a briga e acionaram a Pol\u00edcia Militar. Uma guarni\u00e7\u00e3o foi deslocada at\u00e9 a Rua Pedro Jos\u00e9 das Neves, onde militares depararam com o filho, J.F.F., com um peda\u00e7o de madeira nas m\u00e3os, uma testemunha tentando acalmar o agressor e a v\u00edtima, o pai, D.F.F., ca\u00eddo ao ch\u00e3o com um sangramento na cabe\u00e7a.<\/p>\n<p>De acordo com a Pol\u00edcia Militar, o agressor relatou que teria tentado matar o pai porque ele estava tentando tomar a sua amasia para ter um relacionamento amoroso. Enciumado ele teria pegado um peda\u00e7o de madeira e desferiu dois golpes na cabe\u00e7a de seu genitor.<\/p>\n<p>A mulher, que de acordo com uma testemunha mora em frente a casa dos envolvidos na ocorr\u00eancia, n\u00e3o foi localizada pela Pol\u00edcia Militar.<\/p>\n<p>A v\u00edtima foi socorrida pelo neto e levada para atendimento m\u00e9dico no Hospital Deraldo Guimar\u00e3es. O m\u00e9dico de plant\u00e3o constatou que a v\u00edtima sofreu traumatismo encef\u00e1lico, sendo um corte na orelha esquerda e incha\u00e7o na face. O idoso permaneceu na unidade de sa\u00fade em observa\u00e7\u00e3o.<\/p>\n<p>O autor das agress\u00f5es foi conduzido a Delegacia de Pol\u00edcia para demais provid\u00eancias.<\/p>\n","protected":false},"excerpt":{"rendered":"<p>Ci\u00fame por causa de uma mulher provocou o desentendimento entre pai e filho. V\u00edtima foi hospitalizada com ferimentos graves na cabe\u00e7a. Um desentendimento por causa de uma mulher acabou provocando a briga entre um idoso de 73 anos e o seu pai de 93 anos na tarde deste domingo, 24 de agosto, no Bairro Adelita [&hellip;]<\/p>\n","protected":false},"author":1,"featured_media":24380,"comment_status":"open","ping_status":"closed","sticky":false,"template":"","format":"standard","meta":{"amp_status":"","footnotes":""},"categories":[120],"tags":[142,14470,14468,14469],"class_list":["post-38176","post","type-post","status-publish","format-standard","has-post-thumbnail","hentry","category-jequi","tag-almenara","tag-durval-ferreira-de-freitas","tag-idoso-de-93-anos-tenta-tomar-a-mulher-do-filho-de-73-e-e-agredido-a-pauladas-em-almenara","tag-joel-ferreira-de-freitas"],"_links":{"self":[{"href":"https:\/\/aconteceunovale.com.br\/portal\/index.php?rest_route=\/wp\/v2\/posts\/38176","targetHints":{"allow":["GET"]}}],"collection":[{"href":"https:\/\/aconteceunovale.com.br\/portal\/index.php?rest_route=\/wp\/v2\/posts"}],"about":[{"href":"https:\/\/aconteceunovale.com.br\/portal\/index.php?rest_route=\/wp\/v2\/types\/post"}],"author":[{"embeddable":true,"href":"https:\/\/aconteceunovale.com.br\/portal\/index.php?rest_route=\/wp\/v2\/users\/1"}],"replies":[{"embeddable":true,"href":"https:\/\/aconteceunovale.com.br\/portal\/index.php?rest_route=%2Fwp%2Fv2%2Fcomments&post=38176"}],"version-history":[{"count":0,"href":"https:\/\/aconteceunovale.com.br\/portal\/index.php?rest_route=\/wp\/v2\/posts\/38176\/revisions"}],"wp:featuredmedia":[{"embeddable":true,"href":"https:\/\/aconteceunovale.com.br\/portal\/index.php?rest_route=\/wp\/v2\/media\/24380"}],"wp:attachment":[{"href":"https:\/\/aconteceunovale.com.br\/portal\/index.php?rest_route=%2Fwp%2Fv2%2Fmedia&parent=38176"}],"wp:term":[{"taxonomy":"category","embeddable":true,"href":"https:\/\/aconteceunovale.com.br\/portal\/index.php?rest_route=%2Fwp%2Fv2%2Fcategories&post=38176"},{"taxonomy":"post_tag","embeddable":true,"href":"https:\/\/aconteceunovale.com.br\/portal\/index.php?rest_route=%2Fwp%2Fv2%2Ftags&post=38176"}],"curies":[{"name":"wp","href":"https:\/\/api.w.org\/{rel}","templated":true}]}}