{"id":38168,"date":"2014-08-25T19:36:48","date_gmt":"2014-08-25T22:36:48","guid":{"rendered":"http:\/\/aconteceunovale.com.br\/portal\/?p=38168"},"modified":"2014-08-25T19:38:05","modified_gmt":"2014-08-25T22:38:05","slug":"governador-valadares-e-teofilo-otoni-promovem-atividades-para-pessoas-com-deficiencia","status":"publish","type":"post","link":"https:\/\/aconteceunovale.com.br\/portal\/?p=38168","title":{"rendered":"Governador Valadares e Te\u00f3filo Otoni promovem atividades para pessoas com defici\u00eancia"},"content":{"rendered":"<h4><strong><em>Cidades recebem programa\u00e7\u00e3o variada. Atividades seguem at\u00e9 esta sexta-feira, 29 de agosto.<\/em><\/strong><\/h4>\n<p>A Semana Nacional da Pessoa com Defici\u00eancia Intelectual e M\u00faltipla segue at\u00e9 o dia 29 de agosto com muitas atividades nas cidades de Governado Valadares, no Vale do Rio Doce, e em Te\u00f3filo Otoni, no Vale do Mucuri.<\/p>\n<p>Uma programa\u00e7\u00e3o variada foi planejada com diversas a\u00e7\u00f5es que englobam apresenta\u00e7\u00f5es, exposi\u00e7\u00f5es, gincanas, dias de lazer, entre outras atividades. A mobiliza\u00e7\u00e3o \u00e9 da Associa\u00e7\u00e3o de Pais e Amigos dos Excepcionais (APAE).<\/p>\n<h4>Governador Valadares<\/h4>\n<p>Em Governador Valadares, os alunos desenvolvem apresenta\u00e7\u00f5es art\u00edsticas e culturais. Em uma sala da APAE da cidade, est\u00e3o expostos produtos feitos pelos alunos, a maioria de materiais recicl\u00e1veis, como cestas de jornal. Os produtos s\u00e3o vendidos, mas o principal objetivo dos professores \u00e9 desenvolver a coordena\u00e7\u00e3o motora dos alunos.<\/p>\n<p>A produ\u00e7\u00e3o \u00e9 parte das atividades comemorativas que tamb\u00e9m inclui apresenta\u00e7\u00f5es de dan\u00e7a. A associa\u00e7\u00e3o tamb\u00e9m coloca em pr\u00e1tica projetos de inclus\u00e3o social, que integram os alunos ao ambiente profissional. Jefferson Almeida trabalhou por dois anos em um restaurante da cidade. Ele conta que foi uma oportunidade de crescimento. \u201cEu gostei muito de l\u00e1 porque aprendi a trabalhar em equipe\u201d, diz o aluno da APAE.<\/p>\n<h4>Te\u00f3filo Otoni<\/h4>\n<p>Uma apresenta\u00e7\u00e3o de dan\u00e7a marcou a comemora\u00e7\u00e3o da Semana Nacional da Pessoa com Defici\u00eancia Intelectual M\u00faltipla no audit\u00f3rio da APAE de Te\u00f3filo Otoni. Os alunos, acompanhados dos pais e professores, prestaram aten\u00e7\u00e3o na coreografia preparada especialmente para a ocasi\u00e3o.<\/p>\n<p>Al\u00e9m da apresenta\u00e7\u00e3o, os alunos da APAE receberam da escola visitante, v\u00e1rias doa\u00e7\u00f5es. Segundo Leda Navarro, professora da APAE, as dificuldades financeiras enfrentadas pela associa\u00e7\u00e3o, n\u00e3o afetam a aprendizagem em sala de aula.<\/p>\n<p>\u201cTemos um m\u00e9todo pedag\u00f3gico que n\u00e3o deixamos as dificuldades influenciar. Para complementar o or\u00e7amento mensal da entidade, foi criada uma sorveteria onde os alunos participam da fabrica\u00e7\u00e3o dos produtos, al\u00e9m de um espa\u00e7o, com o cultivo de hortali\u00e7as e verduras\u201d, diz a professora.<\/p>\n<p>Segundo a diretora Jane Alves Marques, os recursos p\u00fablicos repassados para a APAE n\u00e3o s\u00e3o suficientes para cobrir as despesas e as doa\u00e7\u00f5es t\u00eam sido a \u00fanica sa\u00edda.<\/p>\n<p>\u201cEles aprendem a plantar e colher os alimentos, tudo que \u00e9 produzido aqui serve para o consumo dos alunos e tamb\u00e9m s\u00e3o vendidos para comunidade. O dinheiro arrecadado ajuda a manter a institui\u00e7\u00e3o\u201d, afirma a diretora.<\/p>\n<p><strong><em>(Inter TV dos Vales)<\/em><\/strong><\/p>\n","protected":false},"excerpt":{"rendered":"<p>Cidades recebem programa\u00e7\u00e3o variada. Atividades seguem at\u00e9 esta sexta-feira, 29 de agosto. A Semana Nacional da Pessoa com Defici\u00eancia Intelectual e M\u00faltipla segue at\u00e9 o dia 29 de agosto com muitas atividades nas cidades de Governado Valadares, no Vale do Rio Doce, e em Te\u00f3filo Otoni, no Vale do Mucuri. Uma programa\u00e7\u00e3o variada foi planejada [&hellip;]<\/p>\n","protected":false},"author":1,"featured_media":38169,"comment_status":"open","ping_status":"closed","sticky":false,"template":"","format":"standard","meta":{"amp_status":"","footnotes":""},"categories":[123],"tags":[247,14465,14327,164],"class_list":["post-38168","post","type-post","status-publish","format-standard","has-post-thumbnail","hentry","category-gerais","tag-governador-valadares","tag-governador-valadares-e-teofilo-otoni-promovem-atividades-para-pessoas-com-deficiencia","tag-semana-nacional-da-pessoa-com-deficiencia-intelectual-e-multipla","tag-teofilo-otoni"],"_links":{"self":[{"href":"https:\/\/aconteceunovale.com.br\/portal\/index.php?rest_route=\/wp\/v2\/posts\/38168","targetHints":{"allow":["GET"]}}],"collection":[{"href":"https:\/\/aconteceunovale.com.br\/portal\/index.php?rest_route=\/wp\/v2\/posts"}],"about":[{"href":"https:\/\/aconteceunovale.com.br\/portal\/index.php?rest_route=\/wp\/v2\/types\/post"}],"author":[{"embeddable":true,"href":"https:\/\/aconteceunovale.com.br\/portal\/index.php?rest_route=\/wp\/v2\/users\/1"}],"replies":[{"embeddable":true,"href":"https:\/\/aconteceunovale.com.br\/portal\/index.php?rest_route=%2Fwp%2Fv2%2Fcomments&post=38168"}],"version-history":[{"count":0,"href":"https:\/\/aconteceunovale.com.br\/portal\/index.php?rest_route=\/wp\/v2\/posts\/38168\/revisions"}],"wp:featuredmedia":[{"embeddable":true,"href":"https:\/\/aconteceunovale.com.br\/portal\/index.php?rest_route=\/wp\/v2\/media\/38169"}],"wp:attachment":[{"href":"https:\/\/aconteceunovale.com.br\/portal\/index.php?rest_route=%2Fwp%2Fv2%2Fmedia&parent=38168"}],"wp:term":[{"taxonomy":"category","embeddable":true,"href":"https:\/\/aconteceunovale.com.br\/portal\/index.php?rest_route=%2Fwp%2Fv2%2Fcategories&post=38168"},{"taxonomy":"post_tag","embeddable":true,"href":"https:\/\/aconteceunovale.com.br\/portal\/index.php?rest_route=%2Fwp%2Fv2%2Ftags&post=38168"}],"curies":[{"name":"wp","href":"https:\/\/api.w.org\/{rel}","templated":true}]}}