{"id":38159,"date":"2014-08-25T19:03:26","date_gmt":"2014-08-25T22:03:26","guid":{"rendered":"http:\/\/aconteceunovale.com.br\/portal\/?p=38159"},"modified":"2014-08-25T19:03:26","modified_gmt":"2014-08-25T22:03:26","slug":"veiculo-carregado-de-cachaca-capota-e-motorista-morre-na-mg-307-em-grao-mogol","status":"publish","type":"post","link":"https:\/\/aconteceunovale.com.br\/portal\/?p=38159","title":{"rendered":"Ve\u00edculo carregado de cacha\u00e7a capota e motorista morre na MG-307, em Gr\u00e3o Mogol"},"content":{"rendered":"<h4><em><strong>Segundo a PM, ele perdeu o controle da dire\u00e7\u00e3o e capotou v\u00e1rias vezes. Ele dirigia carro carregado com garrafas pet de cacha\u00e7a.<\/strong><\/em><\/h4>\n<p>Um homem de 37 anos morreu em um acidente neste domingo, 24 de agosto, na altura do quil\u00f4metro 6 da MG-307, rodovia que liga Gr\u00e3o Mogol, no Norte de Minas Gerais, a BR-251.<\/p>\n<p>Segundo as informa\u00e7\u00f5es da Pol\u00edcia Militar, Luciano Silva de S\u00e1, perdeu o controle direcional do carro, capotou v\u00e1rias vezes e parou fora da pista. A v\u00edtima foi arremessada para fora do ve\u00edculo e morreu no local.<\/p>\n<p>Ainda de acordo com a PM, a caminhonete estava carregada com garrafas de cacha\u00e7a. Parte do material ficou espalhado no local do acidente. <\/p>\n<p>O sargento Romilson Correia, da Pol\u00edcia Rodovi\u00e1ria Estadual destaca que a curva onde aconteceu o acidente \u00e9 perigosa. &#8220;Essa curva no quil\u00f4metro 6 da MG-307 costuma ter v\u00e1rios acidentes. S\u00f3 em 2014 foram quatro acidentes com tr\u00eas v\u00edtimas fatais&#8221;.<\/p>\n<p><img decoding=\"async\" src=\"http:\/\/aconteceunovale.com.br\/portal\/wp-content\/uploads\/2014\/08\/acidente_cachaca_grao_mogol.jpg\" alt=\"\" \/><em>(Motorista morreu no local do acidente &#8211; Foto: Reprodu\u00e7\u00e3o\/Inter TV)<\/em><\/p>\n","protected":false},"excerpt":{"rendered":"<p>Segundo a PM, ele perdeu o controle da dire\u00e7\u00e3o e capotou v\u00e1rias vezes. Ele dirigia carro carregado com garrafas pet de cacha\u00e7a. Um homem de 37 anos morreu em um acidente neste domingo, 24 de agosto, na altura do quil\u00f4metro 6 da MG-307, rodovia que liga Gr\u00e3o Mogol, no Norte de Minas Gerais, a BR-251. [&hellip;]<\/p>\n","protected":false},"author":1,"featured_media":38160,"comment_status":"open","ping_status":"closed","sticky":false,"template":"","format":"standard","meta":{"amp_status":"","footnotes":""},"categories":[1236],"tags":[1153,14460,14461],"class_list":["post-38159","post","type-post","status-publish","format-standard","has-post-thumbnail","hentry","category-norte_de_minas","tag-grao-mogol","tag-luciano-silva-de-sa","tag-veiculo-carregado-de-cachaca-capota-e-motorista-morre-na-mg-307-em-grao-mogol"],"_links":{"self":[{"href":"https:\/\/aconteceunovale.com.br\/portal\/index.php?rest_route=\/wp\/v2\/posts\/38159","targetHints":{"allow":["GET"]}}],"collection":[{"href":"https:\/\/aconteceunovale.com.br\/portal\/index.php?rest_route=\/wp\/v2\/posts"}],"about":[{"href":"https:\/\/aconteceunovale.com.br\/portal\/index.php?rest_route=\/wp\/v2\/types\/post"}],"author":[{"embeddable":true,"href":"https:\/\/aconteceunovale.com.br\/portal\/index.php?rest_route=\/wp\/v2\/users\/1"}],"replies":[{"embeddable":true,"href":"https:\/\/aconteceunovale.com.br\/portal\/index.php?rest_route=%2Fwp%2Fv2%2Fcomments&post=38159"}],"version-history":[{"count":0,"href":"https:\/\/aconteceunovale.com.br\/portal\/index.php?rest_route=\/wp\/v2\/posts\/38159\/revisions"}],"wp:featuredmedia":[{"embeddable":true,"href":"https:\/\/aconteceunovale.com.br\/portal\/index.php?rest_route=\/wp\/v2\/media\/38160"}],"wp:attachment":[{"href":"https:\/\/aconteceunovale.com.br\/portal\/index.php?rest_route=%2Fwp%2Fv2%2Fmedia&parent=38159"}],"wp:term":[{"taxonomy":"category","embeddable":true,"href":"https:\/\/aconteceunovale.com.br\/portal\/index.php?rest_route=%2Fwp%2Fv2%2Fcategories&post=38159"},{"taxonomy":"post_tag","embeddable":true,"href":"https:\/\/aconteceunovale.com.br\/portal\/index.php?rest_route=%2Fwp%2Fv2%2Ftags&post=38159"}],"curies":[{"name":"wp","href":"https:\/\/api.w.org\/{rel}","templated":true}]}}