{"id":38156,"date":"2014-08-25T18:40:57","date_gmt":"2014-08-25T21:40:57","guid":{"rendered":"http:\/\/aconteceunovale.com.br\/portal\/?p=38156"},"modified":"2014-08-25T18:40:57","modified_gmt":"2014-08-25T21:40:57","slug":"mulher-fica-ferida-apos-cair-com-veiculo-dentro-de-corrego-em-montes-claros","status":"publish","type":"post","link":"https:\/\/aconteceunovale.com.br\/portal\/?p=38156","title":{"rendered":"Mulher fica ferida ap\u00f3s cair com ve\u00edculo dentro de c\u00f3rrego em Montes Claros"},"content":{"rendered":"<h4><strong><em>Segundo bombeiros, populares ajudaram a v\u00edtima a sair do ve\u00edculo. Mulher de 27 anos teve ferimentos leves e foi encaminhada \u00e0 Santa Casa.<\/em><\/strong><\/h4>\n<p>Ap\u00f3s deixar o filho de dois anos no col\u00e9gio, na tarde desta segunda-feira (25), uma mulher de 27 anos perdeu o controle do carro e caiu dentro do c\u00f3rrego da Avenida Sidney Chaves, pr\u00f3ximo ao bairro Alice Maia, em Montes Claros.<\/p>\n<p>Conforme informa\u00e7\u00f5es do Corpo de Bombeiros, ap\u00f3s o acidente,  ela teve ferimentos leves e foi socorrida por um morador que pulou no c\u00f3rrego e a ajudou  a sair do ve\u00edculo. Ainda segundo os bombeiros, o estado de sa\u00fade da v\u00edtima \u00e9 est\u00e1vel e a mesma foi encaminhada pelos bombeiros ao hospital Santa Casa.<\/p>\n<p><img decoding=\"async\" src=\"http:\/\/aconteceunovale.com.br\/portal\/wp-content\/uploads\/2014\/08\/caiu_no_canal_moc_25.jpg\" alt=\"\" \/><em>Ve\u00edculo caiu no c\u00f3rrego ap\u00f3s motorista perder o controle da dire\u00e7\u00e3o (Foto: Alexandre Fonseca\/ G1)<\/em><br \/>\n<\/br><\/p>\n<p><strong><em>(Inter TV Grande Minas)<\/em><\/strong><\/p>\n","protected":false},"excerpt":{"rendered":"<p>Segundo bombeiros, populares ajudaram a v\u00edtima a sair do ve\u00edculo. Mulher de 27 anos teve ferimentos leves e foi encaminhada \u00e0 Santa Casa. Ap\u00f3s deixar o filho de dois anos no col\u00e9gio, na tarde desta segunda-feira (25), uma mulher de 27 anos perdeu o controle do carro e caiu dentro do c\u00f3rrego da Avenida Sidney [&hellip;]<\/p>\n","protected":false},"author":1,"featured_media":38157,"comment_status":"open","ping_status":"closed","sticky":false,"template":"","format":"standard","meta":{"amp_status":"","footnotes":""},"categories":[1236],"tags":[210,14459],"class_list":["post-38156","post","type-post","status-publish","format-standard","has-post-thumbnail","hentry","category-norte_de_minas","tag-montes-claros","tag-mulher-fica-ferida-apos-cair-com-veiculo-dentro-de-corrego-em-montes-claros"],"_links":{"self":[{"href":"https:\/\/aconteceunovale.com.br\/portal\/index.php?rest_route=\/wp\/v2\/posts\/38156","targetHints":{"allow":["GET"]}}],"collection":[{"href":"https:\/\/aconteceunovale.com.br\/portal\/index.php?rest_route=\/wp\/v2\/posts"}],"about":[{"href":"https:\/\/aconteceunovale.com.br\/portal\/index.php?rest_route=\/wp\/v2\/types\/post"}],"author":[{"embeddable":true,"href":"https:\/\/aconteceunovale.com.br\/portal\/index.php?rest_route=\/wp\/v2\/users\/1"}],"replies":[{"embeddable":true,"href":"https:\/\/aconteceunovale.com.br\/portal\/index.php?rest_route=%2Fwp%2Fv2%2Fcomments&post=38156"}],"version-history":[{"count":0,"href":"https:\/\/aconteceunovale.com.br\/portal\/index.php?rest_route=\/wp\/v2\/posts\/38156\/revisions"}],"wp:featuredmedia":[{"embeddable":true,"href":"https:\/\/aconteceunovale.com.br\/portal\/index.php?rest_route=\/wp\/v2\/media\/38157"}],"wp:attachment":[{"href":"https:\/\/aconteceunovale.com.br\/portal\/index.php?rest_route=%2Fwp%2Fv2%2Fmedia&parent=38156"}],"wp:term":[{"taxonomy":"category","embeddable":true,"href":"https:\/\/aconteceunovale.com.br\/portal\/index.php?rest_route=%2Fwp%2Fv2%2Fcategories&post=38156"},{"taxonomy":"post_tag","embeddable":true,"href":"https:\/\/aconteceunovale.com.br\/portal\/index.php?rest_route=%2Fwp%2Fv2%2Ftags&post=38156"}],"curies":[{"name":"wp","href":"https:\/\/api.w.org\/{rel}","templated":true}]}}