{"id":38152,"date":"2014-08-25T18:34:37","date_gmt":"2014-08-25T21:34:37","guid":{"rendered":"http:\/\/aconteceunovale.com.br\/portal\/?p=38152"},"modified":"2014-08-25T18:34:37","modified_gmt":"2014-08-25T21:34:37","slug":"adolescente-de-16-anos-e-baleado-no-ombro-e-pescoco-em-montes-claros","status":"publish","type":"post","link":"https:\/\/aconteceunovale.com.br\/portal\/?p=38152","title":{"rendered":"Adolescente de 16 anos \u00e9 baleado no ombro e pesco\u00e7o em Montes Claros"},"content":{"rendered":"<h4><strong><em>Adolescente foi atingido quando passava perto de um supermercado. Ele j\u00e1 foi apreendido por amea\u00e7a e agress\u00e3o. <\/em><\/strong><\/h4>\n<p>Um adolescente de 16 anos foi atingido por tr\u00eas tiros perto do Bairro Doutor Jo\u00e3o Alves, em Montes Claros (MG), nesta segunda-feira (25). Os disparos acertaram o ombro e o pesco\u00e7o dele.<\/p>\n<p>Segundo as informa\u00e7\u00f5es do sargento Dimas Ribeiro, da Pol\u00edcia Militar, o menor estava perto de um supermercado, quando dois homens passaram de moto e atiraram. Ap\u00f3s ser atingido ele correu em dire\u00e7\u00e3o ao bairro.<\/p>\n<p>Ainda de acordo com a PM, o adolescente j\u00e1 foi apreendido pela pol\u00edcia por agress\u00e3o e furto. Ele foi socorrido pelo Samu e levado para um hospital. Ningu\u00e9m foi preso e a motiva\u00e7\u00e3o do crime est\u00e1 sendo investigada. <\/p>\n<p><img decoding=\"async\" src=\"http:\/\/aconteceunovale.com.br\/portal\/wp-content\/uploads\/2014\/08\/baleado_moc_25.jpg\" alt=\"\" \/><em>Adolescente foi socorrido pelo Samu e levado para um hospital (Foto: Michelly Oda \/ G1)<\/em><br \/>\n<\/br><\/p>\n<p><strong><em>(Inter TV Grande Minas)<\/em><\/strong><\/p>\n","protected":false},"excerpt":{"rendered":"<p>Adolescente foi atingido quando passava perto de um supermercado. Ele j\u00e1 foi apreendido por amea\u00e7a e agress\u00e3o. Um adolescente de 16 anos foi atingido por tr\u00eas tiros perto do Bairro Doutor Jo\u00e3o Alves, em Montes Claros (MG), nesta segunda-feira (25). Os disparos acertaram o ombro e o pesco\u00e7o dele. Segundo as informa\u00e7\u00f5es do sargento Dimas [&hellip;]<\/p>\n","protected":false},"author":1,"featured_media":38154,"comment_status":"open","ping_status":"closed","sticky":false,"template":"","format":"standard","meta":{"amp_status":"","footnotes":""},"categories":[1236],"tags":[14458,210],"class_list":["post-38152","post","type-post","status-publish","format-standard","has-post-thumbnail","hentry","category-norte_de_minas","tag-adolescente-de-16-anos-e-baleado-no-ombro-e-pescoco-em-montes-claros","tag-montes-claros"],"_links":{"self":[{"href":"https:\/\/aconteceunovale.com.br\/portal\/index.php?rest_route=\/wp\/v2\/posts\/38152","targetHints":{"allow":["GET"]}}],"collection":[{"href":"https:\/\/aconteceunovale.com.br\/portal\/index.php?rest_route=\/wp\/v2\/posts"}],"about":[{"href":"https:\/\/aconteceunovale.com.br\/portal\/index.php?rest_route=\/wp\/v2\/types\/post"}],"author":[{"embeddable":true,"href":"https:\/\/aconteceunovale.com.br\/portal\/index.php?rest_route=\/wp\/v2\/users\/1"}],"replies":[{"embeddable":true,"href":"https:\/\/aconteceunovale.com.br\/portal\/index.php?rest_route=%2Fwp%2Fv2%2Fcomments&post=38152"}],"version-history":[{"count":0,"href":"https:\/\/aconteceunovale.com.br\/portal\/index.php?rest_route=\/wp\/v2\/posts\/38152\/revisions"}],"wp:featuredmedia":[{"embeddable":true,"href":"https:\/\/aconteceunovale.com.br\/portal\/index.php?rest_route=\/wp\/v2\/media\/38154"}],"wp:attachment":[{"href":"https:\/\/aconteceunovale.com.br\/portal\/index.php?rest_route=%2Fwp%2Fv2%2Fmedia&parent=38152"}],"wp:term":[{"taxonomy":"category","embeddable":true,"href":"https:\/\/aconteceunovale.com.br\/portal\/index.php?rest_route=%2Fwp%2Fv2%2Fcategories&post=38152"},{"taxonomy":"post_tag","embeddable":true,"href":"https:\/\/aconteceunovale.com.br\/portal\/index.php?rest_route=%2Fwp%2Fv2%2Ftags&post=38152"}],"curies":[{"name":"wp","href":"https:\/\/api.w.org\/{rel}","templated":true}]}}