{"id":37960,"date":"2014-08-23T10:49:11","date_gmt":"2014-08-23T13:49:11","guid":{"rendered":"http:\/\/aconteceunovale.com.br\/portal\/?p=37960"},"modified":"2014-08-23T10:49:11","modified_gmt":"2014-08-23T13:49:11","slug":"sala-da-cidadania-levara-servicos-a-agricultores-e-assentados-em-jequitinhonha","status":"publish","type":"post","link":"https:\/\/aconteceunovale.com.br\/portal\/?p=37960","title":{"rendered":"Sala da Cidadania levar\u00e1 servi\u00e7os a agricultores e assentados em Jequitinhonha"},"content":{"rendered":"<p>O Instituto Nacional de Coloniza\u00e7\u00e3o e Reforma Agr\u00e1ria (INCRA) firmou acordo de coopera\u00e7\u00e3o t\u00e9cnica com prefeitura de Jequitinhonha (MG), no Vale do Jequitinhonha, para instalar a Sala da Cidadania no munic\u00edpio. O extrato da parceria foi publicado no Di\u00e1rio Oficial da Uni\u00e3o (DOU) desta quarta-feira (20). Um servidor do Incra vai capacitar servidores da prefeitura que prestar\u00e3o atendimento ao p\u00fablico, na primeira semana de setembro, quando a sala passa a funcionar.  Em 29 de julho, o INCRA j\u00e1 havia instalado a Sala em Diamantina (MG), na mesma regi\u00e3o. A pr\u00f3xima sala prevista \u00e9 a de Boa Esperan\u00e7a (MG), no Sul de Minas.<\/p>\n<p>Os assentados inadimplentes, at\u00e9 30 de abril de 2008, com o Programa Nacional de Fortalecimento da Agricultura Familiar (Pronaf) poder\u00e3o renegociar suas d\u00edvidas por meio da Sala de Tarumirim at\u00e9 30 de outubro. O prazo que era at\u00e9 o final de junho foi estendido neste m\u00eas pelo Conselho Monet\u00e1rio Nacional.<\/p>\n<p>O espa\u00e7o vai recepcionar a renegocia\u00e7\u00e3o das d\u00edvidas e prestar outros servi\u00e7os. O assentado poder\u00e1 fazer a liquida\u00e7\u00e3o ou renegocia\u00e7\u00e3o da d\u00edvida, sem precisar ir \u00e0 Superintend\u00eancia Regional mais pr\u00f3xima ou a uma ag\u00eancia do banco. O sistema vai calcular o valor a ser pago na liquida\u00e7\u00e3o ou parcelamento e emitir imediatamente o boleto banc\u00e1rio ou contrato de renegocia\u00e7\u00e3o.<\/p>\n<p>Al\u00e9m da renegocia\u00e7\u00e3o de d\u00edvidas, o assentado poder\u00e1 fazer sua atualiza\u00e7\u00e3o cadastral, al\u00e9m de acessar servi\u00e7os como INSS, Receita Federal e outros. A Sala da Cidadania poder\u00e1 ser acessada de qualquer lugar. Para isso, basta que o assentado tenha dados de acesso, como o CPF e o n\u00famero de inscri\u00e7\u00e3o do im\u00f3vel. Por\u00e9m algumas fun\u00e7\u00f5es do sistema s\u00f3 podem ser acessadas atrav\u00e9s das salas da cidadania por meio dos servidores designados para operar o sistema, mediante senha de acesso.<\/p>\n<h4>Instala\u00e7\u00e3o<\/h4>\n<p>A Sala da Cidadania pode ser implantada nos munic\u00edpios que contam com Unidade Municipais de Cadastro (UMCs), nas Unidades Avan\u00e7adas do Incra, e, tamb\u00e9m, nas prefeituras, sindicatos, cooperativas e munic\u00edpios com grande n\u00famero de projetos de assentamentos e que queiram fazer parceria com a autarquia. Os parceiros v\u00e3o colocar \u00e0 disposi\u00e7\u00e3o do p\u00fablico uma sala e ceder um servidor, que ser\u00e1 capacitado pelo Incra, para operar o sistema.<\/p>\n<p><strong>Servi\u00e7o:<\/strong> endere\u00e7os das Salas da Cidadania em Minas Gerais<br \/>\nBelo Horizonte &#8211; Avenida Afonso Pena, 3.500, bairro Cruzeiro, CEP: 30.310-009<br \/>\nDiamantina &#8211; Rua da Gl\u00f3ria, 394, Centro \u2013 CEP 39.100-100<br \/>\nJequtinhonha \u2013 Avenida Pedro Ferreira, 159, Centro, CEP 39960-000 \u2013 (Entra em funcionamento na primeira semana de setembro)<br \/>\nTarumirim &#8211; Rua Professor Bernardino Sena, 135, Centro, CEP: 35.140-000<br \/>\nUberl\u00e2ndia &#8211; Avenida das Gameleiras, 10, bairro Planalto, CEP: 38.408-150 (anexo da Secretaria de Agropecu\u00e1ria e Abastecimento)<\/p>\n","protected":false},"excerpt":{"rendered":"<p>O Instituto Nacional de Coloniza\u00e7\u00e3o e Reforma Agr\u00e1ria (INCRA) firmou acordo de coopera\u00e7\u00e3o t\u00e9cnica com prefeitura de Jequitinhonha (MG), no Vale do Jequitinhonha, para instalar a Sala da Cidadania no munic\u00edpio. O extrato da parceria foi publicado no Di\u00e1rio Oficial da Uni\u00e3o (DOU) desta quarta-feira (20). Um servidor do Incra vai capacitar servidores da prefeitura [&hellip;]<\/p>\n","protected":false},"author":1,"featured_media":37961,"comment_status":"open","ping_status":"closed","sticky":false,"template":"","format":"standard","meta":{"amp_status":"","footnotes":""},"categories":[120],"tags":[14320,198,14321,14322,14318,14319,14323],"class_list":["post-37960","post","type-post","status-publish","format-standard","has-post-thumbnail","hentry","category-jequi","tag-boa-esperanca","tag-diamantina","tag-incra","tag-incra-firma-acordo-para-levar-servicos-a-agricultores-e-assentados-em-jequitinhonha","tag-sala-da-cidadania","tag-sala-da-cidadania-de-jequitinhonha","tag-sala-da-cidadania-levara-servicos-a-agricultores-e-assentados-em-jequitinhonha"],"_links":{"self":[{"href":"https:\/\/aconteceunovale.com.br\/portal\/index.php?rest_route=\/wp\/v2\/posts\/37960","targetHints":{"allow":["GET"]}}],"collection":[{"href":"https:\/\/aconteceunovale.com.br\/portal\/index.php?rest_route=\/wp\/v2\/posts"}],"about":[{"href":"https:\/\/aconteceunovale.com.br\/portal\/index.php?rest_route=\/wp\/v2\/types\/post"}],"author":[{"embeddable":true,"href":"https:\/\/aconteceunovale.com.br\/portal\/index.php?rest_route=\/wp\/v2\/users\/1"}],"replies":[{"embeddable":true,"href":"https:\/\/aconteceunovale.com.br\/portal\/index.php?rest_route=%2Fwp%2Fv2%2Fcomments&post=37960"}],"version-history":[{"count":0,"href":"https:\/\/aconteceunovale.com.br\/portal\/index.php?rest_route=\/wp\/v2\/posts\/37960\/revisions"}],"wp:featuredmedia":[{"embeddable":true,"href":"https:\/\/aconteceunovale.com.br\/portal\/index.php?rest_route=\/wp\/v2\/media\/37961"}],"wp:attachment":[{"href":"https:\/\/aconteceunovale.com.br\/portal\/index.php?rest_route=%2Fwp%2Fv2%2Fmedia&parent=37960"}],"wp:term":[{"taxonomy":"category","embeddable":true,"href":"https:\/\/aconteceunovale.com.br\/portal\/index.php?rest_route=%2Fwp%2Fv2%2Fcategories&post=37960"},{"taxonomy":"post_tag","embeddable":true,"href":"https:\/\/aconteceunovale.com.br\/portal\/index.php?rest_route=%2Fwp%2Fv2%2Ftags&post=37960"}],"curies":[{"name":"wp","href":"https:\/\/api.w.org\/{rel}","templated":true}]}}