{"id":37954,"date":"2014-08-22T23:11:38","date_gmt":"2014-08-23T02:11:38","guid":{"rendered":"http:\/\/aconteceunovale.com.br\/portal\/?p=37954"},"modified":"2014-08-22T23:11:38","modified_gmt":"2014-08-23T02:11:38","slug":"corte-eleitoral-mineira-confirma-cassacao-do-prefeito-de-itau-de-minas","status":"publish","type":"post","link":"https:\/\/aconteceunovale.com.br\/portal\/?p=37954","title":{"rendered":"Corte Eleitoral mineira confirma cassa\u00e7\u00e3o do prefeito de Ita\u00fa de Minas"},"content":{"rendered":"<p>A Corte Eleitoral mineira confirmou, na sess\u00e3o desta sexta-feira (22), por tr\u00eas votos a dois, a cassa\u00e7\u00e3o do prefeito de Ita\u00fa de Minas (Sudoeste de Minas), Norival Francisco de Lima (DEM), e de seu vice, N\u00edsio Ant\u00f4nio Lima (PSDB). Eles tinham sido cassados pelo juiz da 293\u00aa Zona Eleitoral, de Prat\u00e1polis, por capta\u00e7\u00e3o il\u00edcita de sufr\u00e1gio, capta\u00e7\u00e3o il\u00edcita de recursos, abuso de poder pol\u00edtico e econ\u00f4mico. A decis\u00e3o ainda manteve as san\u00e7\u00f5es de inelegibilidade e multa a Norival.<\/p>\n<p>A a\u00e7\u00e3o de impugna\u00e7\u00e3o de mandato eletivo foi apresentada pelo Minist\u00e9rio P\u00fablico Eleitoral, sob a alega\u00e7\u00e3o de doa\u00e7\u00e3o de cestas b\u00e1sicas, combust\u00edvel, passagens e dinheiro em esp\u00e9cie a eleitores em troca de votos; utiliza\u00e7\u00e3o de caixa dois para o pagamento das cestas b\u00e1sicas doadas; pagamento de algumas das doa\u00e7\u00f5es a eleitores com verbas da Prefeitura Municipal; transporte il\u00edcito de eleitores; recebimento de valores que n\u00e3o transitaram na conta de campanha e n\u00e3o foram documentadas na presta\u00e7\u00e3o de conta e utiliza\u00e7\u00e3o de policial para informar sobre a movimenta\u00e7\u00e3o das viaturas no dia do pleito e proteger a realiza\u00e7\u00e3o de \u201cboca de urna\u201d.<\/p>\n<p>O relator do processo no TRE, juiz Wladimir Rodrigues Dias, afirmou que o conjunto probat\u00f3rio dos autos \u00e9 suficiente para o convencimento da ocorr\u00eancia do il\u00edcito eleitoral, estando o abuso de poder econ\u00f4mico e a capta\u00e7\u00e3o il\u00edcita de sufr\u00e1gio devidamente caracterizados. Seu entendimento foi seguido pelos ju\u00edzes Virg\u00edlio Barreto e Paulo Rog\u00e9rio Abrantes. Para o desembargador Paulo C\u00e9zar Dias e para a ju\u00edza Maria Edna Veloso, o conjunto probat\u00f3rio n\u00e3o demonstrou a ilicitude das condutas com robustez.<\/p>\n<p>Norival Francisco de Lima foi eleito para o cargo de prefeito em 2012 com 52,31% (5.019) dos votos v\u00e1lidos. Com a cassa\u00e7\u00e3o do prefeito, a Corte Eleitoral mineira determinou a realiza\u00e7\u00e3o de novas elei\u00e7\u00f5es no munic\u00edpio.<\/p>\n<p>De acordo com o julgamento, a execu\u00e7\u00e3o da decis\u00e3o do TRE somente vai ocorrer ap\u00f3s publica\u00e7\u00e3o de ac\u00f3rd\u00e3o de eventuais primeiros embargos declarat\u00f3rios. (TRE\/MG)<\/p>\n","protected":false},"excerpt":{"rendered":"<p>A Corte Eleitoral mineira confirmou, na sess\u00e3o desta sexta-feira (22), por tr\u00eas votos a dois, a cassa\u00e7\u00e3o do prefeito de Ita\u00fa de Minas (Sudoeste de Minas), Norival Francisco de Lima (DEM), e de seu vice, N\u00edsio Ant\u00f4nio Lima (PSDB). Eles tinham sido cassados pelo juiz da 293\u00aa Zona Eleitoral, de Prat\u00e1polis, por capta\u00e7\u00e3o il\u00edcita de [&hellip;]<\/p>\n","protected":false},"author":1,"featured_media":37955,"comment_status":"open","ping_status":"closed","sticky":false,"template":"","format":"standard","meta":{"amp_status":"","footnotes":""},"categories":[123],"tags":[14317,14315,14314,14313,14316],"class_list":["post-37954","post","type-post","status-publish","format-standard","has-post-thumbnail","hentry","category-gerais","tag-corte-eleitoral-mineira-confirma-cassacao-do-prefeito-de-itau-de-minas","tag-itau-de-minas","tag-nisio-antonio-lima","tag-norival-francisco-de-lima","tag-pratapolis"],"_links":{"self":[{"href":"https:\/\/aconteceunovale.com.br\/portal\/index.php?rest_route=\/wp\/v2\/posts\/37954","targetHints":{"allow":["GET"]}}],"collection":[{"href":"https:\/\/aconteceunovale.com.br\/portal\/index.php?rest_route=\/wp\/v2\/posts"}],"about":[{"href":"https:\/\/aconteceunovale.com.br\/portal\/index.php?rest_route=\/wp\/v2\/types\/post"}],"author":[{"embeddable":true,"href":"https:\/\/aconteceunovale.com.br\/portal\/index.php?rest_route=\/wp\/v2\/users\/1"}],"replies":[{"embeddable":true,"href":"https:\/\/aconteceunovale.com.br\/portal\/index.php?rest_route=%2Fwp%2Fv2%2Fcomments&post=37954"}],"version-history":[{"count":0,"href":"https:\/\/aconteceunovale.com.br\/portal\/index.php?rest_route=\/wp\/v2\/posts\/37954\/revisions"}],"wp:featuredmedia":[{"embeddable":true,"href":"https:\/\/aconteceunovale.com.br\/portal\/index.php?rest_route=\/wp\/v2\/media\/37955"}],"wp:attachment":[{"href":"https:\/\/aconteceunovale.com.br\/portal\/index.php?rest_route=%2Fwp%2Fv2%2Fmedia&parent=37954"}],"wp:term":[{"taxonomy":"category","embeddable":true,"href":"https:\/\/aconteceunovale.com.br\/portal\/index.php?rest_route=%2Fwp%2Fv2%2Fcategories&post=37954"},{"taxonomy":"post_tag","embeddable":true,"href":"https:\/\/aconteceunovale.com.br\/portal\/index.php?rest_route=%2Fwp%2Fv2%2Ftags&post=37954"}],"curies":[{"name":"wp","href":"https:\/\/api.w.org\/{rel}","templated":true}]}}