{"id":37952,"date":"2014-08-22T23:04:36","date_gmt":"2014-08-23T02:04:36","guid":{"rendered":"http:\/\/aconteceunovale.com.br\/portal\/?p=37952"},"modified":"2014-08-22T23:04:36","modified_gmt":"2014-08-23T02:04:36","slug":"quase-sete-mil-eleitores-se-inscreveram-para-votar-em-transito-no-primeiro-turno-em-minas","status":"publish","type":"post","link":"https:\/\/aconteceunovale.com.br\/portal\/?p=37952","title":{"rendered":"Quase sete mil eleitores se inscreveram para votar em tr\u00e2nsito no primeiro turno em Minas"},"content":{"rendered":"<p>Terminado o prazo para habilita\u00e7\u00e3o para votar em tr\u00e2nsito, 6.933 eleitores solicitaram \u00e0 Justi\u00e7a Eleitoral habilita\u00e7\u00e3o para votar em tr\u00e2nsito no primeiro turno em Minas Gerais. No caso de eventual segundo turno, 6.493 eleitores est\u00e3o inscritos para votar em tr\u00e2nsito no Estado. O prazo come\u00e7ou no dia 15 de julho e terminou nessa quinta-feira (21).<\/p>\n<p>Em Minas Gerais, as cidades que receber\u00e3o se\u00e7\u00f5es com voto em tr\u00e2nsito s\u00e3o Belo Horizonte, Contagem, Uberl\u00e2ndia, Betim, Juiz de Fora, Montes Claros, Uberaba e Governador Valadares. Confira quantos eleitores est\u00e3o cadastrados em cada uma das se\u00e7\u00f5es, para o primeiro e para o segundo turnos:<\/p>\n<p>&#8211; Belo Horizonte &#8211; 3.558 eleitores<br \/>\n&#8211; Betim &#8211; 194 eleitores<br \/>\n&#8211; Contagem -282 eleitores<br \/>\n&#8211; Governador Valadares &#8211; 387 eleitores<br \/>\n&#8211; Juiz de Fora &#8211; 777 eleitores<br \/>\n&#8211; Montes Claros &#8211; 507 eleitores<br \/>\n&#8211; Uberaba &#8211; 524 eleitores<br \/>\n&#8211; Uberl\u00e2ndia &#8211; 704 eleitores<\/p>\n<p>A modalidade, que s\u00f3 permite o voto para presidente e vice-presidente da Rep\u00fablica, possibilita que o eleitor que esteja fora do seu domic\u00edlio eleitoral vote em outro local, mesmo sem ter solicitado a transfer\u00eancia do t\u00edtulo.<\/p>\n<p>Do total de eleitores mineiros, 12.104 foram cadastrados para votar fora do seu domic\u00edlio eleitoral (munic\u00edpio onde est\u00e1 inscrito) no primeiro turno e 11.583 no segundo turno.<\/p>\n<p>Para votar em tr\u00e2nsito \u00e9 preciso que o eleitor esteja com a situa\u00e7\u00e3o regular no cadastro eleitoral e apresente um documento oficial com foto. Uma vez cadastrado nessa modalidade, o eleitor ficar\u00e1 automaticamente apto a votar no local onde informou que estar\u00e1 no dia do pleito, mas ser\u00e1 desabilitado para votar na sua se\u00e7\u00e3o de origem. Quem votar em tr\u00e2nsito para presidente j\u00e1 cumprir\u00e1 seu dever de votar junto \u00e0 Justi\u00e7a Eleitoral, n\u00e3o precisando se justificar por n\u00e3o votar nos outros cargos em disputa.<\/p>\n<h4>Novidade<\/h4>\n<p>Nestas elei\u00e7\u00f5es gerais, n\u00e3o s\u00f3 as capitais estar\u00e3o aptas a oferecer a modalidade de voto em tr\u00e2nsito, mas tamb\u00e9m os munic\u00edpios com mais de 200 mil eleitores, totalizando 92 cidades brasileiras. A novidade foi implantada pela Resolu\u00e7\u00e3o TSE n\u00ba 23.399\/2013, que disp\u00f5e sobre os atos preparat\u00f3rios para as elei\u00e7\u00f5es.<\/p>\n<p>Nas elei\u00e7\u00f5es gerais de 2010, essa possibilidade ficou restrita \u00e0s capitais. Naquele ano, 80.419 eleitores registraram o pedido para votar em tr\u00e2nsito no primeiro turno e 76.458 no segundo turno. (TRE\/MG)<\/p>\n","protected":false},"excerpt":{"rendered":"<p>Terminado o prazo para habilita\u00e7\u00e3o para votar em tr\u00e2nsito, 6.933 eleitores solicitaram \u00e0 Justi\u00e7a Eleitoral habilita\u00e7\u00e3o para votar em tr\u00e2nsito no primeiro turno em Minas Gerais. No caso de eventual segundo turno, 6.493 eleitores est\u00e3o inscritos para votar em tr\u00e2nsito no Estado. O prazo come\u00e7ou no dia 15 de julho e terminou nessa quinta-feira (21). [&hellip;]<\/p>\n","protected":false},"author":1,"featured_media":32754,"comment_status":"open","ping_status":"closed","sticky":false,"template":"","format":"standard","meta":{"amp_status":"","footnotes":""},"categories":[123],"tags":[194,1495,956,247,206,210,14312,220,221,13638],"class_list":["post-37952","post","type-post","status-publish","format-standard","has-post-thumbnail","hentry","category-gerais","tag-belo-horizonte","tag-betim","tag-contagem","tag-governador-valadares","tag-juiz-de-fora","tag-montes-claros","tag-quase-sete-mil-eleitores-se-inscreveram-para-votar-em-transito-no-primeiro-turno-em-minas","tag-uberaba","tag-uberlandia","tag-voto-em-transito"],"_links":{"self":[{"href":"https:\/\/aconteceunovale.com.br\/portal\/index.php?rest_route=\/wp\/v2\/posts\/37952","targetHints":{"allow":["GET"]}}],"collection":[{"href":"https:\/\/aconteceunovale.com.br\/portal\/index.php?rest_route=\/wp\/v2\/posts"}],"about":[{"href":"https:\/\/aconteceunovale.com.br\/portal\/index.php?rest_route=\/wp\/v2\/types\/post"}],"author":[{"embeddable":true,"href":"https:\/\/aconteceunovale.com.br\/portal\/index.php?rest_route=\/wp\/v2\/users\/1"}],"replies":[{"embeddable":true,"href":"https:\/\/aconteceunovale.com.br\/portal\/index.php?rest_route=%2Fwp%2Fv2%2Fcomments&post=37952"}],"version-history":[{"count":0,"href":"https:\/\/aconteceunovale.com.br\/portal\/index.php?rest_route=\/wp\/v2\/posts\/37952\/revisions"}],"wp:featuredmedia":[{"embeddable":true,"href":"https:\/\/aconteceunovale.com.br\/portal\/index.php?rest_route=\/wp\/v2\/media\/32754"}],"wp:attachment":[{"href":"https:\/\/aconteceunovale.com.br\/portal\/index.php?rest_route=%2Fwp%2Fv2%2Fmedia&parent=37952"}],"wp:term":[{"taxonomy":"category","embeddable":true,"href":"https:\/\/aconteceunovale.com.br\/portal\/index.php?rest_route=%2Fwp%2Fv2%2Fcategories&post=37952"},{"taxonomy":"post_tag","embeddable":true,"href":"https:\/\/aconteceunovale.com.br\/portal\/index.php?rest_route=%2Fwp%2Fv2%2Ftags&post=37952"}],"curies":[{"name":"wp","href":"https:\/\/api.w.org\/{rel}","templated":true}]}}