{"id":37949,"date":"2014-08-22T22:17:46","date_gmt":"2014-08-23T01:17:46","guid":{"rendered":"http:\/\/aconteceunovale.com.br\/portal\/?p=37949"},"modified":"2014-08-22T22:17:46","modified_gmt":"2014-08-23T01:17:46","slug":"suspeito-de-decepar-focinho-de-cachorro-e-ouvido-em-timoteo","status":"publish","type":"post","link":"https:\/\/aconteceunovale.com.br\/portal\/?p=37949","title":{"rendered":"Suspeito de decepar focinho de cachorro \u00e9 ouvido em Tim\u00f3teo"},"content":{"rendered":"<h4><strong><em>Homem pode responder pelo crime ambiental de maus-tratos. Delegado vai ouvir testemunhas para finalizar inqu\u00e9rito.<\/em><\/strong><\/h4>\n<p>A Pol\u00edcia Civil de Tim\u00f3teo ouviu na tarde desta sexta-feira (22) o homem suspeito de decepar o focinho de um cachorro no \u00faltimo domingo (17) no bairro Recanto Verde, em Tim\u00f3teo (MG).  O animal foi encontrado morto tr\u00eas dias ap\u00f3s o crime.<\/p>\n<p>O caso ganhou repercuss\u00e3o depois que um v\u00eddeo feito por uma moradora foi parar na internet e a popula\u00e7\u00e3o denunciou o autor da agress\u00e3o. Na \u00faltima quinta-feira (21) equipe do inspetor Tiago Euz\u00e9bio da Pol\u00edcia Civil localizou o suspeito escondido na casa da m\u00e3e no bairro Alegre. Ele foi intimado a comparecer na delegacia para prestar esclarecimentos sobre as acusa\u00e7\u00f5es.<\/p>\n<p><img decoding=\"async\" src=\"http:\/\/aconteceunovale.com.br\/portal\/wp-content\/uploads\/2014\/08\/mals_tratos_timoteo.jpg\" alt=\"\" \/><em>Animal teve focinho cortado por um fac\u00e3o (Foto: Reprodu\u00e7\u00e3o\/Facebook)<\/em><br \/>\n<\/br><\/p>\n<p>O suspeito que estava acompanhado por dois advogados negou ao delegado Vinicius Ferreira que tenha sido o autor da viol\u00eancia cometida contra o animal. O acusado n\u00e3o ficou preso, mas foi aberto um inqu\u00e9rito policial. Ele pode responder pelo crime de maus- tratos e pegar de tr\u00eas meses a um ano de deten\u00e7\u00e3o, por\u00e9m a pena \u00e9 aumentada em um sexto, j\u00e1 que o animal morreu.<\/p>\n<p>\u201cEstou finalizando as informa\u00e7\u00f5es do inqu\u00e9rito. O pr\u00f3ximo passo \u00e9 ouvir testemunhas e encaminhar para o Minist\u00e9rio P\u00fablico. Hoje, o suspeito foi somente intimidado a depor, nada ficou conclu\u00eddo\u201d, finaliza o delegado Vin\u00edcius Ferreira. (G1)<\/p>\n","protected":false},"excerpt":{"rendered":"<p>Homem pode responder pelo crime ambiental de maus-tratos. Delegado vai ouvir testemunhas para finalizar inqu\u00e9rito. A Pol\u00edcia Civil de Tim\u00f3teo ouviu na tarde desta sexta-feira (22) o homem suspeito de decepar o focinho de um cachorro no \u00faltimo domingo (17) no bairro Recanto Verde, em Tim\u00f3teo (MG). O animal foi encontrado morto tr\u00eas dias ap\u00f3s [&hellip;]<\/p>\n","protected":false},"author":1,"featured_media":37934,"comment_status":"open","ping_status":"closed","sticky":false,"template":"","format":"standard","meta":{"amp_status":"","footnotes":""},"categories":[121],"tags":[14311,1105],"class_list":["post-37949","post","type-post","status-publish","format-standard","has-post-thumbnail","hentry","category-leste","tag-suspeito-de-decepar-focinho-de-cachorro-e-ouvido-em-timoteo","tag-timoteo"],"_links":{"self":[{"href":"https:\/\/aconteceunovale.com.br\/portal\/index.php?rest_route=\/wp\/v2\/posts\/37949","targetHints":{"allow":["GET"]}}],"collection":[{"href":"https:\/\/aconteceunovale.com.br\/portal\/index.php?rest_route=\/wp\/v2\/posts"}],"about":[{"href":"https:\/\/aconteceunovale.com.br\/portal\/index.php?rest_route=\/wp\/v2\/types\/post"}],"author":[{"embeddable":true,"href":"https:\/\/aconteceunovale.com.br\/portal\/index.php?rest_route=\/wp\/v2\/users\/1"}],"replies":[{"embeddable":true,"href":"https:\/\/aconteceunovale.com.br\/portal\/index.php?rest_route=%2Fwp%2Fv2%2Fcomments&post=37949"}],"version-history":[{"count":0,"href":"https:\/\/aconteceunovale.com.br\/portal\/index.php?rest_route=\/wp\/v2\/posts\/37949\/revisions"}],"wp:featuredmedia":[{"embeddable":true,"href":"https:\/\/aconteceunovale.com.br\/portal\/index.php?rest_route=\/wp\/v2\/media\/37934"}],"wp:attachment":[{"href":"https:\/\/aconteceunovale.com.br\/portal\/index.php?rest_route=%2Fwp%2Fv2%2Fmedia&parent=37949"}],"wp:term":[{"taxonomy":"category","embeddable":true,"href":"https:\/\/aconteceunovale.com.br\/portal\/index.php?rest_route=%2Fwp%2Fv2%2Fcategories&post=37949"},{"taxonomy":"post_tag","embeddable":true,"href":"https:\/\/aconteceunovale.com.br\/portal\/index.php?rest_route=%2Fwp%2Fv2%2Ftags&post=37949"}],"curies":[{"name":"wp","href":"https:\/\/api.w.org\/{rel}","templated":true}]}}