{"id":37944,"date":"2014-08-22T22:06:57","date_gmt":"2014-08-23T01:06:57","guid":{"rendered":"http:\/\/aconteceunovale.com.br\/portal\/?p=37944"},"modified":"2014-08-22T22:10:46","modified_gmt":"2014-08-23T01:10:46","slug":"vendedores-de-pintinhos-coloridos-artificialmente-sao-presos-no-leste-de-minas","status":"publish","type":"post","link":"https:\/\/aconteceunovale.com.br\/portal\/?p=37944","title":{"rendered":"Vendedores de pintinhos coloridos artificialmente s\u00e3o presos no Leste de Minas"},"content":{"rendered":"<h4><strong><em>Detidos podem responder por crimes de maus-tratos. Pol\u00edcia apreendeu aproximadamente 680 pintinhos coloridos.<\/em><\/strong><\/h4>\n<p>Foram detidos na tarde dessa tarde sexta-feira (22), no Centro de Tim\u00f3teo (MG), dois homens suspeitos de comercializar pintinhos coloridos. Al\u00e9m dos detidos, a Pol\u00edcia Militar de Meio Ambiente tamb\u00e9m apreendeu 678 filhotes vivos, 11 machucados e 18 mortos.<\/p>\n<p>O Tenente \u00c1tila Porto disse que a Pol\u00edcia Ambiental recebeu diversas den\u00fancias informando a venda dos pintinhos e nessa sexta-feira eles conseguiram deter os dois homens em flagrante.<\/p>\n<p>Ainda segundo o Tenente \u00c1tila, os dois homens, um de 23 e outro de 24, foram encontrados vendendo os animais na cal\u00e7ada de uma movimentada Rua do Centro de Tim\u00f3teo. Os dois disseram para pol\u00edcia que os pintinhos, n\u00e3o s\u00e3o comprados no Vale do A\u00e7o, e que vem da regi\u00e3o nordeste do pa\u00eds.<\/p>\n<p><img decoding=\"async\" src=\"http:\/\/aconteceunovale.com.br\/portal\/wp-content\/uploads\/2014\/08\/pintinhos_presos.jpg\" alt=\"\" \/><em>Pintinhos eram comercializados no Centro de Tim\u00f3teo (Foto: Patr\u00edcia Belo \/ G1)<\/em><br \/>\n<\/br><\/p>\n<p>\u201cOs dois presos relataram que os pintinhos s\u00e3o trazidos de Pernambuco at\u00e9 S\u00e3o Paulo, e em seguida s\u00e3o levados para Governador Valadares. Depois que chega ao Vale do A\u00e7o, os interessados compram a mercadoria e desloca para as demais cidades. Essas informa\u00e7\u00f5es foram relatadas pelos autores, cabe a pol\u00edcia agora investigar melhor essa situa\u00e7\u00e3o\u201d, explica o tenente.<\/p>\n<p>Porto diz que os pintinhos eram vendidos por R$ 2 reais, e que segundo o relato dos presos, os animais chegavam j\u00e1 todos tingidos. \u201cEles contam que os animais j\u00e1 eram entregue a eles coloridos, e que eles somente vendiam os bichos. Os autores tamb\u00e9m n\u00e3o souberam explicar em detalhes como \u00e9 o esquema da venda que tem inicio no estado de Pernambuco\u201d, conta.<\/p>\n<h4>Laudo veterin\u00e1rio<\/h4>\n<p>Al\u00e9m da apreens\u00e3o das aves e da pris\u00e3o dos suspeitos, a Pol\u00edcia Militar procurou um profissional para emitir um laudo veterin\u00e1rio e explicar as condi\u00e7\u00f5es das \u00e0s aves. Segundo o diagn\u00f3stico os filhotes foram submetidos a anilinas caseiras, que podem ser t\u00f3xicas e levar a morte.<\/p>\n<p>\u201cSegundo a veterin\u00e1ria que emitiu o laudo, esses animais s\u00e3o molhados na anilina e depois s\u00e3o colocados para secar. Depois que s\u00e3o coloridos os animais come\u00e7am a se limpar e acabam ingerindo a subst\u00e2ncia toxicas. Esses pintinhos tem imunidade baixa e com o armazenamento das subst\u00e2ncia eles acabam morrendo. Esses bichos tem no m\u00e1ximo sete dias de vida. Outra coisa atestada no laudo \u00e9 o mal armazenamento e transporte, isso acaba acelerando o processo do \u00f3bito\u201d, disse Porto.<\/p>\n<p>Os autores ser\u00e3o encaminhados para delegacia de Tim\u00f3teo onde ser\u00e3o ouvidos e liberados, j\u00e1 que trata-se de um crime de menor potencial ofensivo. \u201cEles responder\u00e3o pelo crime de maus tratos e poder\u00e3o pegar de seis meses a um ano de deten\u00e7\u00e3o. Por\u00e9m o crime cabe fian\u00e7a e eles podem responder em liberdade\u201d, finaliza.<\/p>\n<p><strong><em>(Inter TV dos Vales)<\/em><\/strong><\/p>\n","protected":false},"excerpt":{"rendered":"<p>Detidos podem responder por crimes de maus-tratos. Pol\u00edcia apreendeu aproximadamente 680 pintinhos coloridos. Foram detidos na tarde dessa tarde sexta-feira (22), no Centro de Tim\u00f3teo (MG), dois homens suspeitos de comercializar pintinhos coloridos. Al\u00e9m dos detidos, a Pol\u00edcia Militar de Meio Ambiente tamb\u00e9m apreendeu 678 filhotes vivos, 11 machucados e 18 mortos. O Tenente \u00c1tila [&hellip;]<\/p>\n","protected":false},"author":1,"featured_media":37945,"comment_status":"open","ping_status":"closed","sticky":false,"template":"","format":"standard","meta":{"amp_status":"","footnotes":""},"categories":[121],"tags":[247,201,12300,14310,14309,1105,14308,14306,14307],"class_list":["post-37944","post","type-post","status-publish","format-standard","has-post-thumbnail","hentry","category-leste","tag-governador-valadares","tag-ipatinga","tag-pernambuco","tag-pintinhos-coloridos","tag-pintinhos-eram-comercializados-no-centro-de-timoteo","tag-timoteo","tag-vendedores-de-pintinhos-coloridos-artificialmente-sao-presos-em-ipatinga","tag-vendedores-de-pintinhos-coloridos-artificialmente-sao-presos-no-leste-de-minas","tag-vendedores-de-pintinhos-coloridos-artificialmente-sao-presos-no-vale-do-aco"],"_links":{"self":[{"href":"https:\/\/aconteceunovale.com.br\/portal\/index.php?rest_route=\/wp\/v2\/posts\/37944","targetHints":{"allow":["GET"]}}],"collection":[{"href":"https:\/\/aconteceunovale.com.br\/portal\/index.php?rest_route=\/wp\/v2\/posts"}],"about":[{"href":"https:\/\/aconteceunovale.com.br\/portal\/index.php?rest_route=\/wp\/v2\/types\/post"}],"author":[{"embeddable":true,"href":"https:\/\/aconteceunovale.com.br\/portal\/index.php?rest_route=\/wp\/v2\/users\/1"}],"replies":[{"embeddable":true,"href":"https:\/\/aconteceunovale.com.br\/portal\/index.php?rest_route=%2Fwp%2Fv2%2Fcomments&post=37944"}],"version-history":[{"count":0,"href":"https:\/\/aconteceunovale.com.br\/portal\/index.php?rest_route=\/wp\/v2\/posts\/37944\/revisions"}],"wp:featuredmedia":[{"embeddable":true,"href":"https:\/\/aconteceunovale.com.br\/portal\/index.php?rest_route=\/wp\/v2\/media\/37945"}],"wp:attachment":[{"href":"https:\/\/aconteceunovale.com.br\/portal\/index.php?rest_route=%2Fwp%2Fv2%2Fmedia&parent=37944"}],"wp:term":[{"taxonomy":"category","embeddable":true,"href":"https:\/\/aconteceunovale.com.br\/portal\/index.php?rest_route=%2Fwp%2Fv2%2Fcategories&post=37944"},{"taxonomy":"post_tag","embeddable":true,"href":"https:\/\/aconteceunovale.com.br\/portal\/index.php?rest_route=%2Fwp%2Fv2%2Ftags&post=37944"}],"curies":[{"name":"wp","href":"https:\/\/api.w.org\/{rel}","templated":true}]}}