{"id":37704,"date":"2014-08-19T14:36:46","date_gmt":"2014-08-19T17:36:46","guid":{"rendered":"http:\/\/aconteceunovale.com.br\/portal\/?p=37704"},"modified":"2014-08-19T14:36:46","modified_gmt":"2014-08-19T17:36:46","slug":"lista-de-convocados-para-amistosos-da-selecao-brasileira-tem-tres-jogadores-de-clubes-mineiros","status":"publish","type":"post","link":"https:\/\/aconteceunovale.com.br\/portal\/?p=37704","title":{"rendered":"Lista de convocados para amistosos da Sele\u00e7\u00e3o Brasileira tem tr\u00eas jogadores de clubes mineiros"},"content":{"rendered":"<p>Tr\u00eas jogadores de Minas Gerais est\u00e3o na lista da primeira convoca\u00e7\u00e3o do t\u00e9cnico Dunga: Everton Ribeiro e Ricardo Goulart, do Cruzeiro, e Diego Tardelli, do Atl\u00e9tico. A convoca\u00e7\u00e3o foi feita na manh\u00e3 desta ter\u00e7a-feira, na sede da CBF, no Rio de Janeiro.<\/p>\n<p>Dos tr\u00eas jogadores do futebol Mineiro, Everton Ribeiro e Ricardo Goulart v\u00e3o estrear na Sele\u00e7\u00e3o Brasileira. Tardelli, por sua vez, foi convocado e chegou a participar da lista reserva de Dunga para a Copa de 2010.<\/p>\n<p>O t\u00e9cnico cumpriu sua promessa de realizar uma mudan\u00e7a gradual da equipe ao chamar dez jogadores que participaram da Copa do Mundo, mas tamb\u00e9m algumas novidades, para os amistosos contra Col\u00f4mbia, em 5 de setembro, em Miami, e Equador, no dia 9, em Nova Jersey.<\/p>\n<p>Dunga voltou a chamar nomes que participaram do Mundial, casos do goleiro Jefferson, do lateral-direito Maicon, do zagueiro David Luiz, e os meio-campistas Luiz Gustavo, Fernandinho, Ramires, Oscar, Willian e os atacantes Neymar e Hulk. Por\u00e9m, n\u00e3o p\u00f4de contar, com o capit\u00e3o no Mundial, o zagueiro Thiago Silva, que est\u00e1 lesionado.<\/p>\n<p>Ele tamb\u00e9m apostou em destaques do futebol brasileiro, chamando, al\u00e9m do trio mineiro, os corintianos Gil e Elias. Al\u00e9m disso, convocou jovens que vinham se destacando no futebol europeus, mas n\u00e3o foram lembrados por Luiz Felipe Scolari para a \u00faltima Copa do Mundo, como o lateral Filipe Lu\u00eds e o zagueiro Marquinhos.<\/p>\n<p>Esses jogos nos Estados Unidos contra Col\u00f4mbia e Equadror ser\u00e3o os primeiros da nova Era Dunga, que volta ao comando da Sele\u00e7\u00e3o ap\u00f3s quatro anos &#8211; a sua primeira passagem se encerrou ap\u00f3s a elimina\u00e7\u00e3o nas quartas de final da Copa do Mundo de 2010, na \u00c1frica do Sul, com a derrota por 2 a 1 para a Holanda.<\/p>\n<p>Os duelos tamb\u00e9m ser\u00e3o os primeiros ap\u00f3s o fracasso do Brasil na \u00faltima Copa, em que o Brasil ficou na quarta coloca\u00e7\u00e3o, ap\u00f3s derrotas para Alemanha, por 7 a 1, nas semifinais, e a Holanda, por 3 a 0, na disputa do terceiro lugar.<\/p>\n<p>Depois destes dois primeiros amistosos sob o comando de Dunga nos Estados Unidos, o Brasil tem agendado para o dia 11 de outubro um confronto diante da Argentina, no Est\u00e1dio Ninho do P\u00e1ssaro, em Pequim, em mais uma edi\u00e7\u00e3o do Supercl\u00e1ssico das Am\u00e9ricas.<\/p>\n<p>Em seguida, no dia 14 do mesmo m\u00eas, a Sele\u00e7\u00e3o ter\u00e1 pela frente o Jap\u00e3o, em Cingapura, em outro amistoso de prepara\u00e7\u00e3o. Ap\u00f3s duelos diante de argentinos e japoneses, o Brasil far\u00e1 um amistoso contra a Turquia, no dia 12 de novembro, em Istambul.<\/p>\n<p><img decoding=\"async\" src=\"http:\/\/aconteceunovale.com.br\/portal\/wp-content\/uploads\/2014\/08\/amistosos_da_selecao_mineiros.jpg\" alt=\"\" \/><em>Ricardo Goulart, Diego Tardelli e Everton Ribeiro foram convocados &#8211; Foto: Divulga\u00e7\u00e3o<\/em><br \/>\n<\/br><\/p>\n<h4><strong>Confira a lista:<\/strong><\/h4>\n<p><strong>GOLEIROS<\/strong><\/p>\n<p>Jefferson (Botafogo)<\/p>\n<p>Rafael Cabral (Napoli-ITA)<\/p>\n<p><strong>ZAGUEIROS<\/strong><\/p>\n<p>David Luiz (PSG-FRA)<\/p>\n<p>Marquinhos (PSG-FRA)<\/p>\n<p>Gil (Corinthians)<\/p>\n<p>Miranda (Atl\u00e9tico de Madri-ESP)<\/p>\n<p><strong>LATERAIS<\/strong><\/p>\n<p>Maicon (Roma-ITA)<\/p>\n<p>Filipe Luis (Chelsea-ING)<\/p>\n<p>Alessandro (Porto-POR)<\/p>\n<p>Danilo (Porto-POR)<\/p>\n<p><strong>MEIO-CAMPISTAS<\/strong><\/p>\n<p>Luis Gustavo (Wolfsburg-ALE)<\/p>\n<p>Elias (Corinthians)<\/p>\n<p>Fernandinho (Manchester City-ING)<\/p>\n<p>Ramires (Chelsea-ING)<\/p>\n<p>Everton Ribeiro (Cruzeiro)<\/p>\n<p>Oscar (Chelsea-ING)<\/p>\n<p>Willian (Chelsea-ING)<\/p>\n<p>Coutinho (Liverpool-ING)<\/p>\n<p>Ricardo Goulart (Cruzeiro)<\/p>\n<p><strong>ATACANTES<\/strong><\/p>\n<p>Hulk (Zenit-RUS)<\/p>\n<p>Neymar (Barcelona-ESP)<\/p>\n<p>Tardelli (Atl\u00e9tico)<\/p>\n<p><strong><em>(Fonte: R\u00e1dio Itatiaia)<\/em><\/strong><\/p>\n","protected":false},"excerpt":{"rendered":"<p>Tr\u00eas jogadores de Minas Gerais est\u00e3o na lista da primeira convoca\u00e7\u00e3o do t\u00e9cnico Dunga: Everton Ribeiro e Ricardo Goulart, do Cruzeiro, e Diego Tardelli, do Atl\u00e9tico. A convoca\u00e7\u00e3o foi feita na manh\u00e3 desta ter\u00e7a-feira, na sede da CBF, no Rio de Janeiro. Dos tr\u00eas jogadores do futebol Mineiro, Everton Ribeiro e Ricardo Goulart v\u00e3o estrear [&hellip;]<\/p>\n","protected":false},"author":1,"featured_media":37705,"comment_status":"open","ping_status":"closed","sticky":false,"template":"","format":"standard","meta":{"amp_status":"","footnotes":""},"categories":[59],"tags":[14077,14078,14074,14079,14075,14073,14076],"class_list":["post-37704","post","type-post","status-publish","format-standard","has-post-thumbnail","hentry","category-sports","tag-amistosos-da-selecao-brasileira","tag-convocados-para-amistosos-da-selecao-brasileira","tag-diego-tardeli","tag-dunga","tag-everton-ribeiro","tag-lista-de-convocados-para-amistosos-da-selecao-brasileira-tem-tres-jogadores-de-clubes-mineiros","tag-ricardo-goulart"],"_links":{"self":[{"href":"https:\/\/aconteceunovale.com.br\/portal\/index.php?rest_route=\/wp\/v2\/posts\/37704","targetHints":{"allow":["GET"]}}],"collection":[{"href":"https:\/\/aconteceunovale.com.br\/portal\/index.php?rest_route=\/wp\/v2\/posts"}],"about":[{"href":"https:\/\/aconteceunovale.com.br\/portal\/index.php?rest_route=\/wp\/v2\/types\/post"}],"author":[{"embeddable":true,"href":"https:\/\/aconteceunovale.com.br\/portal\/index.php?rest_route=\/wp\/v2\/users\/1"}],"replies":[{"embeddable":true,"href":"https:\/\/aconteceunovale.com.br\/portal\/index.php?rest_route=%2Fwp%2Fv2%2Fcomments&post=37704"}],"version-history":[{"count":0,"href":"https:\/\/aconteceunovale.com.br\/portal\/index.php?rest_route=\/wp\/v2\/posts\/37704\/revisions"}],"wp:featuredmedia":[{"embeddable":true,"href":"https:\/\/aconteceunovale.com.br\/portal\/index.php?rest_route=\/wp\/v2\/media\/37705"}],"wp:attachment":[{"href":"https:\/\/aconteceunovale.com.br\/portal\/index.php?rest_route=%2Fwp%2Fv2%2Fmedia&parent=37704"}],"wp:term":[{"taxonomy":"category","embeddable":true,"href":"https:\/\/aconteceunovale.com.br\/portal\/index.php?rest_route=%2Fwp%2Fv2%2Fcategories&post=37704"},{"taxonomy":"post_tag","embeddable":true,"href":"https:\/\/aconteceunovale.com.br\/portal\/index.php?rest_route=%2Fwp%2Fv2%2Ftags&post=37704"}],"curies":[{"name":"wp","href":"https:\/\/api.w.org\/{rel}","templated":true}]}}