{"id":37670,"date":"2014-08-19T12:57:42","date_gmt":"2014-08-19T15:57:42","guid":{"rendered":"http:\/\/aconteceunovale.com.br\/portal\/?p=37670"},"modified":"2014-08-19T12:59:16","modified_gmt":"2014-08-19T15:59:16","slug":"adolescente-de-15-anos-forja-sequestro-para-passear-em-belo-horizonte-com-amiga","status":"publish","type":"post","link":"https:\/\/aconteceunovale.com.br\/portal\/?p=37670","title":{"rendered":"Adolescente de 15 anos forja sequestro para passear com amiga em Belo Horizonte"},"content":{"rendered":"<p>A menina de 15 anos que estava desaparecida e afirmou \u00e0 fam\u00edlia que havia sido sequestrada em Inhapim, no Vale do Rio Doce, e levada para o Rio de Janeiro foi encontrada passeando em Belo Horizonte. A informa\u00e7\u00e3o foi confirmada pelo pai da adolescente na manh\u00e3 desta ter\u00e7a-feira (19).<\/p>\n<p>Segundo Jadir Ant\u00f4nio dos Santos, a filha foi encontrada no \u00faltimo fim de semana. \u201cTentamos contato no celular dela e uma senhora atendeu dizendo que minha filha estava bem\u201d, contou Santos.<\/p>\n<p>Lorena Oliveira Santos sumiu na \u00faltima ter\u00e7a-feira (12) ao sair de casa para fazer inscri\u00e7\u00e3o em um curso de manicure. Durante os dias que esteve desaparecida, a menor chegou a mandar mensagens de texto para os familiares contando que estava trancada dentro de um trailer com outras duas meninas, que seriam de S\u00e3o Paulo. A adolescente chegou a afirmar que estava passando fome e sede. <\/p>\n<p><img decoding=\"async\" src=\"http:\/\/aconteceunovale.com.br\/portal\/wp-content\/uploads\/2014\/08\/crianca_desaparecida_inhapim.jpg\" alt=\"\" \/><em>Lorena saiu de casa apenas com um documento de identidade &#8211; Foto: Super Canal<\/em><br \/>\n<\/br><\/p>\n<p>\u201cEla saiu da cidade com uma amiga e pegou carona. N\u00e3o foi obrigada por ningu\u00e9m. A m\u00e3e dela foi at\u00e9 Belo Horizonte para busc\u00e1-la e elas est\u00e3o em outra cidade. Est\u00e1 tudo bem, mas fiquei decepcionado com a mentira. Agora, ela deve morar com a m\u00e3e\u201d, desabafou o pai.<\/p>\n<p>Na \u00faltima semana, a delegada de Inhapim, Tatiana Neves, descartou a possibilidade de sequestro e afirmou que j\u00e1 tinha informa\u00e7\u00f5es que a jovem estava em Santa Luzia, na Grande BH.<\/p>\n<p>\u201c\u00c9 muito dif\u00edcil um sequestrador n\u00e3o ver que a v\u00edtima est\u00e1 com um celular mandando mensagens para a fam\u00edlia. Al\u00e9m disso, em todos esses dias de desaparecimento, o aparelho telef\u00f4nico n\u00e3o descarregou\u201d, explicou  Tatiana na ocasi\u00e3o.<\/p>\n<h4>Outra vers\u00e3o<\/h4>\n<p>Poliana foi ouvida pela delegada e afirmou que fugiu de casa porque apanhava do pai. Na vers\u00e3o da garota, ela foi para a capital acompanhando a amiga de 17 anos, que tamb\u00e9m fugiu de Inhapim para se casar na capital mineira.<\/p>\n<p>&#8220;Ao ser localizada pela fam\u00edlia materna, ela disse que n\u00e3o desejava voltar para o conv\u00edvio com o pai. As den\u00fancias que ela teria sido agredida por ele ser\u00e3o investigadas&#8221;, finalizou Tatiana. <\/p>\n<p><strong>(O Tempo)<\/strong><\/p>\n","protected":false},"excerpt":{"rendered":"<p>A menina de 15 anos que estava desaparecida e afirmou \u00e0 fam\u00edlia que havia sido sequestrada em Inhapim, no Vale do Rio Doce, e levada para o Rio de Janeiro foi encontrada passeando em Belo Horizonte. A informa\u00e7\u00e3o foi confirmada pelo pai da adolescente na manh\u00e3 desta ter\u00e7a-feira (19). Segundo Jadir Ant\u00f4nio dos Santos, a [&hellip;]<\/p>\n","protected":false},"author":1,"featured_media":37381,"comment_status":"open","ping_status":"closed","sticky":false,"template":"","format":"standard","meta":{"amp_status":"","footnotes":""},"categories":[121],"tags":[14043,14042,1018,296,13807,13806,14041,1498],"class_list":["post-37670","post","type-post","status-publish","format-standard","has-post-thumbnail","hentry","category-leste","tag-adolescente-de-15-anos-forja-sequestro-para-passear-com-amiga-em-belo-horizonte","tag-adolescente-de-15-anos-forja-sequestro-para-passear-em-belo-horizonte-com-amiga","tag-destaque","tag-inhapim","tag-jadir-antonio-dos-santos","tag-lorena-oliveira-santos","tag-poliana-oliveira-santos","tag-santa-luzia"],"_links":{"self":[{"href":"https:\/\/aconteceunovale.com.br\/portal\/index.php?rest_route=\/wp\/v2\/posts\/37670","targetHints":{"allow":["GET"]}}],"collection":[{"href":"https:\/\/aconteceunovale.com.br\/portal\/index.php?rest_route=\/wp\/v2\/posts"}],"about":[{"href":"https:\/\/aconteceunovale.com.br\/portal\/index.php?rest_route=\/wp\/v2\/types\/post"}],"author":[{"embeddable":true,"href":"https:\/\/aconteceunovale.com.br\/portal\/index.php?rest_route=\/wp\/v2\/users\/1"}],"replies":[{"embeddable":true,"href":"https:\/\/aconteceunovale.com.br\/portal\/index.php?rest_route=%2Fwp%2Fv2%2Fcomments&post=37670"}],"version-history":[{"count":0,"href":"https:\/\/aconteceunovale.com.br\/portal\/index.php?rest_route=\/wp\/v2\/posts\/37670\/revisions"}],"wp:featuredmedia":[{"embeddable":true,"href":"https:\/\/aconteceunovale.com.br\/portal\/index.php?rest_route=\/wp\/v2\/media\/37381"}],"wp:attachment":[{"href":"https:\/\/aconteceunovale.com.br\/portal\/index.php?rest_route=%2Fwp%2Fv2%2Fmedia&parent=37670"}],"wp:term":[{"taxonomy":"category","embeddable":true,"href":"https:\/\/aconteceunovale.com.br\/portal\/index.php?rest_route=%2Fwp%2Fv2%2Fcategories&post=37670"},{"taxonomy":"post_tag","embeddable":true,"href":"https:\/\/aconteceunovale.com.br\/portal\/index.php?rest_route=%2Fwp%2Fv2%2Ftags&post=37670"}],"curies":[{"name":"wp","href":"https:\/\/api.w.org\/{rel}","templated":true}]}}