{"id":37663,"date":"2014-08-19T10:02:23","date_gmt":"2014-08-19T13:02:23","guid":{"rendered":"http:\/\/aconteceunovale.com.br\/portal\/?p=37663"},"modified":"2014-08-19T10:02:23","modified_gmt":"2014-08-19T13:02:23","slug":"carreta-carregada-de-eucalipto-tomba-na-mg-114-em-virgem-da-lapa","status":"publish","type":"post","link":"https:\/\/aconteceunovale.com.br\/portal\/?p=37663","title":{"rendered":"Carreta carregada de eucalipto tomba na MG-114 em Virgem da Lapa"},"content":{"rendered":"<h4><strong><em>De acordo com a Pol\u00edcia Rodovi\u00e1ria, acidentes com carretas carregadas de eucalipto est\u00e3o ocorrendo com frequ\u00eancia na regi\u00e3o. Elas transportam a madeira produzida no Alto Vale do Jequitinhonha<\/em><\/strong><\/h4>\n<p>Uma carreta carregada de madeira de eucalipto tombou nesta segunda-feira (18) no Km 41 da MG-114, a 4 quil\u00f4metros de Virgem da Lapa, no Vale do Jequitinhonha.<\/p>\n<p><img decoding=\"async\" src=\"http:\/\/aconteceunovale.com.br\/portal\/wp-content\/uploads\/2014\/08\/acidente_vdl_18_8_1.jpg\" alt=\"\" \/><em>Oper\u00e1rios e um trator foram utilizados para retirar a madeira da estrada &#8211; Foto: Janser Oliveira<\/em><br \/>\n<\/br><\/p>\n<p>\u201cO acidente ocorreu por volta das 11 horas e 30 minutos, mas a Pol\u00edcia Rodovi\u00e1ria s\u00f3 foi acionada no final da tarde\u201d, informou o Sargento L\u00e1zaro Ferreira Lima, Comandante do Grupo de Tr\u00e2nsito da Pol\u00edcia Rodovi\u00e1ria Estadual.<\/p>\n<p>Segundo ele, uma falha mec\u00e2nica no sistema de freios da carreta pode ter provocado o acidente. O motorista J\u00falio Elias de Carvalho, de 33 anos, contou que a carreta perdeu os freios na descida da chapada.<\/p>\n<p>\u201cPara evitar um mal maior, ele jogou o ve\u00edculo para a esquerda e conseguiu entrar em uma estrada vicinal. Como a carreta \u00e9 muito grande e estava carregada, acabou tombando\u201d, disse o Sargento L\u00e1zaro.<\/p>\n<p>A estrada ficou parcialmente obstru\u00edda. Um trator que prestava servi\u00e7os para o DER nas proximidades, foi usado para retirar a madeira e liberar o tr\u00e2nsito.<\/p>\n<p>O motorista, natural de Virgem da Lapa, n\u00e3o se feriu. A carreta prestava servi\u00e7os para a Transportadora Expresso Nepomuceno, com escrit\u00f3rio em Ara\u00e7ua\u00ed.<\/p>\n<p>Ainda segundo o Sargento L\u00e1zaro Lima, ao longo do percurso entre o munic\u00edpio de Senador Modestino, no Alto Vale do Jequitinhonha, em Minas Gerais, e Mucuri, na Bahia, onde ocorre a entrega final da madeira do eucalipto, est\u00e1 ficando comum o registro desse tipo de acidente.<\/p>\n<p>Na regi\u00e3o do Alto Vale do Jequitinhonha, est\u00e1 localizada uma das maiores planta\u00e7\u00f5es de eucalipto do planeta. Pelo menos 50 carretas carregadas com eucalipto transitam diariamente pelos trechos da regi\u00e3o.<\/p>\n<p><img decoding=\"async\" src=\"http:\/\/aconteceunovale.com.br\/portal\/wp-content\/uploads\/2014\/08\/acidente_vdl_18_8_2.jpg\" alt=\"\" \/><em>A carreta estava a servi\u00e7o da Expresso Nepomuceno &#8211; Foto: Janser Oliveira<\/em><br \/>\n<\/br><\/p>\n<p><strong><em>(Fonte: Gazeta de Ara\u00e7ua\u00ed)<\/em><\/strong><\/p>\n","protected":false},"excerpt":{"rendered":"<p>De acordo com a Pol\u00edcia Rodovi\u00e1ria, acidentes com carretas carregadas de eucalipto est\u00e3o ocorrendo com frequ\u00eancia na regi\u00e3o. Elas transportam a madeira produzida no Alto Vale do Jequitinhonha Uma carreta carregada de madeira de eucalipto tombou nesta segunda-feira (18) no Km 41 da MG-114, a 4 quil\u00f4metros de Virgem da Lapa, no Vale do Jequitinhonha. [&hellip;]<\/p>\n","protected":false},"author":1,"featured_media":37664,"comment_status":"open","ping_status":"closed","sticky":false,"template":"","format":"standard","meta":{"amp_status":"","footnotes":""},"categories":[120],"tags":[186,14040,482],"class_list":["post-37663","post","type-post","status-publish","format-standard","has-post-thumbnail","hentry","category-jequi","tag-aracuai","tag-carreta-carregada-de-eucalipto-tomba-na-mg-114-em-virgem-da-lapa","tag-virgem-da-lapa"],"_links":{"self":[{"href":"https:\/\/aconteceunovale.com.br\/portal\/index.php?rest_route=\/wp\/v2\/posts\/37663","targetHints":{"allow":["GET"]}}],"collection":[{"href":"https:\/\/aconteceunovale.com.br\/portal\/index.php?rest_route=\/wp\/v2\/posts"}],"about":[{"href":"https:\/\/aconteceunovale.com.br\/portal\/index.php?rest_route=\/wp\/v2\/types\/post"}],"author":[{"embeddable":true,"href":"https:\/\/aconteceunovale.com.br\/portal\/index.php?rest_route=\/wp\/v2\/users\/1"}],"replies":[{"embeddable":true,"href":"https:\/\/aconteceunovale.com.br\/portal\/index.php?rest_route=%2Fwp%2Fv2%2Fcomments&post=37663"}],"version-history":[{"count":0,"href":"https:\/\/aconteceunovale.com.br\/portal\/index.php?rest_route=\/wp\/v2\/posts\/37663\/revisions"}],"wp:featuredmedia":[{"embeddable":true,"href":"https:\/\/aconteceunovale.com.br\/portal\/index.php?rest_route=\/wp\/v2\/media\/37664"}],"wp:attachment":[{"href":"https:\/\/aconteceunovale.com.br\/portal\/index.php?rest_route=%2Fwp%2Fv2%2Fmedia&parent=37663"}],"wp:term":[{"taxonomy":"category","embeddable":true,"href":"https:\/\/aconteceunovale.com.br\/portal\/index.php?rest_route=%2Fwp%2Fv2%2Fcategories&post=37663"},{"taxonomy":"post_tag","embeddable":true,"href":"https:\/\/aconteceunovale.com.br\/portal\/index.php?rest_route=%2Fwp%2Fv2%2Ftags&post=37663"}],"curies":[{"name":"wp","href":"https:\/\/api.w.org\/{rel}","templated":true}]}}