{"id":37654,"date":"2014-08-19T09:37:54","date_gmt":"2014-08-19T12:37:54","guid":{"rendered":"http:\/\/aconteceunovale.com.br\/portal\/?p=37654"},"modified":"2014-08-19T13:19:23","modified_gmt":"2014-08-19T16:19:23","slug":"tres-pessoas-da-mesma-familia-morrem-em-acidente-envolvendo-carro-e-trator-na-br-135","status":"publish","type":"post","link":"https:\/\/aconteceunovale.com.br\/portal\/?p=37654","title":{"rendered":"Tr\u00eas pessoas da mesma fam\u00edlia morrem em acidente envolvendo carro e trator na BR-135"},"content":{"rendered":"<h4><strong><em>Acidente foi registrado na BR-135, no trevo de Joaquim Fel\u00edcio. V\u00edtimas estavam no carro de passeio.<\/em><\/strong><\/h4>\n<p>Um grave acidente entre um trator e um carro de passeio deixou tr\u00eas pessoas mortas, na noite dessa segunda-feira (18), na BR-135, em Joaquim Fel\u00edcio, no Norte de Minas. As v\u00edtimas eram da mesma fam\u00edlia.<\/p>\n<p>De acordo com o Corpo de Bombeiros de Curvelo, o Corsa com placas de Contagem (MG) bateu na traseira de um trator, que estava com uma carreta acoplada e carregada com madeira. O ve\u00edculo maior, que seguia no sentido Belo Horizonte, estava sem ilumina\u00e7\u00e3o.<\/p>\n<p>As tr\u00eas v\u00edtimas, dois irm\u00e3os e um tio, morreram na hora presos \u00e0s ferragens. Ap\u00f3s os trabalhos da per\u00edcia, os corpos foram encaminhados ao Instituto M\u00e9dico Legal (IML) de Curvelo.<\/p>\n<p>A Pol\u00edcia Rodovi\u00e1ria Federal informou que a carreta estava sem sinaliza\u00e7\u00e3o e que a lenha n\u00e3o tinha nota. O tratorista n\u00e3o foi encontrado para prestar esclarecimentos.<\/p>\n<p><img decoding=\"async\" src=\"http:\/\/aconteceunovale.com.br\/portal\/wp-content\/uploads\/2014\/08\/acidente_joaquim_felicio_19_8.jpg\" alt=\"\" \/><em>Acidente aconteceu por volta de 21h &#8211; Foto: Paulo Rodrigues\/O Tempo<\/em><br \/>\n<\/br><\/p>\n<h4>Outro acidente<\/h4>\n<p>Uma mulher morreu, na manh\u00e3 desta ter\u00e7a-feira (19), em uma colis\u00e3o frontal entre uma carreta e um carro, na BR-135, em Curvelo, na regi\u00e3o Central de Minas.<\/p>\n<p>De acordo com informa\u00e7\u00f5es da Pol\u00edcia Rodovi\u00e1ria Federal (PRF), a batida foi na altura do km 623, pr\u00f3ximo ao Restaurante Tiziu. Com colis\u00e3o, a motorista do Fiat Idea, com placas de Belo Horizonte, L.B., 43, morreu na hora. O condutor da carreta, de Contagem, A.C.T.L,, 35, saiu ileso do acidente.<\/p>\n<p>O acidente n\u00e3o causou grande reflexos no tr\u00e2nsito, porque os ve\u00edculos ficaram da pista. O corpo foi removido para o Instituto M\u00e9dico Legal de Curvelo. <\/p>\n<p><strong>(O Tempo)<\/strong><\/p>\n","protected":false},"excerpt":{"rendered":"<p>Acidente foi registrado na BR-135, no trevo de Joaquim Fel\u00edcio. V\u00edtimas estavam no carro de passeio. Um grave acidente entre um trator e um carro de passeio deixou tr\u00eas pessoas mortas, na noite dessa segunda-feira (18), na BR-135, em Joaquim Fel\u00edcio, no Norte de Minas. As v\u00edtimas eram da mesma fam\u00edlia. De acordo com o [&hellip;]<\/p>\n","protected":false},"author":1,"featured_media":37668,"comment_status":"open","ping_status":"closed","sticky":false,"template":"","format":"standard","meta":{"amp_status":"","footnotes":""},"categories":[1236],"tags":[194,956,197,1043,14035],"class_list":["post-37654","post","type-post","status-publish","format-standard","has-post-thumbnail","hentry","category-norte_de_minas","tag-belo-horizonte","tag-contagem","tag-curvelo","tag-joaquim-felicio","tag-tres-pessoas-da-mesma-familia-morrem-em-acidente-envolvendo-carro-e-trator-na-br-135"],"_links":{"self":[{"href":"https:\/\/aconteceunovale.com.br\/portal\/index.php?rest_route=\/wp\/v2\/posts\/37654","targetHints":{"allow":["GET"]}}],"collection":[{"href":"https:\/\/aconteceunovale.com.br\/portal\/index.php?rest_route=\/wp\/v2\/posts"}],"about":[{"href":"https:\/\/aconteceunovale.com.br\/portal\/index.php?rest_route=\/wp\/v2\/types\/post"}],"author":[{"embeddable":true,"href":"https:\/\/aconteceunovale.com.br\/portal\/index.php?rest_route=\/wp\/v2\/users\/1"}],"replies":[{"embeddable":true,"href":"https:\/\/aconteceunovale.com.br\/portal\/index.php?rest_route=%2Fwp%2Fv2%2Fcomments&post=37654"}],"version-history":[{"count":0,"href":"https:\/\/aconteceunovale.com.br\/portal\/index.php?rest_route=\/wp\/v2\/posts\/37654\/revisions"}],"wp:featuredmedia":[{"embeddable":true,"href":"https:\/\/aconteceunovale.com.br\/portal\/index.php?rest_route=\/wp\/v2\/media\/37668"}],"wp:attachment":[{"href":"https:\/\/aconteceunovale.com.br\/portal\/index.php?rest_route=%2Fwp%2Fv2%2Fmedia&parent=37654"}],"wp:term":[{"taxonomy":"category","embeddable":true,"href":"https:\/\/aconteceunovale.com.br\/portal\/index.php?rest_route=%2Fwp%2Fv2%2Fcategories&post=37654"},{"taxonomy":"post_tag","embeddable":true,"href":"https:\/\/aconteceunovale.com.br\/portal\/index.php?rest_route=%2Fwp%2Fv2%2Ftags&post=37654"}],"curies":[{"name":"wp","href":"https:\/\/api.w.org\/{rel}","templated":true}]}}