{"id":37636,"date":"2014-08-18T21:57:41","date_gmt":"2014-08-19T00:57:41","guid":{"rendered":"http:\/\/aconteceunovale.com.br\/portal\/?p=37636"},"modified":"2014-08-18T22:24:25","modified_gmt":"2014-08-19T01:24:25","slug":"dilma-foge-de-polemicas-e-se-recusa-a-comentar-sobre-casos-de-corrupcao-envolvendo-membros-do-pt","status":"publish","type":"post","link":"https:\/\/aconteceunovale.com.br\/portal\/?p=37636","title":{"rendered":"Dilma foge de pol\u00eamicas e se recusa a comentar sobre casos de corrup\u00e7\u00e3o envolvendo membros do PT"},"content":{"rendered":"<p>Em entrevista na noite desta segunda-feira (18) ao &#8220;Jornal Nacional&#8221;, a presidente e candidata \u00e0 reelei\u00e7\u00e3o, Dilma Rousseff, se recusou a comentar o comportamento da milit\u00e2ncia do PT diante do julgamento do mensal\u00e3o. A mandat\u00e1ria foi questionada pelos apresentadores do telejornal sobre a atitude dos petistas, que trataram os condenados pelo STF (Supremo Tribunal Federal) como &#8220;guerreiros&#8221;.<\/p>\n<p>&#8220;Eu sou presidente da Rep\u00fablica, n\u00e3o fa\u00e7o nenhuma observa\u00e7\u00e3o sobre julgamentos realizados pelo STF por um motivo simples: a Constitui\u00e7\u00e3o exige que o Presidente da Rep\u00fablica e os demais chefes do poder respeitemos e consideramos a autonomia desses \u00f3rg\u00e3os&#8221;, afirmou.<\/p>\n<p><img decoding=\"async\" src=\"http:\/\/aconteceunovale.com.br\/portal\/wp-content\/uploads\/2014\/08\/fugiu_das_polemicas.jpg\" alt=\"\" \/><em>Dilma Rousseff durante entrevista ao &#8220;Jornal Nacional&#8221; &#8211; Foto: Reprodu\u00e7\u00e3o\/Globo<\/em><br \/>\n<\/br><\/p>\n<p>Dilma foi interrompida pelo apresentador William Bonner, que a lembrou que o questionamento dele referia-se ao comportamento da milit\u00e2ncia do partido, e n\u00e3o da Suprema Corte. Na resposta, mais uma vez Dilma n\u00e3o quis fazer coment\u00e1rios. &#8220;Eu n\u00e3o vou tomar nenhuma posi\u00e7\u00e3o que me coloque em confronto e conflito ou aceitando ou n\u00e3o. Eu respeito a decis\u00e3o do STF. Isso n\u00e3o \u00e9 uma quest\u00e3o subjetiva.&#8221;<\/p>\n<p>Ao longo da entrevista, a candidata petista deu respostas longas e pausadas e n\u00e3o deixou ser interrompida pelos apresentadores enquanto falava.<\/p>\n<p>A presidente foi confrontada sobre casos suspeitos de corrup\u00e7\u00e3o em seu governo, entre eles os que resultaram na troca de ministros, e questionada sobre &#8220;qual \u00e9 a dificuldade de se cercar de pessoas honestas&#8221;. Dilma respondeu que seu governo foi &#8220;o que mais estruturou mecanismos de combate a corrup\u00e7\u00e3o&#8221; e que a Pol\u00edcia Federal (PF) ganhou &#8220;imensa autonomia&#8221; para investigar. <\/p>\n<p>Ainda sobre os casos de corrup\u00e7\u00e3o nos minist\u00e9rios, Dilma disse que &#8220;nem todas as den\u00fancias de esc\u00e2ndalo resultaram realmente na constata\u00e7\u00e3o de que a pessoa tinha que ser punida e condenada&#8221;. &#8220;Pelo contr\u00e1rio, muitos daqueles que foram identificados como tendo praticado atos indevidos foram inocentados&#8221;, disse.<\/p>\n<p>A petista aproveitou o assunto para cutucar Fernando Henrique Cardoso, ao afirmar que, nas administra\u00e7\u00f5es dela e de Luiz In\u00e1cio Lula da Silva, &#8220;nenhum procurador foi chamado de &#8216;engavetador-geral da Rep\u00fablica'&#8221; &#8211; no governo do tucano, o apelido foi dado ao procurador-geral Geraldo Brindeiro.<\/p>\n<h4>Sa\u00fade e economia<\/h4>\n<p>Perguntada sobre se diria aos telespectadores que a sa\u00fade p\u00fablica do pa\u00eds est\u00e1 &#8220;minimamente razo\u00e1vel&#8221;, Dilma tergiversou e afirmou que o pa\u00eds precisa de uma &#8220;reforma federativa&#8221;. &#8220;N\u00e3o acho [que esteja minimamente razo\u00e1vel], at\u00e9 porque o Brasil precisa de uma reforma federativa. H\u00e1 responsabilidades municipais, estaduais e federais&#8221;, disse a presidente, que prosseguiu citando o programa Mais M\u00e9dicos. &#8220;[A falta de m\u00e9dicos] n\u00f3s assumimos como [uma responsabilidade] federal porque temos mais recursos.&#8221;<\/p>\n<p>No final da entrevista, Bonner citou dados da economia, como a alta da infla\u00e7\u00e3o e o baixo crescimento do PIB (Produto Interno Bruto), e perguntou a Dilma se ela n\u00e3o achava que o governo federal tem algum papel sobre o cen\u00e1rio atual.<\/p>\n<p>&#8220;N\u00f3s enfrentamos a crise pela primeira vez no Brasil n\u00e3o desempregando, n\u00e3o arrochando o trabalho e n\u00e3o aumentando os tributos.&#8221; A mandat\u00e1ria acrescentou que o governo possui &#8220;\u00edndices antecedentes&#8221; que mostram que haver\u00e1 uma recupera\u00e7\u00e3o da economia no segundo semestre.<\/p>\n<p>No encerramento, Dilma afirmou que quer permanecer no cargo para que o Brasil &#8220;continuar a ser um pa\u00eds de classe m\u00e9dia.&#8221;<\/p>\n<h4>Pesquisas<\/h4>\n<p>Dilma aparece em primeiro lugar na pesquisa Datafolha divulgada hoje, com 36% das inten\u00e7\u00f5es de voto. Atr\u00e1s dela est\u00e1 a ex-senadora Marina Silva (PSB), com 21%, tecnicamente empatada com A\u00e9cio (20%). A margem de erro \u00e9 de dois pontos percentuais para mais ou para menos.<\/p>\n<p>Quanto a um eventual segundo turno, a pesquisa apontou que h\u00e1 empate t\u00e9cnico entre Marina e Dilma. A candidata do PSB obteve 47% das inten\u00e7\u00f5es ante 43% da petista. Contra A\u00e9cio, Dilma venceria por 47% a 39%.<\/p>\n<p><strong><em>(Fonte: UOL)<\/em><\/strong><\/p>\n","protected":false},"excerpt":{"rendered":"<p>Em entrevista na noite desta segunda-feira (18) ao &#8220;Jornal Nacional&#8221;, a presidente e candidata \u00e0 reelei\u00e7\u00e3o, Dilma Rousseff, se recusou a comentar o comportamento da milit\u00e2ncia do PT diante do julgamento do mensal\u00e3o. A mandat\u00e1ria foi questionada pelos apresentadores do telejornal sobre a atitude dos petistas, que trataram os condenados pelo STF (Supremo Tribunal Federal) [&hellip;]<\/p>\n","protected":false},"author":1,"featured_media":37641,"comment_status":"open","ping_status":"closed","sticky":false,"template":"","format":"standard","meta":{"amp_status":"","footnotes":""},"categories":[6],"tags":[1018,14019,14021,14024,14023,14022,14020,14027,14026,14025],"class_list":["post-37636","post","type-post","status-publish","format-standard","has-post-thumbnail","hentry","category-br","tag-destaque","tag-dilma-foge-de-polemicas-e-se-recusa-a-comentar-sobre-casos-de-corrupcao-envolvendo-membros-do-pt","tag-dilma-rousseff-no-jornal-nacional","tag-dilma-se-recusa-a-falar-sobre-corrupcao-no-jornal-nacional","tag-dilma-se-recusa-a-falar-sobre-mensalao-no-jornal-nacional","tag-entrevista-com-dilma-rousseff","tag-entrevista-com-dilma-rousseff-no-jornal-nacional","tag-jornal-nacional-acaba-com-dilma-rousseff","tag-patricia-poeta","tag-willian-bonner"],"_links":{"self":[{"href":"https:\/\/aconteceunovale.com.br\/portal\/index.php?rest_route=\/wp\/v2\/posts\/37636","targetHints":{"allow":["GET"]}}],"collection":[{"href":"https:\/\/aconteceunovale.com.br\/portal\/index.php?rest_route=\/wp\/v2\/posts"}],"about":[{"href":"https:\/\/aconteceunovale.com.br\/portal\/index.php?rest_route=\/wp\/v2\/types\/post"}],"author":[{"embeddable":true,"href":"https:\/\/aconteceunovale.com.br\/portal\/index.php?rest_route=\/wp\/v2\/users\/1"}],"replies":[{"embeddable":true,"href":"https:\/\/aconteceunovale.com.br\/portal\/index.php?rest_route=%2Fwp%2Fv2%2Fcomments&post=37636"}],"version-history":[{"count":0,"href":"https:\/\/aconteceunovale.com.br\/portal\/index.php?rest_route=\/wp\/v2\/posts\/37636\/revisions"}],"wp:featuredmedia":[{"embeddable":true,"href":"https:\/\/aconteceunovale.com.br\/portal\/index.php?rest_route=\/wp\/v2\/media\/37641"}],"wp:attachment":[{"href":"https:\/\/aconteceunovale.com.br\/portal\/index.php?rest_route=%2Fwp%2Fv2%2Fmedia&parent=37636"}],"wp:term":[{"taxonomy":"category","embeddable":true,"href":"https:\/\/aconteceunovale.com.br\/portal\/index.php?rest_route=%2Fwp%2Fv2%2Fcategories&post=37636"},{"taxonomy":"post_tag","embeddable":true,"href":"https:\/\/aconteceunovale.com.br\/portal\/index.php?rest_route=%2Fwp%2Fv2%2Ftags&post=37636"}],"curies":[{"name":"wp","href":"https:\/\/api.w.org\/{rel}","templated":true}]}}